{"id":322190,"date":"2026-01-25T04:57:22","date_gmt":"2026-01-25T04:57:22","guid":{"rendered":"https:\/\/www.europesays.com\/it\/322190\/"},"modified":"2026-01-25T04:57:22","modified_gmt":"2026-01-25T04:57:22","slug":"schindlers-list-stasera-in-tv-da-chi-e-diventato-famoso-a-chi-non-ce-piu-ecco-cosa-e-successo-a-tutti-i-protagonisti","status":"publish","type":"post","link":"https:\/\/www.europesays.com\/it\/322190\/","title":{"rendered":"\u00abSchindler&#8217;s List\u00bb, stasera in tv: da chi \u00e8 diventato famoso a chi non c&#8217;\u00e8 pi\u00f9, ecco cosa \u00e8 successo a tutti i protagonisti"},"content":{"rendered":"<p>Copyright\u00a02025\u00a0\u00a9 RCS Mediagroup S.p.a. Tutti i diritti sono riservati | <a class=\"link\" title=\"Data Mining Policy\" href=\"https:\/\/www.corriere.it\/data_mining_policy.shtml\" rel=\"nofollow noopener\" target=\"_blank\">Data Mining Policy<\/a> | <a class=\"link\" title=\"CAIRORCS MEDIA SpA - Direzione Pubblicit\u00e0 \" href=\"https:\/\/www.cairorcsmedia.it\/?intcmp=fontecorriere\" rel=\"nofollow noopener\" target=\"_blank\">Per la pubblicit\u00e0 : CAIRORCS MEDIA SpA &#8211; Direzione Pubblicit\u00e0<\/a><br \/>RCS MediaGroup S.p.A. &#8211; Divisione Quotidiani Sede legale: via Angelo Rizzoli, 8 &#8211; 20132 Milano | Capitale sociale: Euro 270.000.000,00<br \/>Codice Fiscale, Partita I.V.A. e Iscrizione al Registro delle Imprese di Milano n.12086540155 | R.E.A. di Milano: 1524326 | ISSN 2499-0485<\/p>\n","protected":false},"excerpt":{"rendered":"Copyright\u00a02025\u00a0\u00a9 RCS Mediagroup S.p.a. Tutti i diritti sono riservati | Data Mining Policy | Per la pubblicit\u00e0 :&hellip;\n","protected":false},"author":3,"featured_media":322191,"comment_status":"","ping_status":"","sticky":false,"template":"","format":"standard","meta":{"footnotes":"","_share_on_mastodon":"0"},"categories":[1444],"tags":[1495,189619,189620,2382,85240,7738,4072,14610,189624,391,189625,2304,12292,45897,189626,1902,189627,41727,6749,640,121936,8347,2944,790,71749,189628,189629,32325,5631,11720,189630,189631,189632,116719,189633,203,2290,189616,189634,189635,22347,181251,454,189636,189637,1426,2614,784,5379,189621,189622,12053,5560,8311,204,1537,90,4945,89,19207,7219,148523,2197,2051,189623,30386,20085,44589,651,189617,189618,8325,655,12066,31605,10600,160402,189615,8309,8317,8318,1567,628,253,409],"class_list":["post-322190","post","type-post","status-publish","format-standard","has-post-thumbnail","category-tv","tag-altre","tag-amon","tag-amon-goeth","tag-attore","tag-attore-protagonista","tag-attrice","tag-azienda","tag-beatrice","tag-beatrice-macola","tag-ben","tag-ben-kingsley","tag-britannico","tag-cameriera","tag-caroline","tag-caroline-goodall","tag-carriera","tag-carriera-ottenuto","tag-cavaliere","tag-celebre","tag-cinema","tag-cinema-film","tag-cinema-recitando","tag-conto","tag-corso","tag-corso-carriera","tag-corso-carriera-ottenuto","tag-davidtz","tag-debuttato","tag-diretta","tag-ebrei","tag-ebrei-salvati","tag-embeth","tag-embeth-davidtz","tag-emilie","tag-emilie-schindler","tag-entertainment","tag-esordito","tag-esordito-cinema","tag-esordito-cinema-film","tag-esordito-cinema-recitando","tag-famosi","tag-fiennes","tag-film","tag-film-steven","tag-film-steven-spielberg","tag-finale","tag-gennaio","tag-gerusalemme","tag-girato","tag-goeth","tag-goodall","tag-helen","tag-imprenditore","tag-interpreta","tag-intrattenimento","tag-it","tag-italia","tag-italiana","tag-italy","tag-liam","tag-liam-neeson","tag-list","tag-miglior","tag-migliore","tag-migliore-attore","tag-nazista","tag-neeson","tag-nomination","tag-oscar","tag-oskar","tag-oskar-schindler","tag-pellicola","tag-protagonista","tag-recitando","tag-recitato","tag-regia","tag-schindler","tag-schindler-list","tag-spielberg","tag-steven","tag-steven-spielberg","tag-storia","tag-the","tag-tv","tag-ufficiale"],"share_on_mastodon":{"url":"","error":"Validation failed: Text character limit of 500 exceeded"},"_links":{"self":[{"href":"https:\/\/www.europesays.com\/it\/wp-json\/wp\/v2\/posts\/322190","targetHints":{"allow":["GET"]}}],"collection":[{"href":"https:\/\/www.europesays.com\/it\/wp-json\/wp\/v2\/posts"}],"about":[{"href":"https:\/\/www.europesays.com\/it\/wp-json\/wp\/v2\/types\/post"}],"author":[{"embeddable":true,"href":"https:\/\/www.europesays.com\/it\/wp-json\/wp\/v2\/users\/3"}],"replies":[{"embeddable":true,"href":"https:\/\/www.europesays.com\/it\/wp-json\/wp\/v2\/comments?post=322190"}],"version-history":[{"count":0,"href":"https:\/\/www.europesays.com\/it\/wp-json\/wp\/v2\/posts\/322190\/revisions"}],"wp:featuredmedia":[{"embeddable":true,"href":"https:\/\/www.europesays.com\/it\/wp-json\/wp\/v2\/media\/322191"}],"wp:attachment":[{"href":"https:\/\/www.europesays.com\/it\/wp-json\/wp\/v2\/media?parent=322190"}],"wp:term":[{"taxonomy":"category","embeddable":true,"href":"https:\/\/www.europesays.com\/it\/wp-json\/wp\/v2\/categories?post=322190"},{"taxonomy":"post_tag","embeddable":true,"href":"https:\/\/www.europesays.com\/it\/wp-json\/wp\/v2\/tags?post=322190"}],"curies":[{"name":"wp","href":"https:\/\/api.w.org\/{rel}","templated":true}]}}