{"id":322247,"date":"2026-01-25T06:18:15","date_gmt":"2026-01-25T06:18:15","guid":{"rendered":"https:\/\/www.europesays.com\/it\/322247\/"},"modified":"2026-01-25T06:18:15","modified_gmt":"2026-01-25T06:18:15","slug":"the-pitt-2-intervista-a-noah-wyle","status":"publish","type":"post","link":"https:\/\/www.europesays.com\/it\/322247\/","title":{"rendered":"The Pitt 2: intervista a Noah Wyle"},"content":{"rendered":"<p>\n                              <strong>DOPO IL TRIONFO DELLA PRIMA STAGIONE<\/strong> (su sky e NOW), <a href=\"https:\/\/style.corriere.it\/spettacoli\/tv\/come-the-pitt-2-emergenza-fuochi-dartificio-e-adrenalina-nel-turno-piu-esplosivo-dellanno\/\" rel=\"nofollow noopener\" target=\"_blank\"><strong>The Pitt 2<\/strong><strong> (recensione)<\/strong><\/a> non ha deluso le aspettative (altissime): anzi. HBO Italia l&#8217;ha lanciata il 13 gennaio, giorno in cui la nuova piattaforma \u00e8 sbarcata nel nostro Paese: da allora l<strong>a seconda stagione dell&#8217;adrenalinico medical drama<\/strong> continua a conquistare pubblico e critica. Aggiungete le <strong>vittorie ai Golden Globe<\/strong>, della serie e del suo protagonista\/produttore esecutivo\/anima: <strong>Noah Wyle, tra gli ospiti della puntata di Che tempo che fa domenica 25 gennaio.<\/strong><br \/>La seconda stagione di The Pitt insomma ha mantenuto le promesse dell&#8217;esordio. Il medical drama che ha riportato in corsia i produttori di ER &#8211; Medici in prima linea (R. Scott Gemmill e John Wells) e soprattutto l&#8217;ex dottor Carter, Noah\u00a0Wyle, continua a fare incetta di premi e pubblico con questi <strong>nuovi 15 episodi<\/strong>.<br \/>Inevitabile per\u00f2 il confronto con <strong>ER (liberamente ispirata al romanzo di Michael Crichton, fu prodotta dal 1994 al 2009)<\/strong>. A cui <strong>Noah Wyle che all&#8217;epoca era il &#8220;novellino&#8221; Dottor Carter e qui \u00e8 &#8220;l&#8217;anziano&#8221; \u00a0dottor Michael &#8220;Robby&#8221; Robinavitch<\/strong> risponde cos\u00ec: \u00abRobby non \u00e8 una versione pi\u00f9 matura del dottor Carter &#8211; racconta Wyle, in un&#8217;intervista all&#8217;ANSA a Los Angeles riferendosi al timido specializzando che interpretava nella popolare serie di circa 30 anni fa -. <strong>Carter era nato nel privilegio<\/strong> e sentiva di dover dimostrare che il valore non arrivava per diritto di nascita. <strong>Robby non \u00e8 cresciuto in una bolla<\/strong>. Ha una sensibilit\u00e0 molto pi\u00f9 da classe operaia, un percorso pi\u00f9 duro e una vita pi\u00f9 isolata. Ma questo \u00e8 insostenibile e mostra che in realt\u00e0 ha perso l&#8217;equilibrio\u00bb.\n                          <\/p>\n","protected":false},"excerpt":{"rendered":"DOPO IL TRIONFO DELLA PRIMA STAGIONE (su sky e NOW), The Pitt 2 (recensione) non ha deluso le&hellip;\n","protected":false},"author":3,"featured_media":322248,"comment_status":"","ping_status":"","sticky":false,"template":"","format":"standard","meta":{"footnotes":"","_share_on_mastodon":"0"},"categories":[1444],"tags":[36661,934,3071,24427,189647,34130,189648,189649,15696,203,84276,2614,204,1537,90,89,57566,189650,1949,43037,84280,22340,189646,577,628,83979,253,84277],"class_list":["post-322247","post","type-post","status-publish","format-standard","has-post-thumbnail","category-tv","tag-carter","tag-continua","tag-cresciuto","tag-dottor","tag-dottor-carter","tag-dr","tag-dr-carter","tag-dr-robby","tag-drama","tag-entertainment","tag-er","tag-gennaio","tag-intrattenimento","tag-it","tag-italia","tag-italy","tag-medical","tag-medical-drama","tag-michael","tag-noah","tag-noah-wyle","tag-pitt","tag-robby","tag-stagione","tag-the","tag-the-pitt","tag-tv","tag-wyle"],"share_on_mastodon":{"url":"https:\/\/pubeurope.com\/@it\/115954286732194984","error":""},"_links":{"self":[{"href":"https:\/\/www.europesays.com\/it\/wp-json\/wp\/v2\/posts\/322247","targetHints":{"allow":["GET"]}}],"collection":[{"href":"https:\/\/www.europesays.com\/it\/wp-json\/wp\/v2\/posts"}],"about":[{"href":"https:\/\/www.europesays.com\/it\/wp-json\/wp\/v2\/types\/post"}],"author":[{"embeddable":true,"href":"https:\/\/www.europesays.com\/it\/wp-json\/wp\/v2\/users\/3"}],"replies":[{"embeddable":true,"href":"https:\/\/www.europesays.com\/it\/wp-json\/wp\/v2\/comments?post=322247"}],"version-history":[{"count":0,"href":"https:\/\/www.europesays.com\/it\/wp-json\/wp\/v2\/posts\/322247\/revisions"}],"wp:featuredmedia":[{"embeddable":true,"href":"https:\/\/www.europesays.com\/it\/wp-json\/wp\/v2\/media\/322248"}],"wp:attachment":[{"href":"https:\/\/www.europesays.com\/it\/wp-json\/wp\/v2\/media?parent=322247"}],"wp:term":[{"taxonomy":"category","embeddable":true,"href":"https:\/\/www.europesays.com\/it\/wp-json\/wp\/v2\/categories?post=322247"},{"taxonomy":"post_tag","embeddable":true,"href":"https:\/\/www.europesays.com\/it\/wp-json\/wp\/v2\/tags?post=322247"}],"curies":[{"name":"wp","href":"https:\/\/api.w.org\/{rel}","templated":true}]}}