{"id":322696,"date":"2026-01-25T13:54:10","date_gmt":"2026-01-25T13:54:10","guid":{"rendered":"https:\/\/www.europesays.com\/it\/322696\/"},"modified":"2026-01-25T13:54:10","modified_gmt":"2026-01-25T13:54:10","slug":"mia-figlia-e-in-ospedale-lo-sfogo-ero-esasperato-poi-lappello-alla-politica","status":"publish","type":"post","link":"https:\/\/www.europesays.com\/it\/322696\/","title":{"rendered":"&#8220;Mia figlia \u00e8 in ospedale. Lo sfogo? Ero esasperato&#8221;. Poi l&#8217;appello alla politica"},"content":{"rendered":"<p>Matteo Giunta \u00e8 arrabbiato. Era chiaro fin da quando pochi giorni fa aveva scritto su Instagram \u201c<a href=\"https:\/\/www.today.it\/gossip\/vip\/matteo-giunta-denuncia-figlia-ospedale-malata.html\" rel=\"nofollow noopener\" target=\"_blank\">Siete degli irresponsabili pezzi di me**a<\/a>\u201d, in riferimento ai genitori che mandano i figli all&#8217;asilo e a scuola malati.\u00a0<\/p>\n<p>Una rabbia che non passa, anche perch\u00e9 sua figlia <a href=\"https:\/\/www.today.it\/gossip\/vip\/matteo-giunta-denuncia-figlia-ospedale-malata.html\" rel=\"nofollow noopener\" target=\"_blank\">Matilde \u00e8 stata ricoverata in ospedale<\/a>: \u201cQuando ho postato quella frase ero esasperato. Mia figlia \u00e8 stata ricoverata due volte in una settimana. E non sono riuscito pi\u00f9 a trattenermi\u201d, ha spiegato al Corriere della Sera l&#8217;allenatore e preparatore atletico.<\/p>\n<p>Una rabbia condivisa dalla moglie, Federica Pellegrini, la quale a sua volta sui social aveva scritto di dover annullare tutti gli impegni della settimana proprio per stare vicino alla figlia che si trovava in ospedale. \u201cSettimana difficile, molto\u201d, aveva scritto la campionessa olimpica che \u00e8 <a href=\"https:\/\/www.today.it\/gossip\/vip\/federica-pellegrini-palestra-gravidanza-polemica.html\" rel=\"nofollow noopener\" target=\"_blank\">incinta al settimo mese di gravidanza<\/a>. \u201cDa due giorni non si muove dal letto della figlia\u201d, fa sapere il quotidiano, in quanto Matilde \u00e8 \u201cricoverata per complicazioni respiratorie dopo un nuovo episodio di convulsioni febbrili\u201d. Era successo anche a dicembre.<\/p>\n<p>\u201cUn\u2019altra corsa in ospedale. Un\u2019altra volta. <a href=\"https:\/\/www.today.it\/gossip\/vip\/federica-pellegrini-ospedale-figlia-foto.html\" rel=\"nofollow noopener\" target=\"_blank\">A dicembre aveva avuto le convulsioni<\/a>, con conseguente ricovero. Ogni volta \u00e8 uno strazio. I pediatri possono spiegarti cento volte che \u00e8 una condizione piuttosto frequente nei bambini, ma viverlo \u00e8 un\u2019altra cosa\u201d, ha spiegato Giunta.<\/p>\n<p>Le reazioni dopo il suo sfogo<\/p>\n<p>Dopo il suo sfogo su Instagram sono stati in molti a scrivergli. \u201cMi hanno scritto tante educatrici e maestre. Non per criticarmi, ma per ringraziarmi\u201d, ha sottolineato l&#8217;allenatore di nuoto, \u201cPerch\u00e9 questo \u00e8 un problema che conoscono benissimo. E che si portano dietro da sempre: bambini lasciati a scuola anche con la febbre o con altri sintomi, senza alcun controllo medico. E chi paga? Gli altri bambini, le famiglie, le insegnanti\u201d.<\/p>\n<p>\u201cVoglio essere chiaro: capisco perfettamente che ci siano famiglie in difficolt\u00e0, che non possono assentarsi dal lavoro quando un figlio si ammala &#8211; ci ha tenuto a precisare Giuta -. Ma quelle stesse famiglie dovrebbero pensare che ci sono altri genitori nella loro stessa situazione. Che magari non hanno alternative nemmeno loro. E che si ritrovano il figlio a casa con 40 di febbre per una decisione altrui. Se viviamo in una comunit\u00e0, dobbiamo comportarci di conseguenza. E invece spesso prevale l\u2019egoismo\u201d.<\/p>\n<p><a href=\"https:\/\/www.today.it\/attualita\/bassetti-federica-pellegrini-bambini-febbre-scuola.html\" target=\"_blank\" rel=\"nofollow noopener\">Bassetti: &#8220;Federica Pellegrini ha ragione, i genitori che mandano a scuola i figli con la febbre sono dei pezzi di m**da&#8221;<\/a>Giunta: \u201cRifarei tutto, ma eviterei l&#8217;insulto\u201d<\/p>\n<p>Giunta non si pente di aver scritto quello che ha scritto, \u201cforse oggi eviterei di riscrivere l\u2019insulto, ma in quel momento ero un padre arrabbiato, con la figlia in ospedale, e ho scritto come mi veniva. Perch\u00e9 non sono un robot. Ho reagito d\u2019istinto, come chiunque si trovi con l\u2019acqua alla gola. Probabilmente se ne \u00e8 parlato anche, o soprattutto, perch\u00e9 ho usato una parolaccia, toccando un tasto dolente per molte famiglie\u201d.<\/p>\n<p>\u201cDopo la pandemia sembrava che avessimo imparato qualcosa: allora bastava starnutire per restare a casa. Ora siamo all\u2019estremo opposto: bambini con febbre, tosse, raffreddore, mandati a scuola come niente fosse. Ma davvero possiamo dire che va tutto bene? Dal Covid non abbiamo imparato nulla. Oggi in molti asili, se il bambino non ha pi\u00f9 di 38 di febbre, resta in classe con gli altri &#8211; denuncia ancora -. Non serve nemmeno pi\u00f9 il certificato medico per rientrare. Le maestre del nido che frequenta mia figlia me l\u2019hanno scritto: sono allo stremo. Perch\u00e9 devono accogliere tutti, anche chi dovrebbe restare a casa. E il rischio di contagio lo pagano tutti: loro, le famiglie, i nonni a casa, le persone con patologie e i bambini pi\u00f9 fragili\u201d.<\/p>\n<p><a href=\"https:\/\/www.today.it\/gossip\/vip\/federica-pellegrini-ospedale-figlia-foto.html\" target=\"_blank\" rel=\"nofollow noopener\">Federica Pellegrini in ospedale con la figlia: &#8220;Convulsioni febbrili, \u00e8 andata in blocco. Matteo \u00e8 arrivato dalla Polonia di corsa&#8221;<\/a>\u00a0L&#8217;appello alla politica<\/p>\n<p>\u201cForse non cambier\u00e0 nulla, ma almeno se n\u2019\u00e8 parlato. Magari qualcuno, la prossima volta, ci penser\u00e0 due volte prima di portare un bambino malato all\u2019asilo\u201d, ha aggiunto ancora. Poi ha lanciato un appello alla politica: \u201cSarebbe ora di aprire un tavolo politico, a livello nazionale, su come sostenere davvero i genitori che non possono assentarsi dal lavoro e che non hanno alternative\u201d.<\/p>\n","protected":false},"excerpt":{"rendered":"Matteo Giunta \u00e8 arrabbiato. Era chiaro fin da quando pochi giorni fa aveva scritto su Instagram \u201cSiete degli&hellip;\n","protected":false},"author":3,"featured_media":322697,"comment_status":"","ping_status":"","sticky":false,"template":"","format":"standard","meta":{"footnotes":"","_share_on_mastodon":"0"},"categories":[1451],"tags":[1621,1620,203,16127,189889,204,1537,90,89,123376],"class_list":["post-322696","post","type-post","status-publish","format-standard","has-post-thumbnail","category-celebrita","tag-celebrita","tag-celebrities","tag-entertainment","tag-federica-pellegrini","tag-figlia-ospedale","tag-intrattenimento","tag-it","tag-italia","tag-italy","tag-matteo-giunta"],"share_on_mastodon":{"url":"https:\/\/pubeurope.com\/@it\/115956080715743310","error":""},"_links":{"self":[{"href":"https:\/\/www.europesays.com\/it\/wp-json\/wp\/v2\/posts\/322696","targetHints":{"allow":["GET"]}}],"collection":[{"href":"https:\/\/www.europesays.com\/it\/wp-json\/wp\/v2\/posts"}],"about":[{"href":"https:\/\/www.europesays.com\/it\/wp-json\/wp\/v2\/types\/post"}],"author":[{"embeddable":true,"href":"https:\/\/www.europesays.com\/it\/wp-json\/wp\/v2\/users\/3"}],"replies":[{"embeddable":true,"href":"https:\/\/www.europesays.com\/it\/wp-json\/wp\/v2\/comments?post=322696"}],"version-history":[{"count":0,"href":"https:\/\/www.europesays.com\/it\/wp-json\/wp\/v2\/posts\/322696\/revisions"}],"wp:featuredmedia":[{"embeddable":true,"href":"https:\/\/www.europesays.com\/it\/wp-json\/wp\/v2\/media\/322697"}],"wp:attachment":[{"href":"https:\/\/www.europesays.com\/it\/wp-json\/wp\/v2\/media?parent=322696"}],"wp:term":[{"taxonomy":"category","embeddable":true,"href":"https:\/\/www.europesays.com\/it\/wp-json\/wp\/v2\/categories?post=322696"},{"taxonomy":"post_tag","embeddable":true,"href":"https:\/\/www.europesays.com\/it\/wp-json\/wp\/v2\/tags?post=322696"}],"curies":[{"name":"wp","href":"https:\/\/api.w.org\/{rel}","templated":true}]}}