{"id":323316,"date":"2026-01-25T23:01:09","date_gmt":"2026-01-25T23:01:09","guid":{"rendered":"https:\/\/www.europesays.com\/it\/323316\/"},"modified":"2026-01-25T23:01:09","modified_gmt":"2026-01-25T23:01:09","slug":"maignan-para-e-de-winter-illude-il-milan-pellegrini-pareggia-la-roma-ferma-allegri-a-5-dallinter","status":"publish","type":"post","link":"https:\/\/www.europesays.com\/it\/323316\/","title":{"rendered":"Maignan para e De Winter illude il Milan, Pellegrini pareggia: la Roma ferma Allegri, a -5 dall&#8217;Inter"},"content":{"rendered":"<p>    di<br \/>\n    Carlos Passerini<\/p>\n<p class=\"summary-art is-line-h-12\">Il Milan a Roma soffre contro la squadra di Gasperini, poi colpisce in avvio di ripresa con De Winter. Pellegrini per\u00f2 trasforma il primo rigore contro i rossoneri della stagione. Finisce 1-1 e Allegri non tiene la scia dell&#8217;Inter<\/p>\n<p class=\"chapter-paragraph\">Finisce con <b>un pari che fa comodo soprattutto all\u2019Inter<\/b>, ora in <b>fuga a +5 sul Milan<\/b>. Il solco c\u2019\u00e8, \u00e8 la <b>prima spallata al campionato<\/b>, ma la sensazione, dopo <a href=\"https:\/\/www.corriere.it\/sport\/calcio\/serie-a\/partita\/roma-milan\/2558725\/\" title=\"Roma-Milan, 22\u00aa giornata di serie A: la cronaca\" target=\"_blank\" rel=\"nofollow noopener\">questo 1-1 dell\u2019Olimpico<\/a>, \u00e8 che il <b>lungo derby milanese per lo scudetto<\/b> sia comunque <b>ancora aperto<\/b>.\u00a0<\/p>\n<p class=\"chapter-paragraph\"><b>I rossoneri rallentano<\/b>, non tengono il <a href=\"https:\/\/www.corriere.it\/sport\/calcio\/serie-a\/26_gennaio_23\/inter-pisa-risultato-214feb00-178e-4177-ba24-ae46c1ac3xlk.shtml\" title=\"Inter-Pisa 6-2, super rimonta nerazzurra dopo gli errori di Sommer: Chivu prova un&#039;altra fuga\" target=\"_blank\" rel=\"nofollow noopener\">passo della capolista<\/a>, <b>ma infilano il 21\u00b0 risultato utile consecutivo<\/b>  \u2014 \u00e8 la <b>striscia aperta pi\u00f9 lunga d\u2019Europa<\/b> \u2014 e danno ancora una volta <b>prova di solidit\u00e0<\/b>: subiscono per tutto il primo tempo l\u2019assalto di una Roma aggressiva, dominante, sempre pi\u00f9 \u00abgasperiniana\u00bb, per poi <b>passare alla prima occasione con De Winter<\/b> e venire ripresi infine da un rigore di Pellegrini, che cristallizza cos\u00ec il <b>primo pareggio stagionale dei giallorossi<\/b>, ora <a href=\"https:\/\/www.corriere.it\/sport\/calcio\/serie-a\/26_gennaio_25\/juventus-napoli-risultato-1bff45e3-ab9e-4dba-b211-07dee3959xlk.shtml\" title=\"Juventus-Napoli 3-0: Spalletti domina Conte, gli azzurri scivolano a -9 dall&#039;Inter capolista\" target=\"_blank\" rel=\"nofollow noopener\">appaiati al Napoli <\/a>al terzo posto. Anche il Diavolo  per\u00f2 \u00e8 sempre pi\u00f9 a immagine e somiglianza del suo allenatore, che ha trasmesso alla squadra la sua capacit\u00e0 di soffrire e gestire, resistere e colpire. Il pari serve a difendere il secondo posto in chiave Champions, ma <b>\u00e8 evidente che per provare a colmare il distacco dall\u2019Inter schiacciasassi servir\u00e0 accelerare<\/b>, magari quando i nerazzurri saranno impegnati in coppa. Gi\u00e0 <b>la prossima giornata dir\u00e0 molto<\/b>: <a href=\"https:\/\/www.corriere.it\/sport\/calcio\/serie-a\/partita\/cremonese-inter\/2558731\/\" title=\"Cremonese-Inter, 23\u00aa giornata di serie A: le statistiche\" target=\"_blank\" rel=\"nofollow noopener\">l\u2019Inter va a Cremona<\/a>, il <a href=\"https:\/\/www.corriere.it\/sport\/calcio\/serie-a\/partita\/bologna-milan\/2558728\/\" title=\"Bologna-Milan, 23\u00aa giornata di serie A: le statistiche\" target=\"_blank\" rel=\"nofollow noopener\">Milan a Bologna<\/a>. Una mano dal mercato sarebbe utile.    &#13;<br \/>\n&#13;<br \/>\n&#13;<br \/>\n&#13;<br \/>\n&#13;<br \/>\n&#13;<br \/>\n&#13;<br \/>\n&#13;<br \/>\n&#13;<br \/>\n&#13;<br \/>\n&#13;<br \/>\n&#13;<br \/>\n&#13;<br \/>\n&#13;<br \/>\n&#13;<br \/>\n&#13;<br \/>\n&#13;<br \/>\n&#13;<br \/>\n&#13;<br \/>\n&#13;<br \/>\n&#13;<br \/>\n&#13;<br \/>\n&#13;<br \/>\n&#13;<br \/>\n&#13;<br \/>\n&#13;<br \/>\n&#13;<br \/>\n&#13;<br \/>\n&#13;<br \/>\n&#13;<br \/>\n&#13;<br \/>\n&#13;<br \/>\n&#13;<br \/>\n&#13;<br \/>\n&#13;<br \/>\n&#13;<br \/>\n&#13;<br \/>\n&#13;<br \/>\n&#13;<br \/>\n&#13;<br \/>\n&#13;<br \/>\n&#13;<br \/>\n&#13;<br \/>\n&#13;<br \/>\n&#13;<br \/>\n&#13;<br \/>\n&#13;<br \/>\n&#13;<br \/>\n&#13;<br \/>\n&#13;<br \/>\n&#13;<br \/>\n&#13;<br \/>\n&#13;\n<\/p>\n<p class=\"chapter-paragraph\">Il <b>recupero lampo di Saelemaekers<\/b> dal risentimento muscolare sembrava aver semplificato i piani del tecnico rossonero, ma il belga non \u00e8 ancora al top, si \u00e8 allenato poco, infatti dopo un tempo modesto finisce sotto la doccia. <b>Modric torna invece nel cuore del gioco<\/b> dopo la giornata di riposo: strapper\u00e0 applausi a tutti i 65mila spettatori.\u00a0<\/p>\n<p class=\"chapter-paragraph\"><b>Una delle chiavi tattiche del match \u00e8 proprio la marcatura del campione croato<\/b>: Gasperini gli mette addosso Cristante e Kone, a turno, che per\u00f2 non riescono mai ad acchiapparlo. La classica tattica di Gasp, uomo su uomo a tutto campo. <b>Sotto il diluvio dell\u2019Olimpico, la partita s\u2019incendia <\/b>subito. La <a href=\"https:\/\/www.corriere.it\/sport\/calcio\/europa-league\/26_gennaio_22\/roma-stoccarda-risultato-europa-league-8ccc01c5-b00e-4327-9fcc-8a5a27b19xlk.shtml\" title=\"Roma-Stoccarda risultato 2-0: Pisilli lancia Gasperini, ottavi possibili\" target=\"_blank\" rel=\"nofollow noopener\">vittoria con lo Stoccarda<\/a> in Europa League ottenuta con diverse seconde linee ha confermato la variet\u00e0 della rosa e degli insegnamenti di Gasperini, che a fine gara sorride: \u00abNe usciamo pi\u00f9 forti\u00bb.\u00a0<\/p>\n<p class=\"chapter-paragraph\"><b>Nel primo tempo le occasioni migliori sono per Malen, che sbaglia troppo<\/b>. Maignan \u00e8 super, ancora una volta. Molto meglio la Roma nel primo tempo, <b>il Milan abbassa i ritmi, per poi alzarli nel secondo<\/b>. E, come spesso capita, \u00e8 l\u00ec che la partita gira. Segna  De Winter, prima del <b>rigore di Pellegrini<\/b>. La Roma nel finale ne reclama un altro per tocco di Pulisic, ma per l\u2019arbitro Colombo la giocata di Wesley era troppo ravvicinata.<\/p>\n<p class=\"chapter-paragraph\">Finisce pari. A vincere, stavolta, \u00e8 l\u2019Inter.<\/p>\n<p class=\"is-last-update\" datetime=\"2026-01-25T23:25:50+01:00\">25 gennaio 2026 ( modifica il 25 gennaio 2026 | 23:25)<\/p>\n<p class=\"is-copyright\">\n            \u00a9 RIPRODUZIONE RISERVATA\n        <\/p>\n","protected":false},"excerpt":{"rendered":"di Carlos Passerini Il Milan a Roma soffre contro la squadra di Gasperini, poi colpisce in avvio di&hellip;\n","protected":false},"author":3,"featured_media":323317,"comment_status":"","ping_status":"","sticky":false,"template":"","format":"standard","meta":{"footnotes":"","_share_on_mastodon":"0"},"categories":[176],"tags":[15930,190210,190211,10920,190212,190213,190214,190215,190216,3076,277,22048,3085,3224,190208,5301,5183,350,1537,90,89,13200,553,20400,14711,1290,19089,3242,190209,987,3094,245,244,1857,21742,23535],"class_list":["post-323316","post","type-post","status-publish","format-standard","has-post-thumbnail","category-sport","tag-abbassa","tag-abbassa-ritmi","tag-abbassa-ritmi-alzarli","tag-accelerare","tag-accelerare-nerazzurri","tag-accelerare-nerazzurri-impegnati","tag-acchiapparlo","tag-acchiapparlo-classica","tag-acchiapparlo-classica-tattica","tag-allegri","tag-de","tag-de-winter","tag-europa","tag-finisce","tag-finisce-pari","tag-gasperini","tag-giornata","tag-inter","tag-it","tag-italia","tag-italy","tag-maignan","tag-milan","tag-olimpico","tag-pari","tag-partita","tag-pellegrini","tag-rigore","tag-rigore-pellegrini","tag-roma","tag-rossoneri","tag-sport","tag-sports","tag-squadra","tag-utile","tag-winter"],"share_on_mastodon":{"url":"","error":"Validation failed: Text character limit of 500 exceeded"},"_links":{"self":[{"href":"https:\/\/www.europesays.com\/it\/wp-json\/wp\/v2\/posts\/323316","targetHints":{"allow":["GET"]}}],"collection":[{"href":"https:\/\/www.europesays.com\/it\/wp-json\/wp\/v2\/posts"}],"about":[{"href":"https:\/\/www.europesays.com\/it\/wp-json\/wp\/v2\/types\/post"}],"author":[{"embeddable":true,"href":"https:\/\/www.europesays.com\/it\/wp-json\/wp\/v2\/users\/3"}],"replies":[{"embeddable":true,"href":"https:\/\/www.europesays.com\/it\/wp-json\/wp\/v2\/comments?post=323316"}],"version-history":[{"count":0,"href":"https:\/\/www.europesays.com\/it\/wp-json\/wp\/v2\/posts\/323316\/revisions"}],"wp:featuredmedia":[{"embeddable":true,"href":"https:\/\/www.europesays.com\/it\/wp-json\/wp\/v2\/media\/323317"}],"wp:attachment":[{"href":"https:\/\/www.europesays.com\/it\/wp-json\/wp\/v2\/media?parent=323316"}],"wp:term":[{"taxonomy":"category","embeddable":true,"href":"https:\/\/www.europesays.com\/it\/wp-json\/wp\/v2\/categories?post=323316"},{"taxonomy":"post_tag","embeddable":true,"href":"https:\/\/www.europesays.com\/it\/wp-json\/wp\/v2\/tags?post=323316"}],"curies":[{"name":"wp","href":"https:\/\/api.w.org\/{rel}","templated":true}]}}