{"id":323467,"date":"2026-01-26T01:20:13","date_gmt":"2026-01-26T01:20:13","guid":{"rendered":"https:\/\/www.europesays.com\/it\/323467\/"},"modified":"2026-01-26T01:20:13","modified_gmt":"2026-01-26T01:20:13","slug":"con-un-cane-al-fianco-il-casco-dellencefalogramma-non-fa-piu-paura-cosi-la-pet-therapy-da-coraggio-ai-bambini","status":"publish","type":"post","link":"https:\/\/www.europesays.com\/it\/323467\/","title":{"rendered":"Con un cane al fianco, il casco dell&#8217;encefalogramma non fa pi\u00f9 paura. Cos\u00ec la pet therapy d\u00e0 coraggio ai bambini"},"content":{"rendered":"<p>    di<br \/>\n    Manuela Porta<\/p>\n<p class=\"summary-art is--xlarge is-mr-b-25\">Il progetto di Frida&#8217;s Friends per l&#8217;assistenza ai piccoli ospiti del Fatebenefratelli Sacco di Milano  affetti da malattie neurologiche<\/p>\n<p class=\"chapter-paragraph\">Alla Casa Pediatrica dell\u2019Ospedale Fatebenefratelli Sacco di Milano <b>Frida\u2019s Friends<\/b> onlus (<a href=\"http:\/\/www.fridasfriends.it\" rel=\"nofollow noopener\" target=\"_blank\">www.fridasfriends.it<\/a>) \u00e8 da qualche giorno presente, su richiesta della dottoressa <b>Berenice Merlini<\/b>, per offrire un sostegno di terapia assistita, grazie ai propri cani e i loro coadiutori, anche ai bambini affetti da epilessia e altre problematiche neurologiche.<\/p>\n<p class=\"chapter-paragraph\">\u00abIl primo approccio con questa tipologia di problematiche assolutamente delicate &#8211; spiega <b>Mario Colombo<\/b>, presidente di\u00a0 Frida\u2019s &#8211; \u00e8 avvenuto un anno fa circa, nella stessa sede ospedaliera, dimostrando quanto la pet therapy possa essere di estrema efficacia anche nelle situazioni pi\u00f9 complesse e delicate\u00bb. \u00abLa nostra equipe con i rispettivi cani &#8211; continua Colombo &#8211; entra in contatto con situazioni difficili, sia a livello fisico che psicologico. In questo caso si tratta, come dicevo, di <b>bambini molto compromessi<\/b>, affetti da <b>ritardi cognitivi<\/b>, <b>autismo<\/b> e altre <b>patologie del sistema nervoso<\/b>\u00bb.    &#13;<br \/>\n&#13;<br \/>\n&#13;<br \/>\n&#13;<br \/>\n&#13;<br \/>\n&#13;<br \/>\n&#13;<br \/>\n&#13;<br \/>\n&#13;<br \/>\n&#13;<br \/>\n&#13;<br \/>\n&#13;<br \/>\n&#13;<br \/>\n&#13;<br \/>\n&#13;<br \/>\n&#13;<br \/>\n&#13;<br \/>\n&#13;<br \/>\n&#13;<br \/>\n&#13;<br \/>\n&#13;<br \/>\n&#13;<br \/>\n&#13;<br \/>\n&#13;<br \/>\n&#13;<br \/>\n&#13;<br \/>\n&#13;<br \/>\n&#13;<br \/>\n&#13;<br \/>\n&#13;<br \/>\n&#13;<br \/>\n&#13;<br \/>\n&#13;<br \/>\n&#13;<br \/>\n&#13;<br \/>\n&#13;<br \/>\n&#13;<br \/>\n&#13;<br \/>\n&#13;<br \/>\n&#13;<br \/>\n&#13;<br \/>\n&#13;<br \/>\n&#13;<br \/>\n&#13;<br \/>\n&#13;<br \/>\n&#13;<br \/>\n&#13;<br \/>\n&#13;<br \/>\n&#13;<br \/>\n&#13;<br \/>\n&#13;<br \/>\n&#13;<br \/>\n&#13;\n<\/p>\n<p class=\"chapter-paragraph\">Questo quadro clinico prevede spesso esami di diagnostica lunghi ed impegnativi per i piccoli pazienti dal punto psicologico, con un incremento degli stati ansiosi. Ma ecco che, grazie ai nostri amici a quattro zampe, la realt\u00e0 supera addirittura la fantasia. \u00ab<b>I nostri cani assistono i bambini durante gli esami pi\u00f9 difficili<\/b> &#8211; racconta Colombo -. Durante l\u2019<b>encefalogramma<\/b>, ad esempio, effettuato attraverso un casco pieno di elettrodi da indossare i bambini si spaventano. La presenza del cane accanto a loro da accarezzare, al contrario, placa immediatamente ogni loro timore. Incredibile, ma vero\u00bb.<\/p>\n<p class=\"chapter-paragraph\">Frida\u2019s Friends ha creduto fortemente in questo progetto finanziandone i primi 4 mesi fiduciosi in un sostegno per poter proseguire. Ogni settimana, il marted\u00ec mattina, l\u2019equipe Frida\u2019s si occupa di due o tre bambini, ognuno assistito a seconda della propria problematica ed affiancato dal cane durante le varie terapie e screening. Si tratta di un\u2019 assistenza mirata al singolo caso e agli esami da fare, su cui l\u2019equipe viene appunto informata preventivamente.<\/p>\n<p class=\"chapter-paragraph\">\u00abOggi, ad esempio, c\u2019erano due bambini dal profilo autistico, le mamme erano contrarie alla presenza dei cani poich\u00e9 convinte potessero suscitare il timore dei figli: al contrario la presenza dell\u2019animale ha rasserenato i bambini davanti allo stupore dei genitori. Tutto merito di <b>Ginger<\/b>, la mix Golden Retriever sempre presente con <b>Caterina<\/b>, la sua coadiutrice, ma ci tengo a ricordare che <b>nella pet therapy la razza non \u00e8 discriminante<\/b>, basta che tra paziente e animale si crei empatia e che l\u2019operatore funga da ponte tra loro e allora non c\u2019\u00e8 pi\u00f9 spazio per le parole\u00bb conclude\u00a0 Colombo.<\/p>\n<p>        <img decoding=\"async\" class=\"is_full_image\" loading=\"lazy\" alt=\"Con un cane al fianco, il casco dell'encefalogramma non fa pi\u00f9 paura. Cos\u00ec la pet therapy d\u00e0 coraggio ai bambini\" src=\"https:\/\/www.europesays.com\/it\/wp-content\/uploads\/2026\/01\/6975d89f29d14.jpeg\" data-full-src=\"https:\/\/www.europesays.com\/it\/wp-content\/uploads\/2026\/01\/6975d89f29d14.jpeg\"\/><\/p>\n<p>Per ricevere tutti gli aggiornamenti sul mondo degli animali<br \/>Iscrivetevi alla <a href=\"https:\/\/www.corriere.it\/newsletter\/?theme=70\" rel=\"nofollow noopener\" target=\"_blank\">newsletter Animali<\/a><\/p>\n<p class=\"is-last-update\" datetime=\"2026-01-25T09:50:10+01:00\">25 gennaio 2026 ( modifica il 25 gennaio 2026 | 09:50)<\/p>\n<p class=\"is-copyright\">\n            \u00a9 RIPRODUZIONE RISERVATA\n        <\/p>\n","protected":false},"excerpt":{"rendered":"di Manuela Porta Il progetto di Frida&#8217;s Friends per l&#8217;assistenza ai piccoli ospiti del Fatebenefratelli Sacco di Milano&hellip;\n","protected":false},"author":3,"featured_media":323468,"comment_status":"","ping_status":"","sticky":false,"template":"","format":"standard","meta":{"footnotes":"","_share_on_mastodon":"0"},"categories":[172],"tags":[178,28974,1495,16442,8152,788,177,100,12804,26703,594,5372,190273,12105,190274,37725,6104,31382,190275,190276,129999,190270,37439,1537,90,89,28,112792,161938,190271,4719,492,8158,74858,190272],"class_list":["post-323467","post","type-post","status-publish","format-standard","has-post-thumbnail","category-affari","tag-affari","tag-affetti","tag-altre","tag-animale","tag-assistenza","tag-bambini","tag-business","tag-cane","tag-cani","tag-casco","tag-colombo","tag-contrario","tag-delicate","tag-difficili","tag-encefalogramma","tag-equipe","tag-esami","tag-fatebenefratelli","tag-fatebenefratelli-sacco","tag-fatebenefratelli-sacco-milano","tag-frida","tag-frida-friends","tag-friends","tag-it","tag-italia","tag-italy","tag-milano","tag-neurologiche","tag-pet","tag-pet-therapy","tag-piccoli","tag-presente","tag-presenza","tag-problematiche","tag-therapy"],"share_on_mastodon":{"url":"","error":"Validation failed: Text character limit of 500 exceeded"},"_links":{"self":[{"href":"https:\/\/www.europesays.com\/it\/wp-json\/wp\/v2\/posts\/323467","targetHints":{"allow":["GET"]}}],"collection":[{"href":"https:\/\/www.europesays.com\/it\/wp-json\/wp\/v2\/posts"}],"about":[{"href":"https:\/\/www.europesays.com\/it\/wp-json\/wp\/v2\/types\/post"}],"author":[{"embeddable":true,"href":"https:\/\/www.europesays.com\/it\/wp-json\/wp\/v2\/users\/3"}],"replies":[{"embeddable":true,"href":"https:\/\/www.europesays.com\/it\/wp-json\/wp\/v2\/comments?post=323467"}],"version-history":[{"count":0,"href":"https:\/\/www.europesays.com\/it\/wp-json\/wp\/v2\/posts\/323467\/revisions"}],"wp:featuredmedia":[{"embeddable":true,"href":"https:\/\/www.europesays.com\/it\/wp-json\/wp\/v2\/media\/323468"}],"wp:attachment":[{"href":"https:\/\/www.europesays.com\/it\/wp-json\/wp\/v2\/media?parent=323467"}],"wp:term":[{"taxonomy":"category","embeddable":true,"href":"https:\/\/www.europesays.com\/it\/wp-json\/wp\/v2\/categories?post=323467"},{"taxonomy":"post_tag","embeddable":true,"href":"https:\/\/www.europesays.com\/it\/wp-json\/wp\/v2\/tags?post=323467"}],"curies":[{"name":"wp","href":"https:\/\/api.w.org\/{rel}","templated":true}]}}