{"id":324419,"date":"2026-01-26T18:53:09","date_gmt":"2026-01-26T18:53:09","guid":{"rendered":"https:\/\/www.europesays.com\/it\/324419\/"},"modified":"2026-01-26T18:53:09","modified_gmt":"2026-01-26T18:53:09","slug":"sara-lanno-delle-donne-dopo-un-podio-2025-tutto-al-maschile-i-nostri-pronostici","status":"publish","type":"post","link":"https:\/\/www.europesays.com\/it\/324419\/","title":{"rendered":"Sar\u00e0 l\u2019anno delle donne, dopo un podio 2025 tutto al maschile. I nostri pronostici"},"content":{"rendered":"<p>Sar\u00e0 l\u2019anno delle donne, finalmente. Dopo un\u2019edizione in cui solo Giorgia (sesta) era riuscita nell\u2019impresa di spezzare il filotto di voci maschili in classifica. Sar\u00e0 l\u2019anno delle donne talentuose e consapevoli: <strong>Levante<\/strong>, <strong>Ditonellapiaga<\/strong> e <strong>Arisa <\/strong>su tutte. Sar\u00e0 l\u2019anno delle donne che non hanno paura di cambiare senza snaturarsi.<\/p>\n<p>E sar\u00e0 anche l\u2019edizione delle belle sorprese per il grande pubblico (mentre chi li ama gi\u00e0 non si stupir\u00e0 affatto) che faranno la fortuna di questo Festival: belle sorprese che portano il nome di <strong>Fulminacci<\/strong>, <strong>Sayf<\/strong>, <strong>Tredici Pietro<\/strong>, <strong>Eddie Brock<\/strong>. Nomi che tra qualche mese diranno molto a tanti: vi ricorda qualcosa Lucio Corsi?<\/p>\n<p>Ritmi latini qua e l\u00e0, country da chi non te lo aspetti, qualche inciso rock, tanto pop e ultra pop, rap in salsa sanremese. Ci sar\u00e0 un po\u2019 di tutto in gara dal 24 al 28 febbraio 2026 in questa 76esima edizione del Festival della canzone italiana, la quinta targata <a href=\"https:\/\/dilei.it\/star-e-vip\/carlo-conti\/\" rel=\"nofollow noopener\" target=\"_blank\">Carlo Conti<\/a>.<\/p>\n<p>Abbiamo un quintetto del cuore, ma ve lo diciamo alla fine. Prima parliamo di una grande occasione persa: <strong>Serena Brancale<\/strong> e la sua \u201cQui con me\u201d dedicata alla mamma scomparsa qualche anno fa. Voce portentosa ma il brano non tocca le corde dell\u2019anima, peccato. Ce la ricorderemo ancora un altro po\u2019 per \u201cAnema e core\u201d.<\/p>\n<p>Menzione speciale a \u201cRomantici\u201d di <strong>Tommaso Paradiso<\/strong>, tornato quello dei tempi migliori, una canzone da cantare a squarciagola, con la pioggia o col sole. Notevole anche \u201cOgni volta che non so volare\u201d di <strong>Enrico Nigiotti<\/strong>, scritta a quattro mani con Pacifico. Nigiotti, eterno ragazzo con la chitarra in spalla, non delude mai. Spicca tra i trenta <strong>Ermal<\/strong> <strong>Meta<\/strong>, uno che non si tappa mai occhi e bocca, con la sua \u201cStella stellina\u201d, tra le pochissime canzoni che guardano in faccia la drammatica realt\u00e0 in cui siamo immersi.<\/p>\n<p>Poi ci sono i grandi ritorni che, francamente, fatichiamo a decifrare: <strong>Raf<\/strong>, <strong>Francesco Renga<\/strong>, <a href=\"https:\/\/dilei.it\/star-e-vip\/patty-pravo\/\" rel=\"nofollow noopener\" target=\"_blank\"><strong>Patty Pravo<\/strong><\/a>, <strong>Malika Ayane<\/strong>. E le canzoni che, al primo ascolto, sentiamo di poter dire non passeranno alla storia della musica: da \u201cVoil\u00e0\u201d di Elettra Lamborghini a \u201cPer sempre s\u00ec\u201d di Sal Da Vinci di cui vi accenniamo qualche passaggio: Io e te per sempre legati per la vita\u2026 con la mano sul petto io te lo prometto davanti a Dio saremo io e te accuss\u00ec sar\u00e0 pe semp s\u00ec. Non ci sentiamo di aggiungere altro se non che gli ingredienti perch\u00e9 spacchi al televoto ci sono tutti.<\/p>\n<p>E sar\u00e0 soprattutto l\u2019edizione dedicata a <strong>Pippo Baudo<\/strong> perch\u00e9 \u2013 parole del direttore artistico \u2013 \u201clui \u00e8 il Festival\u201d. Lo sar\u00e0 nello stile, nel ritmo, nel jingle e nel ricordo di quello che \u00e8 stato per la televisione italiana, per la Rai e per il Festival. \u201cSabato 7 e sabato 14 marzo \u2013 ha annunciato Conti \u2013 faremo due grandi serate su Rai Uno. Si chiameranno Sanremo Top, come le aveva chiamate Pippo. Riporteremo sul palco i trenta cantanti in gara e vedremo, a pochi giorni di distanza, chi \u00e8 in testa alle classifiche\u201d.<\/p>\n<p>Chiudiamo con il nostro quintetto: <strong>Levante<\/strong>, <strong>Tommaso Paradiso<\/strong>, <strong>Sayf<\/strong>, <strong>Ditonellapiaga<\/strong>, <strong>Fedez&amp;Masini<\/strong>. Puntiamo su di loro, anche se per ragioni molto diverse. Di Tommaso Paradiso abbiamo gi\u00e0 scritto poche righe fa. Resta da dire di <strong>Sayf<\/strong>, la sua \u201cTu mi piaci tanto\u201d (Carlo Conti la canticchia gi\u00e0 a memoria, ndr) entra per direttissima tra le bellecose di questa edizione. Non sappiamo dove arriver\u00e0 ma sappiamo che la ascolteremo spesso, e volentieri.<\/p>\n<p>Poi c\u2019\u00e8 \u201cChe fastidio!\u201d di <a href=\"https:\/\/dilei.it\/spettacolo\/sanremo-2026-ditonellapiaga-che-fastidio-testo\/2106847\/\" rel=\"nofollow noopener\" target=\"_blank\"><strong>Ditonellapiaga<\/strong><\/a>. Per noi \u00e8 stato amore al primo ascolto. Uno di quei brani che resta in testa e non se ne va. Sar\u00e0 che \u201csono dell\u2019Acquario\u201d e che \u201cnonostante i corsi di meditazione e di respirazione, non posso sopportare\u2026\u201d una lunga serie di cose. Brava Margherita.<\/p>\n<p>Chi potrebbe vincere? Vorrei tanto fosse <a href=\"https:\/\/dilei.it\/star-e-vip\/levante\/\" rel=\"nofollow noopener\" target=\"_blank\"><strong>Levante<\/strong><\/a> e \u201cSei tu\u201d. Una canzone profondamente sua, parole e musica. Hai scritto una meraviglia Claudia! Ma poi, dopo quasi due ore e mezza di pre-ascolti, arrivano <strong>Fedez e Masini<\/strong>. Il brano \u00e8 un mix perfetto di cose di entrambi gi\u00e0 sentite. Entrambi per\u00f2 sono meno rabbiosi del solito, entrambi sono in versione irresistibilmente sanremese. Rischiano di fare il colpaccio.<\/p>\n","protected":false},"excerpt":{"rendered":"Sar\u00e0 l\u2019anno delle donne, finalmente. Dopo un\u2019edizione in cui solo Giorgia (sesta) era riuscita nell\u2019impresa di spezzare il&hellip;\n","protected":false},"author":3,"featured_media":324420,"comment_status":"","ping_status":"","sticky":false,"template":"","format":"standard","meta":{"footnotes":"","_share_on_mastodon":"0"},"categories":[174],"tags":[53721,5216,203,466,17090,204,1537,90,89,31424,15869,214],"class_list":["post-324419","post","type-post","status-publish","format-standard","has-post-thumbnail","category-intrattenimento","tag-arisa","tag-carlo-conti","tag-entertainment","tag-fedez","tag-festival-di-sanremo","tag-intrattenimento","tag-it","tag-italia","tag-italy","tag-levante","tag-lucio-corsi","tag-spettacolo"],"share_on_mastodon":{"url":"https:\/\/pubeurope.com\/@it\/115962917964876708","error":""},"_links":{"self":[{"href":"https:\/\/www.europesays.com\/it\/wp-json\/wp\/v2\/posts\/324419","targetHints":{"allow":["GET"]}}],"collection":[{"href":"https:\/\/www.europesays.com\/it\/wp-json\/wp\/v2\/posts"}],"about":[{"href":"https:\/\/www.europesays.com\/it\/wp-json\/wp\/v2\/types\/post"}],"author":[{"embeddable":true,"href":"https:\/\/www.europesays.com\/it\/wp-json\/wp\/v2\/users\/3"}],"replies":[{"embeddable":true,"href":"https:\/\/www.europesays.com\/it\/wp-json\/wp\/v2\/comments?post=324419"}],"version-history":[{"count":0,"href":"https:\/\/www.europesays.com\/it\/wp-json\/wp\/v2\/posts\/324419\/revisions"}],"wp:featuredmedia":[{"embeddable":true,"href":"https:\/\/www.europesays.com\/it\/wp-json\/wp\/v2\/media\/324420"}],"wp:attachment":[{"href":"https:\/\/www.europesays.com\/it\/wp-json\/wp\/v2\/media?parent=324419"}],"wp:term":[{"taxonomy":"category","embeddable":true,"href":"https:\/\/www.europesays.com\/it\/wp-json\/wp\/v2\/categories?post=324419"},{"taxonomy":"post_tag","embeddable":true,"href":"https:\/\/www.europesays.com\/it\/wp-json\/wp\/v2\/tags?post=324419"}],"curies":[{"name":"wp","href":"https:\/\/api.w.org\/{rel}","templated":true}]}}