{"id":324776,"date":"2026-01-27T00:10:15","date_gmt":"2026-01-27T00:10:15","guid":{"rendered":"https:\/\/www.europesays.com\/it\/324776\/"},"modified":"2026-01-27T00:10:15","modified_gmt":"2026-01-27T00:10:15","slug":"antonella-elia-ho-abortito-non-me-lo-perdonero-mai-quando-volevo-un-figlio-lho-perso-e-il-karma","status":"publish","type":"post","link":"https:\/\/www.europesays.com\/it\/324776\/","title":{"rendered":"Antonella Elia: &#8220;Ho abortito, non me lo perdoner\u00f2 mai. Quando volevo un figlio, l&#8217;ho perso: \u00e8 il karma&#8221;"},"content":{"rendered":"<p>&#8220;Quando avevo 26 anni ho scelto di abortire. Non mi perdoner\u00f2 mai&#8221;. Antonella Elia, ospite a La volta buona nella puntata di luned\u00ec 26 gennaio, racconta una decisione presa quando aveva 26 anni e di cui poi, nel proseguio della vita, si \u00e8 pentita. &#8220;Ritengo che l&#8217;aborto sia un peccato, si toglie la vita ad un essere che sta per nascere. \u00c8 un essere vivente, sin da subito, che deve nascere. \u00c8 un atto di egoismo mostruoso decidere di abortire perch\u00e9 &#8216;\u00e8 troppo presto&#8217; o non si \u00e8 in grado di essere madre. Ci sono situazioni in cui far nascere un figlio \u00e8 difficile, ma non era quello il mio caso: avevo 26 anni, un fidanzato, potevo farlo&#8221;, dice Antonella Elia nel salotto di Caterina Balivo.<\/p>\n<p>\u201cNel corso del tempo, l&#8217;aborto dentro di me \u00e8 rimasto una macchia, una vergogna\u201d, continua a raccontare la showgirl. &#8220;Ogni donna \u00e8 libera di fare quello che vuole, ma ritengo che a livello umano e spirituale si tolga una vita. Bisogna avere il coraggio di accettare quella vita e portarla avanti. Io non mi sono mai perdonata e non mi perdoner\u00f2 mai, in questa vita sto espiando una colpa. <a href=\"https:\/\/gossip\/vip\/antonella-elia-60-anni-compleanno-barbie.html\" rel=\"nofollow\">Ora che sono grande<\/a>, rimpiango il figlio che non ho avuto, ora avrei accanto un essere che amerei in maniera viscerale e che mi amerebbe altrettanto. Non ho avuto il coraggio, ora non c&#8217;\u00e8 perdono&#8221;, prosegue.<\/p>\n<p>&#8220;Non voglio fare la moralista, ci sono magari situazioni molto gravi in cui non si pu\u00f2 avere un figlio. Io avevo 26 anni, un fidanzato, una situazione normale. Ho detto &#8216;no&#8217;, non ho preso in considerazione l&#8217;essere vivente che portavo. Ognuno \u00e8 libero di fare ci\u00f2 che vuole, io rimpiango molto di non aver avuto il coraggio in quel momento&#8221;, dice ancora. \u00a0<\/p>\n<p><a href=\"https:\/\/www.today.it\/gossip\/vip\/antonella-elia-lascia-pietro-delle-piane.html\" target=\"_blank\" rel=\"nofollow noopener\">Antonella Elia ha lasciato Pietro Delle Piane, sei mesi fa l&#8217;annuncio delle nozze: il racconto di lui in tv<\/a>\u00a0<\/p>\n<p>Il rimpianto \u00e8 particolarmente legato al fatto che oggi non ha figli, e che, quando ha provato ad averli, pi\u00f9 avanti nella vita, non sono venuti. Dice infatti Antonella Elia: &#8220;Ho provato poi ad avere figli, ma ho perso l&#8217;embrione. Il karma mi ha punita, credo che nella vita alla fine si pagano le azioni che si ritengono sbagliate&#8221;.<\/p>\n","protected":false},"excerpt":{"rendered":"&#8220;Quando avevo 26 anni ho scelto di abortire. Non mi perdoner\u00f2 mai&#8221;. Antonella Elia, ospite a La volta&hellip;\n","protected":false},"author":3,"featured_media":324777,"comment_status":"","ping_status":"","sticky":false,"template":"","format":"standard","meta":{"footnotes":"","_share_on_mastodon":"0"},"categories":[1451],"tags":[38863,71742,1621,1620,203,204,1537,90,89],"class_list":["post-324776","post","type-post","status-publish","format-standard","has-post-thumbnail","category-celebrita","tag-aborto","tag-antonella-elia","tag-celebrita","tag-celebrities","tag-entertainment","tag-intrattenimento","tag-it","tag-italia","tag-italy"],"share_on_mastodon":{"url":"https:\/\/pubeurope.com\/@it\/115964164333820907","error":""},"_links":{"self":[{"href":"https:\/\/www.europesays.com\/it\/wp-json\/wp\/v2\/posts\/324776","targetHints":{"allow":["GET"]}}],"collection":[{"href":"https:\/\/www.europesays.com\/it\/wp-json\/wp\/v2\/posts"}],"about":[{"href":"https:\/\/www.europesays.com\/it\/wp-json\/wp\/v2\/types\/post"}],"author":[{"embeddable":true,"href":"https:\/\/www.europesays.com\/it\/wp-json\/wp\/v2\/users\/3"}],"replies":[{"embeddable":true,"href":"https:\/\/www.europesays.com\/it\/wp-json\/wp\/v2\/comments?post=324776"}],"version-history":[{"count":0,"href":"https:\/\/www.europesays.com\/it\/wp-json\/wp\/v2\/posts\/324776\/revisions"}],"wp:featuredmedia":[{"embeddable":true,"href":"https:\/\/www.europesays.com\/it\/wp-json\/wp\/v2\/media\/324777"}],"wp:attachment":[{"href":"https:\/\/www.europesays.com\/it\/wp-json\/wp\/v2\/media?parent=324776"}],"wp:term":[{"taxonomy":"category","embeddable":true,"href":"https:\/\/www.europesays.com\/it\/wp-json\/wp\/v2\/categories?post=324776"},{"taxonomy":"post_tag","embeddable":true,"href":"https:\/\/www.europesays.com\/it\/wp-json\/wp\/v2\/tags?post=324776"}],"curies":[{"name":"wp","href":"https:\/\/api.w.org\/{rel}","templated":true}]}}