{"id":325021,"date":"2026-01-27T04:01:14","date_gmt":"2026-01-27T04:01:14","guid":{"rendered":"https:\/\/www.europesays.com\/it\/325021\/"},"modified":"2026-01-27T04:01:14","modified_gmt":"2026-01-27T04:01:14","slug":"sale-il-limite-per-usufruirne-ecco-cosa-cambia","status":"publish","type":"post","link":"https:\/\/www.europesays.com\/it\/325021\/","title":{"rendered":"sale il limite per usufruirne, ecco cosa cambia"},"content":{"rendered":"<p>Con la legge di Bilancio 2026 cambia in modo significativo la disciplina del <strong>congedo parentale<\/strong>, ampliando i diritti dei <strong>genitori lavoratori dipendenti<\/strong>.<\/p>\n<p>La novit\u00e0 principale riguarda l\u2019estensione del periodo entro il quale \u00e8 possibile usufruire del congedo: il limite massimo passa da 12 a 14 anni di et\u00e0 del figlio.<\/p>\n<p>La modifica, come spiega l&#8217;Inps, aggiorna gli articoli del Testo unico sulla maternit\u00e0 e paternit\u00e0, che regola durata, limiti e modalit\u00e0 di fruizione del congedo parentale.<\/p>\n<p> Nascita, adozione e affidamento: cosa cambia <\/p>\n<p>In caso di nascita di un figlio, il congedo parentale potr\u00e0 ora essere utilizzato entro i primi 14 anni di vita del minore. Il periodo decorre:<\/p>\n<ul>\n<li>dalla fine del congedo di maternit\u00e0 per la madre lavoratrice dipendente;<\/li>\n<li>dalla data di nascita del figlio per il padre lavoratore dipendente.<\/li>\n<\/ul>\n<p>Per le adozioni e gli affidamenti, il congedo parentale potr\u00e0 essere fruito entro 14 anni dall\u2019ingresso del minore in famiglia, fermo restando il limite della maggiore et\u00e0: non sar\u00e0 quindi possibile utilizzarlo oltre il compimento dei 18 anni.<\/p>\n<p> Solo i lavoratori dipendenti <\/p>\n<p>\u00c8 importante chiarire che l\u2019estensione a 14 anni riguarda esclusivamente i genitori lavoratori dipendenti, sia del settore pubblico sia di quello privato. Restano invece invariati i limiti per le altre categorie:<\/p>\n<ul>\n<li>per i lavoratori iscritti alla Gestione separata INPS (ad esempio collaboratori e professionisti senza cassa), il congedo parentale resta fruibile entro i primi 12 anni di vita del figlio, oppure entro 12 anni dall\u2019ingresso in famiglia in caso di adozione o affidamento;<\/li>\n<li>per i lavoratori autonomi, il diritto continua a essere limitato al primo anno di vita del figlio o al primo anno dall\u2019ingresso in famiglia del minore adottato o affidato.<\/li>\n<\/ul>\n<p> Decorrenza delle nuove regole <\/p>\n<p>Le nuove disposizioni si applicano a partire dal 1\u00b0 gennaio 2026. Di conseguenza:<\/p>\n<ul>\n<li>per i periodi di congedo parentale fruiti fino al 31 dicembre 2025 continua ad applicarsi il precedente limite dei 12 anni;<\/li>\n<li>dal 1\u00b0 gennaio 2026, i genitori lavoratori dipendenti con figli che non abbiano ancora compiuto 14 anni (o per i quali non siano trascorsi 14 anni dall\u2019ingresso in famiglia) possono richiedere il congedo secondo i limiti individuali e di coppia gi\u00e0 previsti dalla normativa vigente.<\/li>\n<\/ul>\n<p>Restano infatti invariati i tetti massimi complessivi di congedo spettanti a ciascun genitore e alla coppia, cos\u00ec come la disciplina dell\u2019indennit\u00e0 economica.<\/p>\n<p><img decoding=\"async\" alt=\"\" src=\"https:\/\/www.europesays.com\/it\/wp-content\/uploads\/2026\/01\/congedop_26171712.jpg\"\/><\/p>\n<p> Domande di congedo: aggiornata la procedura INPS <\/p>\n<p>A seguito delle modifiche normative, l\u2019INPS ha aggiornato l\u20198 gennaio 2026 la procedura telematica \u201cDomande di maternit\u00e0 e paternit\u00e0\u201d, disponibile sul sito istituzionale. \u00c8 questo il canale che i lavoratori dipendenti devono utilizzare per presentare la domanda di congedo parentale.<\/p>\n<p>Dal momento dell\u2019aggiornamento, le domande possono essere presentate direttamente secondo i nuovi limiti temporali introdotti dalla legge di Bilancio.<\/p>\n<p>Per i genitori che, tra il 1\u00b0 gennaio 2026 e l\u20198 gennaio 2026, non abbiano potuto presentare la domanda in via preventiva a causa dell\u2019assenza della procedura aggiornata, l\u2019INPS consente la presentazione successiva della richiesta, anche per periodi di congedo gi\u00e0 fruiti.<\/p>\n<p>In fase di istruttoria, le sedi territoriali dell\u2019Istituto dovranno tenere conto dell\u2019oggettiva impossibilit\u00e0, per gli interessati, di presentare tempestivamente la domanda, evitando penalizzazioni o rigetti legati a tale ritardo.<\/p>\n","protected":false},"excerpt":{"rendered":"Con la legge di Bilancio 2026 cambia in modo significativo la disciplina del congedo parentale, ampliando i diritti&hellip;\n","protected":false},"author":3,"featured_media":325022,"comment_status":"","ping_status":"","sticky":false,"template":"","format":"standard","meta":{"footnotes":"","_share_on_mastodon":"0"},"categories":[6],"tags":[95205,14,8,7710,1537,90,89,7,15,82,9,83,10,13,243,11,80,84,12,81,85],"class_list":["post-325021","post","type-post","status-publish","format-standard","has-post-thumbnail","category-ultime-notizie","tag-congedo-parentale","tag-cronaca","tag-headlines","tag-inps","tag-it","tag-italia","tag-italy","tag-news","tag-notizie","tag-notizie-di-cronaca","tag-notizie-principali","tag-notiziedicronaca","tag-notizieprincipali","tag-titoli","tag-ultima-ora","tag-ultime-notizie","tag-ultime-notizie-di-cronaca","tag-ultime-notizie-e-news-di-oggi","tag-ultimenotizie","tag-ultimenotiziedicronaca","tag-ultimenotizieenewsdioggi"],"share_on_mastodon":{"url":"https:\/\/pubeurope.com\/@it\/115965072697630032","error":""},"_links":{"self":[{"href":"https:\/\/www.europesays.com\/it\/wp-json\/wp\/v2\/posts\/325021","targetHints":{"allow":["GET"]}}],"collection":[{"href":"https:\/\/www.europesays.com\/it\/wp-json\/wp\/v2\/posts"}],"about":[{"href":"https:\/\/www.europesays.com\/it\/wp-json\/wp\/v2\/types\/post"}],"author":[{"embeddable":true,"href":"https:\/\/www.europesays.com\/it\/wp-json\/wp\/v2\/users\/3"}],"replies":[{"embeddable":true,"href":"https:\/\/www.europesays.com\/it\/wp-json\/wp\/v2\/comments?post=325021"}],"version-history":[{"count":0,"href":"https:\/\/www.europesays.com\/it\/wp-json\/wp\/v2\/posts\/325021\/revisions"}],"wp:featuredmedia":[{"embeddable":true,"href":"https:\/\/www.europesays.com\/it\/wp-json\/wp\/v2\/media\/325022"}],"wp:attachment":[{"href":"https:\/\/www.europesays.com\/it\/wp-json\/wp\/v2\/media?parent=325021"}],"wp:term":[{"taxonomy":"category","embeddable":true,"href":"https:\/\/www.europesays.com\/it\/wp-json\/wp\/v2\/categories?post=325021"},{"taxonomy":"post_tag","embeddable":true,"href":"https:\/\/www.europesays.com\/it\/wp-json\/wp\/v2\/tags?post=325021"}],"curies":[{"name":"wp","href":"https:\/\/api.w.org\/{rel}","templated":true}]}}