{"id":325075,"date":"2026-01-27T04:59:13","date_gmt":"2026-01-27T04:59:13","guid":{"rendered":"https:\/\/www.europesays.com\/it\/325075\/"},"modified":"2026-01-27T04:59:13","modified_gmt":"2026-01-27T04:59:13","slug":"milano-cortina-giada-dantonio-e-la-prima-napoletana-che-partecipera-alle-olimpiadi-invernali","status":"publish","type":"post","link":"https:\/\/www.europesays.com\/it\/325075\/","title":{"rendered":"Milano-Cortina, Giada D\u2019Antonio \u00e8 la prima napoletana che parteciper\u00e0 alle olimpiadi invernali"},"content":{"rendered":"<p>\n                            Ogni giorno le notizie pi\u00f9 lette della giornata<br \/>\n                            <b>Iscriviti<\/b> e ricevi le notizie via email\n                        <\/p>\n<p><strong>Giada D\u2019Antonio<\/strong> \u00e8 nella storia. \u00c8 lei la prima atleta napoletana che prender\u00e0 parte alle Olimpiadi invernali. Nel pomeriggio \u00e8 arrivata l\u2019ufficializzazione da parte della <a href=\"https:\/\/www.ilmattino.it\/t\/federazione-italiana-sport-invernali\" rel=\"nofollow noopener\" target=\"_blank\">Federazione Italiana Sport Invernali<\/a> dei 56 uomini e delle 53 donne che prenderanno parte ai <a href=\"https:\/\/www.ilmattino.it\/t\/giochi-olimpici-invernali\" rel=\"nofollow noopener\" target=\"_blank\">Giochi Olimpici invernali<\/a> di <a href=\"https:\/\/www.ilmattino.it\/t\/milano-cortina\" rel=\"nofollow noopener\" target=\"_blank\">Milano-Cortina<\/a>. Compare anche il nome di Giada D\u2019Antonio, classe 2009, tra le pi\u00f9 grandi dello sci alpino italiano, come <a href=\"https:\/\/www.ilmattino.it\/t\/federica-brignone\" rel=\"nofollow noopener\" target=\"_blank\">Federica Brignone<\/a> e <a href=\"https:\/\/www.ilmattino.it\/t\/sofia-goggia\" rel=\"nofollow noopener\" target=\"_blank\">Sofia Goggia<\/a>.<\/p>\n<p>&#13;<\/p>\n<p>APPROFONDIMENTI<\/p>\n<p>&#13;<br \/>\n    &#13;<\/p>\n<p>Un esordio promettente <\/p>\n<p>Lo scorso 30 dicembre la partenopea ha fatto il suo esordio in <a href=\"https:\/\/www.ilmattino.it\/t\/coppa-del-mondo\" rel=\"nofollow noopener\" target=\"_blank\">Coppa del Mondo<\/a> assoluti in <a href=\"https:\/\/www.ilmattino.it\/t\/austria\" rel=\"nofollow noopener\" target=\"_blank\">Austria<\/a>, a Semmering. <\/p>\n<p>Nel fine settimana \u00e8 scesa in pista nello slalom speciale femminile per la terza gara di Coppa del Mondo della sua carriera, collezionando il suo miglior tempo. L\u2019atleta azzurra ha sfiorato per un centesimo la qualificazione alla seconda manche alla prova di Spindleruv Mlyn, in Cechia.<\/p>\n<p> <img decoding=\"async\" alt=\"\" class=\"wnv-lazy\" src=\"https:\/\/www.europesays.com\/it\/wp-content\/uploads\/2026\/01\/onecms_1o5kdqmgw4zc6wfhky5_12zc42oly4g_26184542.jpg\"\/> <\/p>\n<p>L\u2019azzurra, scesa col pettorale numero 58, ha chiuso la prima manche in 52\u203351, a 3\u203371 dalla statunitense Mikaela Shiffrin, che si \u00e8 posta al comando della gara con il tempo di 48\u203380. D\u2019Antonio \u00e8 risultata 32esima, ma ha mancato la qualificazione alla seconda run per 0\u203301. La sedicenne di <a href=\"https:\/\/www.ilmattino.it\/t\/san-sebastiano-al-vesuvio\" rel=\"nofollow noopener\" target=\"_blank\">San Sebastiano al Vesuvio<\/a> \u00e8 cresciuta tra le fila dello Sci Club Vesuvio Napoli, ora si allena in Val di Fassa sotto l\u2019egida di Carlo Ceccato. Un grande orgoglio partenopeo per Giada D\u2019Antonio che tra le donne dello sci alpino, selezionate per i Giochi, \u00e8 la pi\u00f9 giovane.<\/p>\n<p>Orgoglio partenopeo <\/p>\n<p>Cresciuta tra le nevi dell\u2019<a href=\"https:\/\/www.ilmattino.it\/t\/appennino\" rel=\"nofollow noopener\" target=\"_blank\">Appennino<\/a>, l\u2019atleta campana \u00e8 esperta delle specialit\u00e0 tecniche; a Cortina d\u2019Ampezzo, sulla Tofane Alpine Skiing Centre, Giada D\u2019Antonio sar\u00e0 in competizione nello slalom speciale.<\/p>\n<p>Ecco le parole del Presidente dello <strong>Sci Club Vesuvio<\/strong> Stefano Romano, per cui D\u2019Antonio \u00e8 tesserata: \u00abAbbiamo realizzato un nostro sogno per cui lavoriamo da tanti anni: \u00e8 una conferma dell\u2019ottimo lavoro che stiamo svolgendo. \u00c8 un evento storico, ancora non riusciamo a crederci\u00bb.<\/p>\n<p>Un futuro brillante <\/p>\n<p>L\u2019enfant prodige napoletana ha cominciato a far parlare di s\u00e9 a novembre scorso, quando in maniera clamorosa ha vinto due slalom Fis nonostante partisse con pettorali altissimi. Proprio per cercare di abbassare il proprio coefficiente Fis (e di conseguenza i numeri di partenza) la D\u2019Antonio \u00e8 stata mandata dalla Fisi a fare esperienza in America nel circuito Nor-Am (l\u2019equivalente della nostra Coppa Europa).<\/p>\n<p>A livello giovanile, la napoletana ha conquistato, lo scorso marzo, il Trofeo Pinocchio nello slalom Allieve. Una kermesse molto prestigiosa che \u00e8 stata vinta anche dalle pi\u00f9 grandi sciatrici della storia e che rappresenta un appuntamento indispensabile in vista di successi nei circuiti maggiori. Il podio del Pinocchio sugli sci \u00e8 suo ormai dal 2018, quando vinse nella categoria Baby 1: da allora ha sempre vinto tutte le edizioni delle varie categorie: baby 2, cuccioli 2 e ragazzi. E non solo: nella categoria ragazzi si \u00e8 qualificata nelle edizioni internazionali (2022 e 2023) in cui ha raggiunto 4 medaglie.<\/p>\n","protected":false},"excerpt":{"rendered":"Ogni giorno le notizie pi\u00f9 lette della giornata Iscriviti e ricevi le notizie via email Giada D\u2019Antonio \u00e8&hellip;\n","protected":false},"author":3,"featured_media":325076,"comment_status":"","ping_status":"","sticky":false,"template":"","format":"standard","meta":{"footnotes":"","_share_on_mastodon":"0"},"categories":[6],"tags":[2185,8236,100612,14,190989,19634,190990,8,1537,90,89,7,15,82,9,83,10,13,11,80,84,12,81,85],"class_list":["post-325075","post","type-post","status-publish","format-standard","has-post-thumbnail","category-ultime-notizie","tag-appennino","tag-austria","tag-coppa-del-mondo","tag-cronaca","tag-federazione-italiana-sport-invernali","tag-federica-brignone","tag-giada-d","tag-headlines","tag-it","tag-italia","tag-italy","tag-news","tag-notizie","tag-notizie-di-cronaca","tag-notizie-principali","tag-notiziedicronaca","tag-notizieprincipali","tag-titoli","tag-ultime-notizie","tag-ultime-notizie-di-cronaca","tag-ultime-notizie-e-news-di-oggi","tag-ultimenotizie","tag-ultimenotiziedicronaca","tag-ultimenotizieenewsdioggi"],"share_on_mastodon":{"url":"https:\/\/pubeurope.com\/@it\/115965300803673983","error":""},"_links":{"self":[{"href":"https:\/\/www.europesays.com\/it\/wp-json\/wp\/v2\/posts\/325075","targetHints":{"allow":["GET"]}}],"collection":[{"href":"https:\/\/www.europesays.com\/it\/wp-json\/wp\/v2\/posts"}],"about":[{"href":"https:\/\/www.europesays.com\/it\/wp-json\/wp\/v2\/types\/post"}],"author":[{"embeddable":true,"href":"https:\/\/www.europesays.com\/it\/wp-json\/wp\/v2\/users\/3"}],"replies":[{"embeddable":true,"href":"https:\/\/www.europesays.com\/it\/wp-json\/wp\/v2\/comments?post=325075"}],"version-history":[{"count":0,"href":"https:\/\/www.europesays.com\/it\/wp-json\/wp\/v2\/posts\/325075\/revisions"}],"wp:featuredmedia":[{"embeddable":true,"href":"https:\/\/www.europesays.com\/it\/wp-json\/wp\/v2\/media\/325076"}],"wp:attachment":[{"href":"https:\/\/www.europesays.com\/it\/wp-json\/wp\/v2\/media?parent=325075"}],"wp:term":[{"taxonomy":"category","embeddable":true,"href":"https:\/\/www.europesays.com\/it\/wp-json\/wp\/v2\/categories?post=325075"},{"taxonomy":"post_tag","embeddable":true,"href":"https:\/\/www.europesays.com\/it\/wp-json\/wp\/v2\/tags?post=325075"}],"curies":[{"name":"wp","href":"https:\/\/api.w.org\/{rel}","templated":true}]}}