{"id":325279,"date":"2026-01-27T08:29:08","date_gmt":"2026-01-27T08:29:08","guid":{"rendered":"https:\/\/www.europesays.com\/it\/325279\/"},"modified":"2026-01-27T08:29:08","modified_gmt":"2026-01-27T08:29:08","slug":"edoardo-bove-il-defibrillatore-e-come-un-telefono-lo-sento-con-il-tocco-della-mano-devo-abituarmi-al-nuovo-corpo","status":"publish","type":"post","link":"https:\/\/www.europesays.com\/it\/325279\/","title":{"rendered":"Edoardo Bove: \u00abIl defibrillatore \u00e8 come un telefono, lo sento con il tocco della mano. Devo abituarmi al nuovo corpo\u00bb"},"content":{"rendered":"<p>    di<br \/>\n    Paola De Carolis<\/p>\n<p class=\"summary-art is-line-h-12\">L&#8217;ex calciatore di Roma e Fiorentina riparte dal Watford: \u00abIl mio problema si \u00e8 verificato all\u2019et\u00e0 perfetta, non ero troppo giovane per capire cosa mi stava successo o troppo anziano per ricominciare\u00bb<\/p>\n<p class=\"chapter-paragraph\"><b>WATFORD\u00a0<\/b>Arriva in sala stampa con il colorito roseo di chi ha appena finito di allenarsi, la maglietta azzurra della sua nuova squadra, l\u2019energia dei suoi 23 anni e la saggezza e la determinazione di un giovane che ha rischiato di perdere tutto e ha trovato la forza di ripartire. \u00abVolevo fare la figura dell\u2019uomo forte, ma qui fa freddo\u00bb, dice in perfetto inglese, infilandosi uno strato in pi\u00f9 e sfoderando il sorriso. <a href=\"https:\/\/www.corriere.it\/sport\/calcio\/26_gennaio_20\/edoardo-bove-ritorno-watford-inghilterra-6fc56997-fae3-4f17-9ef3-a55bfcdb3xlk.shtml\" rel=\"nofollow noopener\" target=\"_blank\">Dopo l\u2019arresto cardiaco del dicembre 2024 durante Fiorentina-Inter<\/a>, l\u2019impianto di un defibrillatore sottocutaneo e \u00abun anno molto difficile\u00bb, <b>Edoardo Bove ricomincia dal Watford, \u00abuna squadra che \u00e8 un po\u2019 come una grande famiglia\u00bb<\/b>, grazie anche a un proprietario italiano, Gino Pozzo, e un direttore tecnico, Gianluca Nani, che lo tratta come se fosse \u00abun figlio, o un fratello minore\u00bb e ne parla con orgoglio paterno: \u00ab\u00c8 un ragazzo fenomenale, non solo come calciatore, ma anche come persona&#8230; Pensi che sta anche studiando alla Luiss (economia, ndr) ed \u00e8 in regola con gli esami&#8230;\u00bb.<\/p>\n<p class=\"chapter-paragraph\"><b>Edoardo, come sta?<\/b><br \/>\u00abBene, sto imparando a conoscere il mio nuovo corpo. Ho capito come accettare ci\u00f2 che mi \u00e8 successo. Ci convivo senza problemi e sono felice di essere qui. Il Watford non \u00e8 una seconda scelta, \u00e8 una sfida. Questa \u00e8 una squadra competitiva, che ha un obiettivo chiaro, quello di tornare in Premier. Per me \u00e8 il posto giusto\u00bb.    &#13;<br \/>\n&#13;<br \/>\n&#13;<br \/>\n&#13;<br \/>\n&#13;<br \/>\n&#13;<br \/>\n&#13;<br \/>\n&#13;<br \/>\n&#13;<br \/>\n&#13;<br \/>\n&#13;<br \/>\n&#13;<br \/>\n&#13;<br \/>\n&#13;<br \/>\n&#13;<br \/>\n&#13;<br \/>\n&#13;<br \/>\n&#13;<br \/>\n&#13;<br \/>\n&#13;<br \/>\n&#13;<br \/>\n&#13;<br \/>\n&#13;<br \/>\n&#13;<br \/>\n&#13;<br \/>\n&#13;<br \/>\n&#13;<br \/>\n&#13;<br \/>\n&#13;<br \/>\n&#13;<br \/>\n&#13;<br \/>\n&#13;<br \/>\n&#13;<br \/>\n&#13;<br \/>\n&#13;<br \/>\n&#13;<br \/>\n&#13;<br \/>\n&#13;<br \/>\n&#13;<br \/>\n&#13;<br \/>\n&#13;<br \/>\n&#13;<br \/>\n&#13;<br \/>\n&#13;<br \/>\n&#13;<br \/>\n&#13;<br \/>\n&#13;<br \/>\n&#13;<br \/>\n&#13;<br \/>\n&#13;<br \/>\n&#13;<br \/>\n&#13;<br \/>\n&#13;\n<\/p>\n<p class=\"chapter-paragraph\"><b>C\u2019\u00e8 stato un momento in cui ha creduto che non avrebbe pi\u00f9 giocato? <\/b><br \/>\u00abCerto. Ci sono momenti cos\u00ec. Puoi solo accettarli. Queste emozioni negative fanno parte di te: ti dici, Edoardo, andiamo avanti, un giorno alla volta, e facciamo del nostro meglio\u00bb.<\/p>\n<p class=\"chapter-paragraph\"><b>Come sta imparando a conoscere il suo nuovo corpo?<\/b><br \/>\u00abAll\u2019inizio quando ho cominciato a correre, sei sette mesi fa, quando mi sentivo il cuore che batteva veloce me ne rendevo conto, ci pensavo. \u00c8  l\u2019aspetto psicologico. \u00c8 chiaro che dopo un evento del genere hai pensieri diversi, ma devi abituarti\u00bb.<\/p>\n<p class=\"chapter-paragraph\"><b>Sembra una persona molto forte. Cosa l\u2019ha aiutata?<\/b><br \/>\u00abDevo ringraziare la mia famiglia, e la mia ragazza, che \u00e8 stata molto importante in questo periodo. \u00c8 stato un anno difficile ma siamo contenti di come lo abbiamo superato. A volte nella  vita arrivano prove che superi e ti fanno sentire meglio. Se tenti di attraversare le difficolt\u00e0 da solo \u00e8 complicato. I miei problemi sono stati un evento pubblico, tutti hanno visto cosa mi \u00e8 successo, ma ognuno di  noi  ha delle difficolt\u00e0. Io le ho superate grazie alle persone che ho attorno\u00bb.<\/p>\n<p class=\"chapter-paragraph\"><b>Per la sua famiglia deve essere difficile lasciarla andare?<br \/><\/b>\u00abSi, per\u00f2 se mi vedono felice,  sono felici anche loro. Credo saranno contenti\u00bb.<\/p>\n<p class=\"chapter-paragraph\"><b>Ha paura?<br \/><\/b>\u00abNo. Il mio problema si \u00e8 verificato all\u2019et\u00e0 perfetta, non ero troppo giovane per capire cosa mi stava successo o troppo anziano per ricominciare. Ho consultato diversi esperti, siamo arrivati alla decisione che posso riprendere a giocare. Mi tengo sotto controllo\u00bb.<\/p>\n<p class=\"chapter-paragraph\"><b>C\u2019erano diverse squadre di Premier che la volevano, perch\u00e9 ha scelto il Watford  in B?<br \/><\/b>\u00abCercavo una squadra dove sarei stato felice e mi sarei sentito a mio agio ed \u00e8 per questo che ho scelto di venire qui. Con lo staff medico e tecnico stiamo facendo tutto il possibile per tornare in campo in tempi brevi, anche se \u00e8 difficile dire quando sar\u00e0. \u00c8 molto bello far di nuovo parte di una squadra, conoscere i giocatori, lo spogliatoio. Mi mancava\u00bb.<\/p>\n<p class=\"chapter-paragraph\"><b>Ha parlato con altri giocatori che hanno avuto esperienze simili alle sue, come Eriksen?<br \/><\/b>\u00abSi, ci siamo scambiati vari messaggi. Il defibrillatore ora \u00e8 parte di me, anche se non gli ho dato un nome&#8230; \u00c8 come un telefono, un po\u2019 pi\u00f9 piccolo, tra le costole e la pelle. Si sente al tocco, senza la maglietta si vede, ma non mi d\u00e0 alcun problema. Il primo mese, dopo l\u2019intervento, ho dovuto abituarmi. Credo che sarebbe peggio avere un problema al ginocchio\u00bb.<\/p>\n<p class=\"chapter-paragraph\"><b>Qual \u00e8 la diagnosi?<br \/><\/b>\u00abC\u2019\u00e8, ma preferisco rimanga privata\u00bb.<\/p>\n<p class=\"chapter-paragraph\"><b>\u00c8 una seconda chance?<br \/><\/b>\u00abUna seconda chance con la vita, non solo col calcio. Quando fai il calciatore non ti chiedi mai perch\u00e9 fai questo mestiere, da piccolo sai che stai facendo la cosa pi\u00f9 bella al mondo. Quando per un periodo sei costretto a vivere senza, ti manca, ti rendi conto che \u00e8 una tua vera passione. Continuer\u00f2 a cercare di riempire la mia vita di cose che mi piace fare\u00bb.<\/p>\n<p class=\"chapter-paragraph\"><b>Come mai parla cos\u00ec bene l\u2019inglese?<br \/><\/b>\u00abNo&#8230; Devo studiare di pi\u00f9, migliorare. Devo parlare con i genitori della mia fidanzata, che \u00e8 nata qui, a Banbury\u00bb.<\/p>\n<p class=\"is-last-update\" datetime=\"2026-01-27T07:08:24+01:00\">27 gennaio 2026 ( modifica il 27 gennaio 2026 | 07:08)<\/p>\n<p class=\"is-copyright\">\n            \u00a9 RIPRODUZIONE RISERVATA\n        <\/p>\n","protected":false},"excerpt":{"rendered":"di Paola De Carolis L&#8217;ex calciatore di Roma e Fiorentina riparte dal Watford: \u00abIl mio problema si \u00e8&hellip;\n","protected":false},"author":3,"featured_media":325280,"comment_status":"","ping_status":"","sticky":false,"template":"","format":"standard","meta":{"footnotes":"","_share_on_mastodon":"0"},"categories":[176],"tags":[64049,8364,191066,50322,2281,6880,191067,191068,36331,928,12060,18289,57301,2944,3591,1367,33943,1891,6927,5376,2391,25904,50325,2152,191069,191070,451,1909,2245,2263,3440,3412,229,191071,191072,72071,191073,191074,1570,1537,90,89,13045,2463,21335,191075,1885,2521,245,244,1857,1886,175486],"class_list":["post-325279","post","type-post","status-publish","format-standard","has-post-thumbnail","category-sport","tag-abituarmi","tag-anziano","tag-anziano-ricominciare","tag-bove","tag-calciatore","tag-capire","tag-capire-successo","tag-capire-successo-anziano","tag-chance","tag-chiaro","tag-conoscere","tag-conoscere-corpo","tag-contenti","tag-conto","tag-corpo","tag-credo","tag-defibrillatore","tag-devo","tag-difficile","tag-difficolta","tag-diversi","tag-edoardo","tag-edoardo-bove","tag-eta","tag-eta-perfetta","tag-eta-perfetta-giovane","tag-evento","tag-famiglia","tag-felice","tag-fiorentina","tag-forte","tag-giocatori","tag-giovane","tag-giovane-capire","tag-giovane-capire-successo","tag-imparando","tag-imparando-conoscere","tag-imparando-conoscere-corpo","tag-inglese","tag-it","tag-italia","tag-italy","tag-maglietta","tag-parla","tag-perfetta","tag-perfetta-giovane","tag-problema","tag-seconda","tag-sport","tag-sports","tag-squadra","tag-successo","tag-watford"],"share_on_mastodon":{"url":"","error":"Validation failed: Text character limit of 500 exceeded"},"_links":{"self":[{"href":"https:\/\/www.europesays.com\/it\/wp-json\/wp\/v2\/posts\/325279","targetHints":{"allow":["GET"]}}],"collection":[{"href":"https:\/\/www.europesays.com\/it\/wp-json\/wp\/v2\/posts"}],"about":[{"href":"https:\/\/www.europesays.com\/it\/wp-json\/wp\/v2\/types\/post"}],"author":[{"embeddable":true,"href":"https:\/\/www.europesays.com\/it\/wp-json\/wp\/v2\/users\/3"}],"replies":[{"embeddable":true,"href":"https:\/\/www.europesays.com\/it\/wp-json\/wp\/v2\/comments?post=325279"}],"version-history":[{"count":0,"href":"https:\/\/www.europesays.com\/it\/wp-json\/wp\/v2\/posts\/325279\/revisions"}],"wp:featuredmedia":[{"embeddable":true,"href":"https:\/\/www.europesays.com\/it\/wp-json\/wp\/v2\/media\/325280"}],"wp:attachment":[{"href":"https:\/\/www.europesays.com\/it\/wp-json\/wp\/v2\/media?parent=325279"}],"wp:term":[{"taxonomy":"category","embeddable":true,"href":"https:\/\/www.europesays.com\/it\/wp-json\/wp\/v2\/categories?post=325279"},{"taxonomy":"post_tag","embeddable":true,"href":"https:\/\/www.europesays.com\/it\/wp-json\/wp\/v2\/tags?post=325279"}],"curies":[{"name":"wp","href":"https:\/\/api.w.org\/{rel}","templated":true}]}}