{"id":326658,"date":"2026-01-28T05:09:24","date_gmt":"2026-01-28T05:09:24","guid":{"rendered":"https:\/\/www.europesays.com\/it\/326658\/"},"modified":"2026-01-28T05:09:24","modified_gmt":"2026-01-28T05:09:24","slug":"io-osteopata-libero-il-canto-dei-concorrenti-del-festival","status":"publish","type":"post","link":"https:\/\/www.europesays.com\/it\/326658\/","title":{"rendered":"\u00abIo, osteopata libero il canto dei concorrenti del Festival\u00bb"},"content":{"rendered":"<p><strong><a href=\"https:\/\/www.ilgazzettino.it\/t\/feltre\" rel=\"nofollow noopener\" target=\"_blank\">FELTRE<\/a>\u00a0&#8211;\u00a0<\/strong>Da Feltre a <strong><a href=\"https:\/\/www.ilgazzettino.it\/t\/sanremo\" rel=\"nofollow noopener\" target=\"_blank\">Sanremo<\/a><\/strong> per rendere il pi\u00f9 performanti possibile le esibizioni canore degli artisti della 76. edizione del festival pi\u00f9 famoso d&#8217;Italia. L&#8217;osteopata <strong>Riccardo Boschet<\/strong> \u00e8 stato selezionato per far parte dello staff tecnico-sanitario che per la settimana dal 23 febbraio al primo marzo sar\u00e0 a disposizione dei vip che saliranno sul palco del teatro Ariston per aiutarli ad affrontare lo stress. \u00abPer me \u00e8 un onore afferma il professionista 34enne Spero che questo sia il primo passo per poter prendere parte in futuro, sempre nelle mie vesti di osteopata, ad altri eventi di gran valenza come questo. Anche se il mio sogno resta quello di tracciare un mio metodo e insegnarlo agli altri\u00bb.<\/p>\n<p>    &#13;<\/p>\n<p>APPROFONDIMENTI<\/p>\n<p>&#13;<br \/>\n        &#13;<\/p>\n<p>IL PROFILO <\/p>\n<p>Riccardo Boschet, operativo con altri colleghi nel centro aperto in zona Manifattura, \u00e8 specializzato nel trattamento di cervicalgia, disturbi temporomandibolari e problemi posturali. \u00abDa molto tempo spiega aiuto chi soffre di dolori cervicali, mal di testa, bruxismo o vertigini a capire da dove nasce la questione e a risolverla con un approccio manuale e scientifico. Ma mi occupo anche di altre problematiche tra cui cefalee, emicranie, disfunzioni deglutitorie e fonatorie, lombalgie e reflusso gastroesofageo\u00bb. Nel 2017 Boschet ha intrapreso il percorso con Issa Europe, qualificandosi con due diplomi in personal training. La sua passione per il settore lo ha portato a continuare gli studi diplomandosi, dopo 5 anni, all&#8217;International Osteopathic Academy di Milano. Infine, lo scorso anno, ha ottenuto due master: in neurofisiologia applicata e in disordini temporomandibolari, cefalee ed emicranie. \u00abMa continuo a seguire numerosi programmi di formazione e innovazione sanitaria per tenermi aggiornato e per offrire un servizio di alta qualit\u00e0\u00bb evidenzia. Proprio grazie al suo curriculum, dunque, \u00e8 stato prescelto dalla direzione di Sanremo per far parte della decina tra osteopati e massaggiatori che supporteranno gli artisti.<\/p>\n<p>L&#8217;OPPORTUNIT\u00c0 <\/p>\n<p>\u00abSono rientrato a Feltre da Sanremo ieri sera (domenica, ndr) afferma Boschet dopo una full immersion preparatoria affinch\u00e9 la nostra azione possa ottimizzare la qualit\u00e0 vocale e timbrica dei cantanti. Questo pu\u00f2 avvenire &#8220;liberando&#8221; alcune strutture, come quella cranio cervico mandibolare, che a loro volta miglioreranno l&#8217;azione di postura e diaframma e quindi, in ultima analisi, la voce. Se un cantante, per varie motivazioni, si presenta ad esempio con una postura chiusa, come accadde a Fedez due anni fa sottolinea non ci si potr\u00e0 aspettare grandi risultati. Ecco che in questi casi possiamo intervenire noi, osteopati e massaggiatori, per scacciare fattori stressanti e rilassare. Mi piace impegnarmi in team, per offrire un servizio a tutto tondo: sono dell&#8217;idea che un lavoro di squadra sia essenziale per una visione a 360 gradi del paziente\u00bb.<\/p>\n","protected":false},"excerpt":{"rendered":"FELTRE\u00a0&#8211;\u00a0Da Feltre a Sanremo per rendere il pi\u00f9 performanti possibile le esibizioni canore degli artisti della 76. edizione&hellip;\n","protected":false},"author":3,"featured_media":326659,"comment_status":"","ping_status":"","sticky":false,"template":"","format":"standard","meta":{"footnotes":"","_share_on_mastodon":"0"},"categories":[1444],"tags":[203,38112,204,1537,90,89,191731,9143,253],"class_list":["post-326658","post","type-post","status-publish","format-standard","has-post-thumbnail","category-tv","tag-entertainment","tag-feltre","tag-intrattenimento","tag-it","tag-italia","tag-italy","tag-riccardo-boschet","tag-sanremo","tag-tv"],"share_on_mastodon":{"url":"https:\/\/pubeurope.com\/@it\/115971002355825571","error":""},"_links":{"self":[{"href":"https:\/\/www.europesays.com\/it\/wp-json\/wp\/v2\/posts\/326658","targetHints":{"allow":["GET"]}}],"collection":[{"href":"https:\/\/www.europesays.com\/it\/wp-json\/wp\/v2\/posts"}],"about":[{"href":"https:\/\/www.europesays.com\/it\/wp-json\/wp\/v2\/types\/post"}],"author":[{"embeddable":true,"href":"https:\/\/www.europesays.com\/it\/wp-json\/wp\/v2\/users\/3"}],"replies":[{"embeddable":true,"href":"https:\/\/www.europesays.com\/it\/wp-json\/wp\/v2\/comments?post=326658"}],"version-history":[{"count":0,"href":"https:\/\/www.europesays.com\/it\/wp-json\/wp\/v2\/posts\/326658\/revisions"}],"wp:featuredmedia":[{"embeddable":true,"href":"https:\/\/www.europesays.com\/it\/wp-json\/wp\/v2\/media\/326659"}],"wp:attachment":[{"href":"https:\/\/www.europesays.com\/it\/wp-json\/wp\/v2\/media?parent=326658"}],"wp:term":[{"taxonomy":"category","embeddable":true,"href":"https:\/\/www.europesays.com\/it\/wp-json\/wp\/v2\/categories?post=326658"},{"taxonomy":"post_tag","embeddable":true,"href":"https:\/\/www.europesays.com\/it\/wp-json\/wp\/v2\/tags?post=326658"}],"curies":[{"name":"wp","href":"https:\/\/api.w.org\/{rel}","templated":true}]}}