{"id":326978,"date":"2026-01-28T10:31:12","date_gmt":"2026-01-28T10:31:12","guid":{"rendered":"https:\/\/www.europesays.com\/it\/326978\/"},"modified":"2026-01-28T10:31:12","modified_gmt":"2026-01-28T10:31:12","slug":"calciomercato-torino-in-difesa-piace-ranieri-2-idee-di-scambio-con-la-fiorentina","status":"publish","type":"post","link":"https:\/\/www.europesays.com\/it\/326978\/","title":{"rendered":"Calciomercato Torino, in difesa piace Ranieri: 2 idee di scambio con la Fiorentina"},"content":{"rendered":"<p>Tra i nomi sondati dal club granata per la difesa c&#8217;\u00e8 anche quello del centrale della Fiorentina che ha perso spazio e pu\u00f2 partire con uno scambio<\/p>\n<p>Il <a style=\"color: #800000;\" href=\"https:\/\/www.instagram.com\/toronewsnet\/\" target=\"_blank\" rel=\"noopener nofollow\">Torino<\/a> da diverse partite \u00e8 in difficolt\u00e0, sta calando in classifica e rischia di rendere ancora pi\u00f9 negativa la sua stagione, se non dovesse arrivare una svolta nelle prossime giornate di Serie A. I granata hanno infatti la peggior difesa di tutto il campionato e il distacco di 6 punti sulla zona retrocessione non \u00e8 mai sembrato cos\u00ec risicato. Per cercare di dare una svolta a questo andamento, il DS Gianluca <strong>Petrachi<\/strong> sta lavorando in sede di mercato e un obiettivo \u00e8 quello di rinforzare la difesa della squadra di Marco <strong>Baroni<\/strong>. In tal senso spunta un nome che \u00e8 appuntato, quello di Luca <strong>Ranieri<\/strong> della Fiorentina.<\/p>\n<p>Il Toro cerca rinforzi in difesa: uno dei nomi valutati \u00e8 Luca Ranieri\u2014 \u00a0<\/p>\n<p>Il fatto che la difesa sia da sistemare \u00e8 certificato dai numeri: gi\u00e0 40 reti subite e diverse partite terminate con goleade avversarie (5 gol presi contro l&#8217;Inter e addirittura 11 in due match col Como). Il Toro si \u00e8 gi\u00e0 mosso aggiungendo alla rosa il giovane centrale brasiliano <strong>Tchoca<\/strong>, che \u00e8 sbarcato in Italia nelle scorse ore (<a style=\"color: #800000;\" href=\"https:\/\/www.toronews.net\/video\/tchoca-e-atterrato-allaeroporto-di-milano-malpensa-video\/\" target=\"_blank\" rel=\"noopener nofollow\">QUI LE IMMAGINI<\/a>). Nella lista dei prossimi obiettivi dei granata ci \u00e8 finito anche un calciatore che vanta parecchia esperienza in Serie A: si tratta di Luca Ranieri. Secondo quanto riportato da Alfredo Pedull\u00e0, l&#8217;ex capitano della Fiorentina non \u00e8 pi\u00f9 centrale nei piani di Paolo Vanoli e potrebbe quindi lasciare il capoluogo toscano gi\u00e0 in questi ultimi giorni del mercato invernale. Il club granata sta riflettendo su questa ipotesi e sono spuntate gi\u00e0 due opzioni per uno scambio.<\/p>\n<p>Due opzioni di scambio con la Fiorentina\u2014 \u00a0<\/p>\n<p><a style=\"color: #800000;\" href=\"https:\/\/www.toronews.net\/calcio-mercato\/calciomercato-serie-a-le-ultime-nicolussi-al-parma-insigne-torna-in-italia\/\" target=\"_blank\" rel=\"noopener nofollow\">Con Nicolussi Caviglia che \u00e8 vicino al trasferimento al Parma<\/a>, uno dei nomi che sarebbe stato proposto alla Fiorentina \u00e8 quello di Kristjan <strong>Asllani<\/strong>. Il regista albanese non \u00e8 pi\u00f9 parte centrale del progetto di Baroni e cos\u00ec si sta cercando una soluzione con l&#8217;Inter &#8211; societ\u00e0 proprietaria del suo cartellino &#8211; per fargli finire altrove la stagione. Un altro nome che il Toro valuta per provare a far decollare questo scambio con Ranieri, \u00e8 quello di Cristiano <strong>Biraghi<\/strong>. Il terzino sinistro classe 1992 \u00e8 arrivato in granata un anno fa, proprio dalla Fiorentina. Rimane quindi da capire ancora quale sar\u00e0 la volont\u00e0 del club viola di fronte a questa doppia possibilit\u00e0 e anche se il profilo di Ranieri sar\u00e0 giudicato idoneo per caratteristiche, et\u00e0 (\u00e8 un classe 1999) e costi sia da Baroni che da tutti i membri della societ\u00e0.<\/p>\n<p class=\"is-copyright\">\u00a9 RIPRODUZIONE RISERVATA<\/p>\n<p><script async src=\"\/\/www.instagram.com\/embed.js\"><\/script><\/p>\n","protected":false},"excerpt":{"rendered":"Tra i nomi sondati dal club granata per la difesa c&#8217;\u00e8 anche quello del centrale della Fiorentina che&hellip;\n","protected":false},"author":3,"featured_media":326979,"comment_status":"","ping_status":"","sticky":false,"template":"","format":"standard","meta":{"footnotes":"","_share_on_mastodon":"0"},"categories":[1452],"tags":[6097,721,925,3155,554,12144,767,5115,192008,2263,1740,5197,350,1537,90,89,6991,125845,1412,1693,2381,1429,192009,4283,30414,4578,1821,1739,1359,245,244,5517],"class_list":["post-326978","post","type-post","status-publish","format-standard","has-post-thumbnail","category-calcio","tag-baroni","tag-calcio","tag-centrale","tag-classe","tag-club","tag-club-granata","tag-difesa","tag-diverse","tag-diverse-partite","tag-fiorentina","tag-football","tag-granata","tag-inter","tag-it","tag-italia","tag-italy","tag-luca","tag-luca-ranieri","tag-mercato","tag-nome","tag-nomi","tag-opzioni","tag-opzioni-scambio","tag-partite","tag-ranieri","tag-scambio","tag-serie","tag-soccer","tag-societa","tag-sport","tag-sports","tag-toro"],"share_on_mastodon":{"url":"https:\/\/pubeurope.com\/@it\/115972268592561196","error":""},"_links":{"self":[{"href":"https:\/\/www.europesays.com\/it\/wp-json\/wp\/v2\/posts\/326978","targetHints":{"allow":["GET"]}}],"collection":[{"href":"https:\/\/www.europesays.com\/it\/wp-json\/wp\/v2\/posts"}],"about":[{"href":"https:\/\/www.europesays.com\/it\/wp-json\/wp\/v2\/types\/post"}],"author":[{"embeddable":true,"href":"https:\/\/www.europesays.com\/it\/wp-json\/wp\/v2\/users\/3"}],"replies":[{"embeddable":true,"href":"https:\/\/www.europesays.com\/it\/wp-json\/wp\/v2\/comments?post=326978"}],"version-history":[{"count":0,"href":"https:\/\/www.europesays.com\/it\/wp-json\/wp\/v2\/posts\/326978\/revisions"}],"wp:featuredmedia":[{"embeddable":true,"href":"https:\/\/www.europesays.com\/it\/wp-json\/wp\/v2\/media\/326979"}],"wp:attachment":[{"href":"https:\/\/www.europesays.com\/it\/wp-json\/wp\/v2\/media?parent=326978"}],"wp:term":[{"taxonomy":"category","embeddable":true,"href":"https:\/\/www.europesays.com\/it\/wp-json\/wp\/v2\/categories?post=326978"},{"taxonomy":"post_tag","embeddable":true,"href":"https:\/\/www.europesays.com\/it\/wp-json\/wp\/v2\/tags?post=326978"}],"curies":[{"name":"wp","href":"https:\/\/api.w.org\/{rel}","templated":true}]}}