{"id":327029,"date":"2026-01-28T11:12:08","date_gmt":"2026-01-28T11:12:08","guid":{"rendered":"https:\/\/www.europesays.com\/it\/327029\/"},"modified":"2026-01-28T11:12:08","modified_gmt":"2026-01-28T11:12:08","slug":"chi-era-abderrahim-mansouri-conosciuto-come-zack-il-28enne-ucciso-a-rogoredo-i-tanti-alias-le-fughe-e-il-clan-di-base-al-corvetto","status":"publish","type":"post","link":"https:\/\/www.europesays.com\/it\/327029\/","title":{"rendered":"Chi era Abderrahim Mansouri conosciuto come \u00abZack\u00bb, il 28enne ucciso a Rogoredo: i tanti alias, le fughe e il clan di base al Corvetto"},"content":{"rendered":"<p>    di<br \/>\n    Pierpaolo Lio<\/p>\n<p class=\"summary-art is-line-h-12\">L&#8217;uomo, appartenente a una famiglia nota nell&#8217;ambiente della droga, non aveva mai fatto richiesta di permesso di soggiorno. Aveva scontato una pena per spaccio nel carcere di Cremona. Altre denunce nei mesi scorsi<\/p>\n<p class=\"chapter-paragraph\">La sua prima traccia italiana \u00e8 gi\u00e0 ad alto rischio. \u00c8 l\u2019agosto del 2016. E <a href=\"https:\/\/milano.corriere.it\/notizie\/cronaca\/26_gennaio_27\/abdherraim-mansouri-chi-era-l-uomo-ucciso-a-rogoredo-i-precedenti-per-spaccio-e-rapina-l-aggressione-a-un-carabiniere-5835a443-e601-48e0-93d6-257fb5fb8xlk.shtml\" rel=\"nofollow noopener\" target=\"_blank\">Abderrahim \u00abZack\u00bb Mansouri<\/a> sta <b>scappando da una pattuglia della Finanza<\/b>. \u00c8 a Chiaravalle, a poche centinaia di metri da quello che era l\u2019originale \u00abbosco della droga\u00bb, e dall\u2019altra parte del raccordo autostradale rispetto a dove l\u2019altra sera il <a href=\"https:\/\/milano.corriere.it\/notizie\/cronaca\/26_gennaio_27\/milano-rogoredo-il-poliziotto-che-ha-ucciso-il-28enne-volevo-rincorrerlo-ma-mi-ha-puntato-la-pistola-e-ho-sparato-32cd17e2-684b-4b05-b9c2-83cbd672fxlk.shtml\" rel=\"nofollow noopener\" target=\"_blank\">28enne marocchino \u00e8 morto<\/a>, colpito da un proiettile sparato da un poliziotto.\u00a0<\/p>\n<p class=\"chapter-paragraph\">Quel giorno Abderrahim scavalca una recinzione. <b>Corre a perdifiato. Ma viene bloccato mentre cerca d\u2019infilarsi in uno stabile<\/b>. Lotta comunque per liberarsi dalla presa. E mentre scarica pugni e calci (saranno 12 i giorni di prognosi per un finanziere), prova a sfilare la <a href=\"https:\/\/milano.corriere.it\/notizie\/cronaca\/26_gennaio_26\/sparatoria-a-milano-morto-un-20enne-era-armato-e-ha-incontrato-una-pattuglia-di-agenti-in-borghese-1447a11a-db84-444e-a5cf-b68bc68dbxlk.shtml\" rel=\"nofollow noopener\" target=\"_blank\">pistola d\u2019ordinanza<\/a> dal cinturone di uno dei finanzieri.    &#13;<br \/>\n&#13;<br \/>\n&#13;<br \/>\n&#13;<br \/>\n&#13;<br \/>\n&#13;<br \/>\n&#13;<br \/>\n&#13;<br \/>\n&#13;<br \/>\n&#13;<br \/>\n&#13;<br \/>\n&#13;<br \/>\n&#13;<br \/>\n&#13;<br \/>\n&#13;<br \/>\n&#13;<br \/>\n&#13;<br \/>\n&#13;<br \/>\n&#13;<br \/>\n&#13;<br \/>\n&#13;<br \/>\n&#13;<br \/>\n&#13;<br \/>\n&#13;<br \/>\n&#13;<br \/>\n&#13;<br \/>\n&#13;<br \/>\n&#13;<br \/>\n&#13;<br \/>\n&#13;<br \/>\n&#13;<br \/>\n&#13;<br \/>\n&#13;<br \/>\n&#13;<br \/>\n&#13;<br \/>\n&#13;<br \/>\n&#13;<br \/>\n&#13;<br \/>\n&#13;<br \/>\n&#13;<br \/>\n&#13;<br \/>\n&#13;<br \/>\n&#13;<br \/>\n&#13;<br \/>\n&#13;<br \/>\n&#13;<br \/>\n&#13;<br \/>\n&#13;<br \/>\n&#13;<br \/>\n&#13;<br \/>\n&#13;<br \/>\n&#13;<br \/>\n&#13;\n<\/p>\n<p class=\"chapter-paragraph\">Da allora, in un decennio accumula alias d\u2019ogni tipo, e precedenti. <b>Spaccio, rapina, resistenza, lesioni, ricettazione<\/b>. Nel 2021 finisce in un\u2019operazione antidroga della Polfer. All\u2019epoca, dopo i primi interventi decisi delle forze dell\u2019ordine, il \u00abbosco\u00bb si era spostato lungo la ferrovia. Clienti e \u00abcavallini\u00bb affollavano il \u00abponte spezzato\u00bb della vicina San Donato Milanese.\u00a0<\/p>\n<p class=\"chapter-paragraph\">E lui, che <b>si faceva chiamare Zuahir Whage<\/b>, con data di nascita sfalsata di un giorno, e domicilio nel quartiere Vigentino, continuava a smerciare eroina. Si fa il carcere a Cremona fino a giugno 2023, quando viene affidato per un anno in prova ai servizi sociali. Lo scorso luglio, un nuovo controllato dalle parti di Rogoredo. <b>Ha in tasca una richiesta di permesso di soggiorno spagnolo<\/b>, su cui sono in corso verifiche. A settembre \u00e8 denunciato per stupefacenti e ricettazione (ha con s\u00e9 due cellulari rubati).<\/p>\n<p class=\"chapter-paragraph\">Per gli investigatori, <b>Abderrahim era un \u00abquadro\u00bb nella macchina dello spaccio del \u00abbosco\u00bb<\/b>. E l\u2019altra sera era l\u00ec forse per supervisionare, o per rifornire (aveva addosso hashish, coca ed eroina) il pusher arrestato alla baracca. L\u2019ipotesi \u00e8 che abbia affrontato i poliziotti \u2014 invece di scappare come succede ogni volta che le forze dell\u2019ordine s\u2019affacciano in zona \u2014 perch\u00e9 potrebbe averli scambiati per aggressori di un clan \u00abrivale\u00bb.<\/p>\n<p class=\"chapter-paragraph\"><b>Fino a dieci anni fa, a quel primo arresto eseguito dalla guardia di finanza<\/b>, l\u2019allora 19enne era invece uno dei tanti \u00abfantasmi\u00bb che gravitavano attorno al discount dell\u2019eroina di Rogoredo, dove la \u00abbrutta\u00bb, come la chiamano i pusher, si vende all\u2019esercito di zombie anche in microdosi di meno di mezzo grammo a 5 e 10 euro. Ma quel cognome, da quelle parti, ti proietta nel management dello spaccio. Clan Mansouri. \u00abCasa\u00bb a Oulad Fennane, paesino rurale nell\u2019entroterra del Marocco. <b>\u00abBase\u00bb al quartiere Corvetto<\/b>. E \u00abazienda\u00bb tra la boscaglia di questo pezzo di Milano che vede sfrecciare i treni ad alta velocit\u00e0.<\/p>\n<p class=\"chapter-paragraph\">Sentinelle, corrieri, spacciatori. Bassa manovalanza che vive in \u00abufficio\u00bb, in baracche di fortuna tra le sterpaglie. <b>Sono i \u00abdipendenti\u00bb dello \u00abZio\u00bb Abdelhani<\/b>, considerato il capo, che rifornisce giorno e notte clienti in arrivo da tutto il nord Italia. Eroina, hashish, marijuana, cocaina. C\u2019hanno di tutto i Mansouri. <b>A Rogoredo, a sud. Come al parco delle Groane, a nord. Gli incassi tornano in Marocco<\/b>. Un tesoro che, in passato, ha fatto gola. Oltre dieci anni fa, rapinatori pugliesi fecero irruzione in una macelleria halal al Corvetto. Era la \u00abcassaforte\u00bb dei Mansouri. Se ne andarono con 200mila euro gi\u00e0 impacchettati per il viaggio verso \u00abcasa\u00bb.<\/p>\n<p class=\"is-mr-t-20 is-mr-b-20\"><b><br \/>\n                    <a href=\"https:\/\/milano.corriere.it\/?intcmp=Notizielocali_nd_010623_corriere_ss_milano\" target=\"_blank\" rel=\"nofollow noopener\">Vai a tutte le notizie di Milano<\/a><br \/>\n            <\/b><\/p>\n<p class=\"chapter-paragraph\"><b><a href=\"https:\/\/www.corriere.it\/newsletter\/?theme=41&amp;intcmp=IIIcolonna_NL_CorMilano\" target=\"_blank\" rel=\"nofollow noopener\">Iscriviti alla newsletter di Corriere Milano<\/a><\/b><\/p>\n<p class=\"is-last-update\" datetime=\"2026-01-28T09:41:41+01:00\">28 gennaio 2026 ( modifica il 28 gennaio 2026 | 09:41)<\/p>\n<p class=\"is-copyright\">\n            \u00a9 RIPRODUZIONE RISERVATA\n        <\/p>\n","protected":false},"excerpt":{"rendered":"di Pierpaolo Lio L&#8217;uomo, appartenente a una famiglia nota nell&#8217;ambiente della droga, non aveva mai fatto richiesta di&hellip;\n","protected":false},"author":3,"featured_media":327030,"comment_status":"","ping_status":"","sticky":false,"template":"","format":"standard","meta":{"footnotes":"","_share_on_mastodon":"0"},"categories":[79],"tags":[192035,192036,192037,192030,25843,2537,109498,2333,38650,874,192031,17521,665,42268,5665,14,93,94,5316,10846,69346,724,11138,769,2688,144512,1537,90,89,130564,7157,7,101,15,6183,5262,6857,14929,4696,28972,14038,14902,5641,192032,192033,100329,13287,14931,13471,5248,11,84,91,12,85,92,2529,192034],"class_list":["post-327029","post","type-post","status-publish","format-standard","has-post-thumbnail","category-italia","tag-abdelhani","tag-abdelhani-considerato","tag-abdelhani-considerato-capo","tag-abderrahim","tag-alias","tag-altra","tag-altra-sera","tag-base","tag-bosco","tag-carcere","tag-carcere-cremona","tag-clan","tag-clienti","tag-corvetto","tag-cremona","tag-cronaca","tag-cronaca-italiana","tag-cronacaitaliana","tag-dieci","tag-droga","tag-eroina","tag-euro","tag-finanza","tag-forze","tag-forze-ordine","tag-hashish","tag-it","tag-italia","tag-italy","tag-mansouri","tag-marocco","tag-news","tag-nord","tag-notizie","tag-ordine","tag-parti","tag-permesso","tag-permesso-soggiorno","tag-prova","tag-pusher","tag-quartiere","tag-ricettazione","tag-richiesta","tag-richiesta-permesso","tag-richiesta-permesso-soggiorno","tag-rogoredo","tag-sera","tag-soggiorno","tag-spaccio","tag-tanti","tag-ultime-notizie","tag-ultime-notizie-e-news-di-oggi","tag-ultime-notizie-italia","tag-ultimenotizie","tag-ultimenotizieenewsdioggi","tag-ultimenotizieitalia","tag-viene","tag-zack"],"share_on_mastodon":{"url":"","error":"Validation failed: Text character limit of 500 exceeded"},"_links":{"self":[{"href":"https:\/\/www.europesays.com\/it\/wp-json\/wp\/v2\/posts\/327029","targetHints":{"allow":["GET"]}}],"collection":[{"href":"https:\/\/www.europesays.com\/it\/wp-json\/wp\/v2\/posts"}],"about":[{"href":"https:\/\/www.europesays.com\/it\/wp-json\/wp\/v2\/types\/post"}],"author":[{"embeddable":true,"href":"https:\/\/www.europesays.com\/it\/wp-json\/wp\/v2\/users\/3"}],"replies":[{"embeddable":true,"href":"https:\/\/www.europesays.com\/it\/wp-json\/wp\/v2\/comments?post=327029"}],"version-history":[{"count":0,"href":"https:\/\/www.europesays.com\/it\/wp-json\/wp\/v2\/posts\/327029\/revisions"}],"wp:featuredmedia":[{"embeddable":true,"href":"https:\/\/www.europesays.com\/it\/wp-json\/wp\/v2\/media\/327030"}],"wp:attachment":[{"href":"https:\/\/www.europesays.com\/it\/wp-json\/wp\/v2\/media?parent=327029"}],"wp:term":[{"taxonomy":"category","embeddable":true,"href":"https:\/\/www.europesays.com\/it\/wp-json\/wp\/v2\/categories?post=327029"},{"taxonomy":"post_tag","embeddable":true,"href":"https:\/\/www.europesays.com\/it\/wp-json\/wp\/v2\/tags?post=327029"}],"curies":[{"name":"wp","href":"https:\/\/api.w.org\/{rel}","templated":true}]}}