{"id":327056,"date":"2026-01-28T11:38:09","date_gmt":"2026-01-28T11:38:09","guid":{"rendered":"https:\/\/www.europesays.com\/it\/327056\/"},"modified":"2026-01-28T11:38:09","modified_gmt":"2026-01-28T11:38:09","slug":"crans-montana-perse-le-immagini-di-250-telecamere-di-sorveglianza-ritardi-ed-errori-dellinchiesta-sulla-strage-di-capodanno","status":"publish","type":"post","link":"https:\/\/www.europesays.com\/it\/327056\/","title":{"rendered":"Crans-Montana, perse le immagini di 250 telecamere di sorveglianza: ritardi ed errori dell\u2019inchiesta sulla strage di Capodanno"},"content":{"rendered":"<p>    di<br \/>\n    Giuseppe Guastella<\/p>\n<p class=\"summary-art is-line-h-12\">Beni dei Moretti sequestrati in ritardo: la Svizzera apre a indagini comuni. Anche se Berna rimarca il principio dell\u2019autonomia dei singoli cantoni e che si tratta di una vicenda che riguarda unicamente il Vallese<\/p>\n<p class=\"chapter-paragraph\">Gli hanno sequestrato tutto in Svizzera, lo faranno anche in Francia, ma la Procura cantonale di Sion ci ha messo ben due settimane per <b>bloccare i beni di <a href=\"https:\/\/milano.corriere.it\/notizie\/cronaca\/26_gennaio_24\/crans-montana-cauzione-moretti-chi-ha-pagato-b8aebb86-9c41-4a4d-8880-5bc97ec90xlk.shtml\" rel=\"nofollow noopener\" target=\"_blank\">Jacques e Jessica Moretti<\/a><\/b>, lo stesso tempo che c\u2019\u00e8 voluto per riuscire a chiedere alla Polizia <b>le immagini delle telecamere di sorveglianza attive a <a href=\"https:\/\/milano.corriere.it\/notizie\/cronaca\/26_gennaio_07\/inchiesta-crans-montana-cause-strage-982e3cf5-6772-43b0-ba8d-356531eecxlk.shtml\" rel=\"nofollow noopener\" target=\"_blank\">Capodanno a Crans-Montana<\/a><\/b> mentre le fiamme uccidevano 40 persone nel Le Constellation, ma quando l\u2019ordine \u00e8 arrivato gran parte dei video erano stati cancellati. <b>Ritardi ed errori dell\u2019inchiesta<\/b> emergono anche dalle ultime carte depositate.<\/p>\n<p class=\"chapter-paragraph\"><b>L\u2019ordine di <a href=\"https:\/\/www.corriere.it\/cronache\/26_gennaio_08\/jacques-moretti-processi-condanna-crans-montana-5d9ef840-948c-473e-9a83-6c46049c4xlk.shtml\" rel=\"nofollow noopener\" target=\"_blank\">sequestro<\/a> \u00e8 datato 15 gennaio <\/b>e riguarda i quattro immobili che i coniugi Moretti sono riusciti ad acquistare in appena quattro anni partendo da zero. Sono i tre locali (Le Constellation, Le Senso e Le Vieux Chalet) e la villetta di famiglia: valore cinque milioni di franchi circa. Tutto ipotecato dalle banche come garanzia sui mutui, impensabile venderli, ma non si sa mai. Qualche rischio avrebbero potuto correrlo <b>la casa della coppia a Cannes (valore intorno ai 500 mila euro, con ipoteca) e un immobile in Corsica<\/b>, che Jacques ha definito fatiscente: per sequestrarli i pm hanno avviato una rogatoria in Francia solo il 14. Sono beni che possono essere sequestrati \u00abcome mezzi di prova\u00bb o per \u00abgarantire il pagamento\u00bb delle spese processuali e dei risarcimenti.    &#13;<br \/>\n&#13;<br \/>\n&#13;<br \/>\n&#13;<br \/>\n&#13;<br \/>\n&#13;<br \/>\n&#13;<br \/>\n&#13;<br \/>\n&#13;<br \/>\n&#13;<br \/>\n&#13;<br \/>\n&#13;<br \/>\n&#13;<br \/>\n&#13;<br \/>\n&#13;<br \/>\n&#13;<br \/>\n&#13;<br \/>\n&#13;<br \/>\n&#13;<br \/>\n&#13;<br \/>\n&#13;<br \/>\n&#13;<br \/>\n&#13;<br \/>\n&#13;<br \/>\n&#13;<br \/>\n&#13;<br \/>\n&#13;<br \/>\n&#13;<br \/>\n&#13;<br \/>\n&#13;<br \/>\n&#13;<br \/>\n&#13;<br \/>\n&#13;<br \/>\n&#13;<br \/>\n&#13;<br \/>\n&#13;<br \/>\n&#13;<br \/>\n&#13;<br \/>\n&#13;<br \/>\n&#13;<br \/>\n&#13;<br \/>\n&#13;<br \/>\n&#13;<br \/>\n&#13;<br \/>\n&#13;<br \/>\n&#13;<br \/>\n&#13;<br \/>\n&#13;<br \/>\n&#13;<br \/>\n&#13;<br \/>\n&#13;<br \/>\n&#13;<br \/>\n&#13;\n<\/p>\n<p class=\"chapter-paragraph\">Qualche giorno c\u2019\u00e8 voluto anche per chiedere alla Polizia locale di consegnare \u00abnel pi\u00f9 breve tempo possibile\u00bb le immagini registrate dalle circa <b>250 telecamere di sorveglianza su tutto il territorio del Comune di Crans-Montana tra le 0.30 e le 2 del primo gennaio<\/b> (l\u2019incendio \u00e8 divampato all\u2019una e 28), ma anche questa richiesta risulta essere arrivata il 15 gennaio, quando le immagini non c\u2019erano pi\u00f9 perch\u00e9 in memoria restano solo gli ultimi sette giorni. Fortunatamente, la polizia cantonale \u00e8 riuscita a recuperare almeno quelle dell\u2019area del disastro.<\/p>\n<p class=\"chapter-paragraph\">I metodi investigativi elvetici hanno suscitato molte critiche, anche dal governo italiano che, dopo la scarcerazione su cauzione di Jacques Moretti, accusato con la moglie di omicidio, lesioni e incendio colposi, aveva richiamato a Roma l\u2019ambaciatore Gian Lorenzo Cornado. Ieri le tensioni sono sembrate allentarsi quando le autorit\u00e0 elvetiche hanno aperto alla collaborazione tra squadre investigative italo-svizzere che la premier Giorgia Meloni aveva posto come condizione per far rientrare Cornado in sede, anche se <b>Berna rimarca il principio dell\u2019autonomia dei singoli cantoni e che si tratta di una vicenda che riguarda unicamente il Vallese<\/b>. E, ribadendo che la politica non deve interferire con la giustizia, sottolinea che le circostanze dell\u2019incendio \u00abdevono essere chiarite in modo rapido, trasparente e completo\u00bb.<\/p>\n<p class=\"chapter-paragraph\">Dalle carte delle indagini emergono altri particolari, assieme alla sensazione che i Moretti abbiano avuto modo di concordare la difesa prima dell\u2019arresto di Jacques e perch\u00e9 hanno potuto assistere ciascuno all\u2019interrogatorio dell\u2019altro, come prevede la legge svizzera. <b>Entrambi hanno tentato di alleggerire <a href=\"https:\/\/www.corriere.it\/cronache\/26_gennaio_22\/crans-montana-jessica-moretti-candele-scintillanti-b1506107-453f-4e91-8771-2dc41d4ecxlk.shtml\" rel=\"nofollow noopener\" target=\"_blank\">le proprie responsabilit\u00e0<\/a> scaricandole su altri<\/b>, a partire dal servizio antincendio del Comune che non ha fatto controlli negli ultimi 5 anni e prima non aveva fatto mai rilievi nonostante la spugna fonoassorbente incendiabile e le uscite di sicurezza insufficienti o bloccate. Nessuno del Comune \u00e8 stato indagato, fino ad ora, ma le domande suggeriscono che la procura sta lavorando in quel senso. \u00abSiete stati sensibilizzati dalle autorit\u00e0 comunali o cantonali alla problematica degli incendi?\u00bb, chiedono le tre pm. \u00abNo. In ogni caso non lo ricordo\u00bb, risponde l\u2019uomo, dicendo che nel locale c\u2019erano quattro estintori.<\/p>\n<p class=\"chapter-paragraph\">Molti ragazzi si sarebbero potuti salvare, come la cameriera Cyane che, inconsapevolmente, ha innescato l\u2019incendio con la bottiglia di champagne e fontanella annessa, se <a href=\"https:\/\/milano.corriere.it\/notizie\/cronaca\/26_gennaio_11\/crans-montana-jacques-moretti-porta-sicurezza-5081d084-5c78-498e-9247-e95ec498fxlk.shtml\" rel=\"nofollow noopener\" target=\"_blank\">la porta di servizio<\/a> al pianterreno non fosse stata bloccata con un chiavistello.<b> Chi l\u2019ha chiusa? Moretti dice che \u00e8 stato Adrien, il cuoco del Vieux Chalet<\/b> che quella sera aveva portato del ghiaccio. \u00ab\u00c8 partito (per la Francia, ndr) la mattina stessa. Gli ho mandato un messaggio dicendo che non doveva fuggire e che doveva assumersi le responsabilit\u00e0\u00bb, \u00absolo dopo i rimorsi e il senso di colpa ha confessato\u00bb. Infine, Jacques e Jessica smentiscono che lei sia fuggita dal locale con la cassa: \u00abUna calunnia che mi ha estremamente ferita\u00bb. <b>I soldi<\/b>, meno di duemila euro in contanti, sono stati trovati nel locale, assieme ad un sacchetto con <b>6 razzi e 8 petardi<\/b>. \u00abLi hanno portati i clienti\u00bb, dicono i Moretti. Un\u2019ulteriore prova che l\u00ec la sicurezza non era di casa.<\/p>\n<p class=\"is-mr-t-20 is-mr-b-20\"><b><br \/>\n                    <a href=\"https:\/\/milano.corriere.it\/?intcmp=Notizielocali_nd_010623_corriere_ss_milano\" target=\"_blank\" rel=\"nofollow noopener\">Vai a tutte le notizie di Milano<\/a><br \/>\n            <\/b><\/p>\n<p class=\"chapter-paragraph\"><b><a href=\"https:\/\/www.corriere.it\/newsletter\/?theme=41&amp;intcmp=IIIcolonna_NL_CorMilano\" target=\"_blank\" rel=\"nofollow noopener\">Iscriviti alla newsletter di Corriere Milano<\/a><\/b><\/p>\n<p class=\"is-last-update\" datetime=\"2026-01-28T10:28:31+01:00\">28 gennaio 2026<\/p>\n<p class=\"is-copyright\">\n            \u00a9 RIPRODUZIONE RISERVATA\n        <\/p>\n","protected":false},"excerpt":{"rendered":"di Giuseppe Guastella Beni dei Moretti sequestrati in ritardo: la Svizzera apre a indagini comuni. Anche se Berna&hellip;\n","protected":false},"author":3,"featured_media":327057,"comment_status":"","ping_status":"","sticky":false,"template":"","format":"standard","meta":{"footnotes":"","_share_on_mastodon":"0"},"categories":[160],"tags":[17039,2546,192043,192044,917,3832,23714,192045,192046,175471,141676,192047,192048,82649,10434,129678,6913,192049,393,168190,171614,110178,44739,14,164,165,5410,2597,44027,5362,192050,724,4300,2614,12272,192051,192052,3411,51,486,84102,695,166,110181,15246,7,15,531,7301,2677,8881,8093,7045,192042,11,167,12,168,161,162,163],"class_list":["post-327056","post","type-post","status-publish","format-standard","has-post-thumbnail","category-mondo","tag-assieme","tag-autonomia","tag-autonomia-singoli","tag-autonomia-singoli-cantoni","tag-autorita","tag-beni","tag-berna","tag-berna-rimarca","tag-berna-rimarca-principio","tag-cantonale","tag-cantoni","tag-cantoni-tratta","tag-cantoni-tratta-vicenda","tag-capodanno","tag-carte","tag-chalet","tag-chiedere","tag-chiedere-polizia","tag-comune","tag-constellation","tag-cornado","tag-crans","tag-crans-montana","tag-cronaca","tag-dal-mondo","tag-dalmondo","tag-dicendo","tag-doveva","tag-emergono","tag-errori","tag-errori-inchiesta","tag-euro","tag-francia","tag-gennaio","tag-immagini","tag-immagini-telecamere","tag-immagini-telecamere-sorveglianza","tag-incendio","tag-inchiesta","tag-indagini","tag-jacques","tag-locale","tag-mondo","tag-montana","tag-moretti","tag-news","tag-notizie","tag-polizia","tag-riguarda","tag-senso","tag-sorveglianza","tag-svizzera","tag-telecamere","tag-telecamere-sorveglianza","tag-ultime-notizie","tag-ultime-notizie-di-mondo","tag-ultimenotizie","tag-ultimenotiziedimondo","tag-world","tag-world-news","tag-worldnews"],"share_on_mastodon":{"url":"","error":"Validation failed: Text character limit of 500 exceeded"},"_links":{"self":[{"href":"https:\/\/www.europesays.com\/it\/wp-json\/wp\/v2\/posts\/327056","targetHints":{"allow":["GET"]}}],"collection":[{"href":"https:\/\/www.europesays.com\/it\/wp-json\/wp\/v2\/posts"}],"about":[{"href":"https:\/\/www.europesays.com\/it\/wp-json\/wp\/v2\/types\/post"}],"author":[{"embeddable":true,"href":"https:\/\/www.europesays.com\/it\/wp-json\/wp\/v2\/users\/3"}],"replies":[{"embeddable":true,"href":"https:\/\/www.europesays.com\/it\/wp-json\/wp\/v2\/comments?post=327056"}],"version-history":[{"count":0,"href":"https:\/\/www.europesays.com\/it\/wp-json\/wp\/v2\/posts\/327056\/revisions"}],"wp:featuredmedia":[{"embeddable":true,"href":"https:\/\/www.europesays.com\/it\/wp-json\/wp\/v2\/media\/327057"}],"wp:attachment":[{"href":"https:\/\/www.europesays.com\/it\/wp-json\/wp\/v2\/media?parent=327056"}],"wp:term":[{"taxonomy":"category","embeddable":true,"href":"https:\/\/www.europesays.com\/it\/wp-json\/wp\/v2\/categories?post=327056"},{"taxonomy":"post_tag","embeddable":true,"href":"https:\/\/www.europesays.com\/it\/wp-json\/wp\/v2\/tags?post=327056"}],"curies":[{"name":"wp","href":"https:\/\/api.w.org\/{rel}","templated":true}]}}