{"id":327226,"date":"2026-01-28T14:04:10","date_gmt":"2026-01-28T14:04:10","guid":{"rendered":"https:\/\/www.europesays.com\/it\/327226\/"},"modified":"2026-01-28T14:04:10","modified_gmt":"2026-01-28T14:04:10","slug":"zamperini-pronto-a-lavorare-per-i-miei-compagni-ma-se-avro-loccasione","status":"publish","type":"post","link":"https:\/\/www.europesays.com\/it\/327226\/","title":{"rendered":"ZAMPERINI. \u00abPRONTO A LAVORARE PER I MIEI COMPAGNI, MA SE AVRO&#8217; L&#8217;OCCASIONE&#8230;\u00bb"},"content":{"rendered":"<p>A 22 anni, Edoardo Zamperini \u00e8 uno dei nuovi volti di Cofidis. Campione italiano U23 nel 2024, il veronese \u00e8 determinato a dare il massimo: gi\u00e0 ben integrato nella squadra, lo scalatore italiano vuole mettere a frutto il suo entusiasmo per i compagni e spera di avere presto la sua occasione. Ieri ha iniziato la sua stagione con un tredicesimo posto nella tappa inaugurale dell&#8217;AlUla Tour, tutt&#8217;altro che adatta ad un coridore che ama la montagna. Ecco l&#8217;intervista che abbiamo realizzato con lui.\u00a0\n            <\/p>\n<p><strong>La mia passione per il ciclismo.<\/strong>\u00a0\u00abNon so davvero come sia successo. Prima di me, nessuno nella mia famiglia andava in bicicletta. Ho provato il calcio ma l&#8217;ho odiato subito. Cercavo un altro sport, ho provato il ciclismo e l&#8217;ho subito adorato. \u00c8 difficile spiegare il perch\u00e9, ma una cosa \u00e8 certa: quella passione non mi ha mai abbandonato!\u00bb.\n            <\/p>\n<p><strong>L&#8217;amore per le montagne.<\/strong>. \u00abQuello che mi piace di pi\u00f9 del ciclismo sono i passi di montagna. \u00c8 come nella vita: ti poni un obiettivo, una vetta da raggiungere, e dai il massimo per arrivarci. Adoro l&#8217;idea di spingere a tutta, trovare i miei limiti e cercare costantemente di superarli. E la ricompensa migliore \u00e8 sapere di aver dato tutto e di aver raggiunto la vetta\u00bb.<\/p>\n<p><strong>Il mio posto preferito per allenarsi.<\/strong>\u00a0\u00ab\u00c8 a casa, nella provicnia di Verona. La cosa fantastica \u00e8 che puoi pedalare per quattro ore su terreni pianeggianti o passare quattro ore a scalare le colline! C&#8217;\u00e8 ogni tipo di salita e il clima \u00e8 piacevole tutto l&#8217;anno. Mi piace anche andare al Lago di Garda, che \u00e8 molto bello. Non sorprende che molti turisti vengano qui a pedalare\u00bb.<\/p>\n<p><strong>La mia passione al di fuori del ciclismo.<\/strong>\u00a0 \u00abNon \u00e8 facile perch\u00e9 la mia passione \u00e8 il ciclismo (sorride). Ma quello che mi piace di pi\u00f9, al di fuori di tutto questo, \u00e8 camminare tra le montagne. Ancora una volta, ci sono molte escursioni e passeggiate da fare da dove vivo, \u00e8 bellissimo\u00bb.<\/p>\n<p><strong>Il mio obiettivo per questa stagione. <\/strong>\u00a0\u00abIl mio obiettivo principale sar\u00e0 aiutare i miei compagni di squadra il pi\u00f9 possibile in ogni gara. Dopodich\u00e9, voglio anche mostrare di cosa sono capace e firmare delle ottime interpretazioni. E se avr\u00f2 la possibilit\u00e0 di cogliere le opportunit\u00e0, lo far\u00f2! Ieri nella tappa dell&#8217;AlUla Tour ho lavorato per mettere Milan (Fretin, alla fine secondo, ndr) nella migliore posizione possibile. So che ci sono anche due tappe per gli scalatori e far\u00f2 tutto il possibile per essere protagonista\u00bb.<\/p>\n","protected":false},"excerpt":{"rendered":"A 22 anni, Edoardo Zamperini \u00e8 uno dei nuovi volti di Cofidis. Campione italiano U23 nel 2024, il&hellip;\n","protected":false},"author":3,"featured_media":327227,"comment_status":"","ping_status":"","sticky":false,"template":"","format":"standard","meta":{"footnotes":"","_share_on_mastodon":"0"},"categories":[1456],"tags":[146839,1824,21028,1825,3436,1537,90,89,245,244],"class_list":["post-327226","post","type-post","status-publish","format-standard","has-post-thumbnail","category-ciclismo","tag-alula-tour","tag-ciclismo","tag-cofidis","tag-cycling","tag-giovani-talenti","tag-it","tag-italia","tag-italy","tag-sport","tag-sports"],"share_on_mastodon":{"url":"https:\/\/pubeurope.com\/@it\/115973106051402513","error":""},"_links":{"self":[{"href":"https:\/\/www.europesays.com\/it\/wp-json\/wp\/v2\/posts\/327226","targetHints":{"allow":["GET"]}}],"collection":[{"href":"https:\/\/www.europesays.com\/it\/wp-json\/wp\/v2\/posts"}],"about":[{"href":"https:\/\/www.europesays.com\/it\/wp-json\/wp\/v2\/types\/post"}],"author":[{"embeddable":true,"href":"https:\/\/www.europesays.com\/it\/wp-json\/wp\/v2\/users\/3"}],"replies":[{"embeddable":true,"href":"https:\/\/www.europesays.com\/it\/wp-json\/wp\/v2\/comments?post=327226"}],"version-history":[{"count":0,"href":"https:\/\/www.europesays.com\/it\/wp-json\/wp\/v2\/posts\/327226\/revisions"}],"wp:featuredmedia":[{"embeddable":true,"href":"https:\/\/www.europesays.com\/it\/wp-json\/wp\/v2\/media\/327227"}],"wp:attachment":[{"href":"https:\/\/www.europesays.com\/it\/wp-json\/wp\/v2\/media?parent=327226"}],"wp:term":[{"taxonomy":"category","embeddable":true,"href":"https:\/\/www.europesays.com\/it\/wp-json\/wp\/v2\/categories?post=327226"},{"taxonomy":"post_tag","embeddable":true,"href":"https:\/\/www.europesays.com\/it\/wp-json\/wp\/v2\/tags?post=327226"}],"curies":[{"name":"wp","href":"https:\/\/api.w.org\/{rel}","templated":true}]}}