{"id":327266,"date":"2026-01-28T14:37:10","date_gmt":"2026-01-28T14:37:10","guid":{"rendered":"https:\/\/www.europesays.com\/it\/327266\/"},"modified":"2026-01-28T14:37:10","modified_gmt":"2026-01-28T14:37:10","slug":"barella-infortunio-condizioni-e-tempi-di-recupero-del-centrocampista-dellinter","status":"publish","type":"post","link":"https:\/\/www.europesays.com\/it\/327266\/","title":{"rendered":"Barella, infortunio: condizioni e tempi di recupero del centrocampista dell&#8217;Inter"},"content":{"rendered":"<p>                                Infortunio per il centrocampista nerazzurro. Chivu dovrebbe per\u00f2 riaverlo a disposizione per la sfida di met\u00e0 febbraio contro la Signora<\/p>\n<p class=\"paragraph\" spellcheck=\"true\">\u201c<b>Nicol\u00f2 Barella<\/b> si \u00e8 sottoposto questa mattina a esami clinico-strumentali presso l\u2019Istituto Humanitas di Rozzano. Per il centrocampista nerazzurro lieve <b>risentimento al muscolo psoas della coscia destra<\/b>. Le sue condizioni saranno valutate giorno dopo giorno\u201d. Con questo comunicato l&#8217;Inter ha annunciato l&#8217;esito dei controlli a cui si \u00e8 sottoposto in mattinata Barella. Nulla di particolarmente preoccupante per il centrocampista nerazzurro, che per\u00f2 sar\u00e0 costretto a <b>restare ai box<\/b> non soltanto nella gara di questa sera contro il <b>Borussia Dortmund<\/b> &#8211; <a href=\"https:\/\/www.gazzetta.it\/Calcio\/Serie-A\/Inter\/27-01-2026\/inter-che-guaio-barella-non-convocato-per-dortmund-affaticamento-muscolare.shtml?intcmp=hyperlink-articolo-gazit\" target=\"_blank\" rel=\"nofollow noopener\">per la quale non \u00e8 stato convocato<\/a> -, ma anche nel match in programma domenica alle 18, contro la <b>Cremonese <\/b>e la sfida di Coppa Italia contro il <b>Torino<\/b>. Complicato un rientro per la trasferta di Reggio Emilia con il <b>Sassuolo<\/b>.\u00a0<b\/>Chivu punter\u00e0 a riavere l&#8217;ex Cagliari al top per la sfida di met\u00e0 febbraio contro la <b>Juventus<\/b>.\u00a0<\/p>\n","protected":false},"excerpt":{"rendered":"Infortunio per il centrocampista nerazzurro. Chivu dovrebbe per\u00f2 riaverlo a disposizione per la sfida di met\u00e0 febbraio contro&hellip;\n","protected":false},"author":3,"featured_media":327267,"comment_status":"","ping_status":"","sticky":false,"template":"","format":"standard","meta":{"footnotes":"","_share_on_mastodon":"0"},"categories":[1452],"tags":[8440,721,3153,104557,2839,6104,17801,1595,1740,350,1537,90,89,8392,3461,1739,245,244],"class_list":["post-327266","post","type-post","status-publish","format-standard","has-post-thumbnail","category-calcio","tag-barella","tag-calcio","tag-centrocampista","tag-centrocampista-nerazzurro","tag-chivu","tag-esami","tag-esito","tag-febbraio","tag-football","tag-inter","tag-it","tag-italia","tag-italy","tag-nerazzurro","tag-sfida","tag-soccer","tag-sport","tag-sports"],"share_on_mastodon":{"url":"https:\/\/pubeurope.com\/@it\/115973235928648336","error":""},"_links":{"self":[{"href":"https:\/\/www.europesays.com\/it\/wp-json\/wp\/v2\/posts\/327266","targetHints":{"allow":["GET"]}}],"collection":[{"href":"https:\/\/www.europesays.com\/it\/wp-json\/wp\/v2\/posts"}],"about":[{"href":"https:\/\/www.europesays.com\/it\/wp-json\/wp\/v2\/types\/post"}],"author":[{"embeddable":true,"href":"https:\/\/www.europesays.com\/it\/wp-json\/wp\/v2\/users\/3"}],"replies":[{"embeddable":true,"href":"https:\/\/www.europesays.com\/it\/wp-json\/wp\/v2\/comments?post=327266"}],"version-history":[{"count":0,"href":"https:\/\/www.europesays.com\/it\/wp-json\/wp\/v2\/posts\/327266\/revisions"}],"wp:featuredmedia":[{"embeddable":true,"href":"https:\/\/www.europesays.com\/it\/wp-json\/wp\/v2\/media\/327267"}],"wp:attachment":[{"href":"https:\/\/www.europesays.com\/it\/wp-json\/wp\/v2\/media?parent=327266"}],"wp:term":[{"taxonomy":"category","embeddable":true,"href":"https:\/\/www.europesays.com\/it\/wp-json\/wp\/v2\/categories?post=327266"},{"taxonomy":"post_tag","embeddable":true,"href":"https:\/\/www.europesays.com\/it\/wp-json\/wp\/v2\/tags?post=327266"}],"curies":[{"name":"wp","href":"https:\/\/api.w.org\/{rel}","templated":true}]}}