{"id":327395,"date":"2026-01-28T16:32:10","date_gmt":"2026-01-28T16:32:10","guid":{"rendered":"https:\/\/www.europesays.com\/it\/327395\/"},"modified":"2026-01-28T16:32:10","modified_gmt":"2026-01-28T16:32:10","slug":"checco-zalone-ha-una-marcia-in-piu-dei-cinepanettoni-speriamo-sia-rimasto-qualche-soldo-de-sica-presenta-agata-christian","status":"publish","type":"post","link":"https:\/\/www.europesays.com\/it\/327395\/","title":{"rendered":"\u00abChecco Zalone ha una marcia in pi\u00f9 dei cinepanettoni. Speriamo sia rimasto qualche soldo\u00bb. De Sica presenta Agata Christian"},"content":{"rendered":"<p>\n                            Il punto serale sulle notizie del giorno<br \/>\n                            <b>Iscriviti<\/b> e ricevi le notizie via email\n                        <\/p>\n<p>\u00ab<a href=\"https:\/\/www.ilmessaggero.it\/t\/checco-zalone\" rel=\"nofollow noopener\" target=\"_blank\">Checco Zalone<\/a> \u00e8 come noi con i cinepanettoni\u00bb. Il passaggio di testimone arriva da <a href=\"https:\/\/www.ilmessaggero.it\/t\/christian-de-sica\" rel=\"nofollow noopener\" target=\"_blank\">Christian De Sica<\/a>, per anni volto-simbolo del botteghino natalizio. E in un confronto che pesa anche sul piano dei numeri, <a href=\"https:\/\/www.ilmessaggero.it\/t\/buen-camino\" rel=\"nofollow noopener\" target=\"_blank\">Buen Camino<\/a> il 25 dicembre ha superato il record registrato da Natale a New York nel 2006 (sul mercato italiano). <a href=\"https:\/\/www.ilmessaggero.it\/t\/de-sica\" rel=\"nofollow noopener\" target=\"_blank\">De Sica<\/a> ne ha parlato mercoled\u00ec 28 gennaio, alla presentazione romana di Agata Christian &#8211; Delitto sulle nevi.<\/p>\n<p>&#13;<br \/>\n    APPROFONDIMENTI&#13;<br \/>\n    &#13;<\/p>\n<p>Il film <\/p>\n<p>Giallo e commedia si incontrano in &#8216;Agata Christian &#8211; Delitto sulle nevi&#8217;, diretto da Eros Puglielli con protagonisti Christian\u00a0De Sica, <a href=\"https:\/\/www.ilmessaggero.it\/t\/lillo-petrolo\" rel=\"nofollow noopener\" target=\"_blank\">Lillo Petrolo<\/a> e <a href=\"https:\/\/www.ilmessaggero.it\/t\/paolo-calabresi\" rel=\"nofollow noopener\" target=\"_blank\">Paolo Calabresi<\/a>. Al centro della storia c&#8217;\u00e8 Christian Agata (De Sica), criminologo celebre e caustico, che accetta di partecipare come testimonial al rilancio del gioco da tavolo &#8216;Crime Castle&#8217; nella villa valdostana dei Gulmar, potenti imprenditori del settore ludico. Con lui ci sono il brigadiere Vanni Cuozzo (<a href=\"https:\/\/www.ilmessaggero.it\/t\/lillo\" rel=\"nofollow noopener\" target=\"_blank\">Lillo<\/a> Petrolo), poliziotto ingenuo e suo fan entusiasta, e Candido Tarda, l\u2019appuntato dei Carabinieri e braccio destro del brigadiere Cuozzo. Durante il weekend, il patriarca Carlo Gulmar (<a href=\"https:\/\/www.ilmessaggero.it\/t\/giorgio-colangeli\" rel=\"nofollow noopener\" target=\"_blank\">Giorgio Colangeli<\/a>) annuncia di voler riprendere il controllo dell\u2019azienda, mandando all\u2019aria la vendita alla start\u2011up Shothouse &#8211; il cui Ceo \u00e8 One Shot interpretato dal trapper <a href=\"https:\/\/www.ilmessaggero.it\/t\/tony-effe\" rel=\"nofollow noopener\" target=\"_blank\">Tony Effe<\/a> &#8211; e scatenando tensioni familiari. <\/p>\n<p>Una valanga isola il castello e, poco dopo, Carlo viene trovato assassinato in una scena tanto macabra quanto teatrale. Senza contatti con l\u2019esterno, Christian, Cuozzo e Tarda devono indagare tra rancori, segreti e sospetti incrociati <img loading=\"lazy\" decoding=\"async\" alt=\"Video\" height=\"180\" class=\"wnv-lazy\" src=\"https:\/\/utils.cedsdigital.it\/img\/placeholders\/video.svg\" style=\"max-width:100%;height:auto;display:block;margin:auto;left:0;bottom:0;right:0;top:0;position:absolute\" width=\"340\"\/>   Il commento su Zalone <\/p>\n<p>Intervistato da Best Movie, De Sica commenta il successo di Checco Zalone: \u00abNon \u00e8 altro che quello che eravamo noi con i cinepanettoni. Ha guadagnato un posto al sole perch\u00e9 il suo cinema ha una marcia in pi\u00f9 rispetto al nostro, una profondit\u00e0 che la nostra farsa non aveva\u00bb. In conferenza stampa, invece, la battuta al pubblico: \u00abSperiamo che dopo Zalone abbiano ancora qualche soldo per venire a vedere il nostro film\u00bb.<\/p>\n<p>Il politicamente (s)corretto <\/p>\n<p>De Sica\u00a0sottolinea l&#8217;originalit\u00e0 di questo film: \u00abE&#8217; un dramedy e credo che in Italia sia il primo del genere\u00bb. Per\u00a0De Sica\u00a0\u00e8 anche l&#8217;occasione per tornare sul tema del politicamente corretto: \u00abIl politicamente scorretto si pu\u00f2 fare, purch\u00e9 sia intelligente. Oggi &#8220;\u00e8 pi\u00f9 difficile far ridere. Se facessi le battute dei film di\u00a0De\u00a0Laurentiis mi metterebbero in carcere\u00bb. Anche se \u00abforse oggi non lei farei pi\u00f9, ho un&#8217;altra et\u00e0. Prima ero pi\u00f9 incosciente\u00bb. Sul tema interviene anche Lillo: \u00abIl politicamente scorretto vuol dire raccontare quello che accade nella vita di tutti i giorni perch\u00e9 la vita a volte \u00e8 scorretta. Se non puoi pi\u00f9 raccontarlo attraverso la linea della comicit\u00e0 \u00e8 un problema\u00bb. L&#8217;attore ricorda poi un momento esilarante dal set: \u00abNoi, come Tom Cruise, non ci siamo serviti degli stuntmen. E abbiamo iniziato bene: il primo giorno di riprese io e Christian siamo finiti in un crepaccio\u00bb.\u00a0<\/p>\n<p>&#13;<br \/>\n                            \u00a9 RIPRODUZIONE RISERVATA&#13;<\/p>\n<p>&#13;<\/p>\n","protected":false},"excerpt":{"rendered":"Il punto serale sulle notizie del giorno Iscriviti e ricevi le notizie via email \u00abChecco Zalone \u00e8 come&hellip;\n","protected":false},"author":3,"featured_media":327396,"comment_status":"","ping_status":"","sticky":false,"template":"","format":"standard","meta":{"footnotes":"","_share_on_mastodon":"0"},"categories":[1442],"tags":[192254,12059,5162,5467,192255,203,454,204,1537,90,89,1521,12075,192256],"class_list":["post-327395","post","type-post","status-publish","format-standard","has-post-thumbnail","category-film","tag-agatha-cristian","tag-checco-zalone","tag-christian-de-sica","tag-de-sica","tag-de-sica-zalone","tag-entertainment","tag-film","tag-intrattenimento","tag-it","tag-italia","tag-italy","tag-movies","tag-zalone","tag-zalone-de-sica"],"share_on_mastodon":{"url":"https:\/\/pubeurope.com\/@it\/115973688526936851","error":""},"_links":{"self":[{"href":"https:\/\/www.europesays.com\/it\/wp-json\/wp\/v2\/posts\/327395","targetHints":{"allow":["GET"]}}],"collection":[{"href":"https:\/\/www.europesays.com\/it\/wp-json\/wp\/v2\/posts"}],"about":[{"href":"https:\/\/www.europesays.com\/it\/wp-json\/wp\/v2\/types\/post"}],"author":[{"embeddable":true,"href":"https:\/\/www.europesays.com\/it\/wp-json\/wp\/v2\/users\/3"}],"replies":[{"embeddable":true,"href":"https:\/\/www.europesays.com\/it\/wp-json\/wp\/v2\/comments?post=327395"}],"version-history":[{"count":0,"href":"https:\/\/www.europesays.com\/it\/wp-json\/wp\/v2\/posts\/327395\/revisions"}],"wp:featuredmedia":[{"embeddable":true,"href":"https:\/\/www.europesays.com\/it\/wp-json\/wp\/v2\/media\/327396"}],"wp:attachment":[{"href":"https:\/\/www.europesays.com\/it\/wp-json\/wp\/v2\/media?parent=327395"}],"wp:term":[{"taxonomy":"category","embeddable":true,"href":"https:\/\/www.europesays.com\/it\/wp-json\/wp\/v2\/categories?post=327395"},{"taxonomy":"post_tag","embeddable":true,"href":"https:\/\/www.europesays.com\/it\/wp-json\/wp\/v2\/tags?post=327395"}],"curies":[{"name":"wp","href":"https:\/\/api.w.org\/{rel}","templated":true}]}}