{"id":327688,"date":"2026-01-28T20:57:10","date_gmt":"2026-01-28T20:57:10","guid":{"rendered":"https:\/\/www.europesays.com\/it\/327688\/"},"modified":"2026-01-28T20:57:10","modified_gmt":"2026-01-28T20:57:10","slug":"damiano-david-ecco-come-ha-fatto-la-proposta-di-matrimonio-a-dove-cameron","status":"publish","type":"post","link":"https:\/\/www.europesays.com\/it\/327688\/","title":{"rendered":"Damiano David ecco come ha fatto la proposta di matrimonio a Dove Cameron"},"content":{"rendered":"<p class=\"paragraph\" spellcheck=\"true\">Il mondo l&#8217;ha saputo soltanto da poche settimane, il 3 gennaio, con la <a href=\"https:\/\/www.gazzetta.it\/gossip\/03-01-2026\/damiano-david-dove-cameron-si-sposano-matrimonio-nel-2026-gli-anelli.shtml?intcmp=hyperlink-articolo-gazit\" title=\"Damiano David e Dove Cameron si sposano: \" sar=\"\" un=\"\" anno=\"\" bellissimo=\"\" rel=\"nofollow noopener\" target=\"_blank\">foto pubblicata<\/a> sui social con gli anelli, ma in realt\u00e0 <b>Damiano David e Dove Cameron<\/b> sono fidanzati dallo scorso ottobre. A svelare tutti i<b> retroscena sul loro fidanzamento<\/b> ci ha pensato Dove Cameron, durante una intervista con Jimmy Fallon al Tonight Show dove era stata invitata per presentare la serie tv\u00a0<b>56 Giorni<\/b>, di cui \u00e8 protagonista, in arrivo a febbraio su Prime Video.<\/p>\n<p class=\"paragraph\" spellcheck=\"true\">&#8220;Stavamo facendo le valigie e io sono la versione peggiore di me stessa quando le preparo, non ho mai imparato a fare i bagagli ho sempre vestiti ovunque&#8221; ha raccontato l&#8217;attrice. &#8220;Indossavo una maglietta oversize, senza trucco, con i capelli ancora bagnati dopo la doccia&#8221; ha proseguito Dove, spiegando come in quel momento aveva capito che Damiano stava per fare qualcosa di importante. &#8220;Il mio cervello si \u00e8 come spaccato a met\u00e0, sono andata in soggiorno e lui aveva qualcosa in mano&#8221;.\u00a0<\/p>\n<p class=\"paragraph\" spellcheck=\"true\"><b>Molti potrebbero pensare che non sia stata la proposta di matrimonio pi\u00f9 romantica del mondo,<\/b> che probabilmente non era il momento giusto per farlo. Ma il cantante dei<a href=\"https:\/\/www.gazzetta.it\/spettacolo\/12-10-2025\/maaneskin-reunion-di-fatto-tutti-insieme-al-concerto-di-damiano.shtml?intcmp=hyperlink-articolo-gazit\" title=\"M\u00e5neskin, reunion per una notte: tutti insieme al concerto di Damiano David\" rel=\"nofollow noopener\" target=\"_blank\"> Maneskin<\/a> le ha detto: &#8220;So che alcune ragazze vogliono petali di rosa, ma la nostra vita \u00e8 gi\u00e0 cos\u00ec grande e piena di emozioni pubbliche. Voglio lavare i piatti con te, fare il bucato, cucinare insieme. Ti voglio con la tua maglietta oversize, questa \u00e8 la vita che ho scelto. Vuoi sposarmi?&#8221; e <b>Dove Cameron<\/b> ha ammesso che in quel momento aveva capito che sarebbe stato l&#8217;uomo della sua vita.<\/p>\n","protected":false},"excerpt":{"rendered":"Il mondo l&#8217;ha saputo soltanto da poche settimane, il 3 gennaio, con la foto pubblicata sui social con&hellip;\n","protected":false},"author":3,"featured_media":327689,"comment_status":"","ping_status":"","sticky":false,"template":"","format":"standard","meta":{"footnotes":"","_share_on_mastodon":"0"},"categories":[1451],"tags":[1403,7738,51933,2942,1621,1620,33303,45975,170575,12418,136369,203,72520,228,204,1537,90,89,14848,72521,8866,893,5238,1398,20173],"class_list":["post-327688","post","type-post","status-publish","format-standard","has-post-thumbnail","category-celebrita","tag-anello","tag-attrice","tag-cameron","tag-cantante","tag-celebrita","tag-celebrities","tag-damiano","tag-damiano-david","tag-damiano-david-cameron","tag-david","tag-david-cameron","tag-entertainment","tag-fallon","tag-foto","tag-intrattenimento","tag-it","tag-italia","tag-italy","tag-jimmy","tag-jimmy-fallon","tag-matrimonio","tag-ottobre","tag-paura","tag-proposta","tag-proposta-matrimonio"],"share_on_mastodon":{"url":"https:\/\/pubeurope.com\/@it\/115974730029986982","error":""},"_links":{"self":[{"href":"https:\/\/www.europesays.com\/it\/wp-json\/wp\/v2\/posts\/327688","targetHints":{"allow":["GET"]}}],"collection":[{"href":"https:\/\/www.europesays.com\/it\/wp-json\/wp\/v2\/posts"}],"about":[{"href":"https:\/\/www.europesays.com\/it\/wp-json\/wp\/v2\/types\/post"}],"author":[{"embeddable":true,"href":"https:\/\/www.europesays.com\/it\/wp-json\/wp\/v2\/users\/3"}],"replies":[{"embeddable":true,"href":"https:\/\/www.europesays.com\/it\/wp-json\/wp\/v2\/comments?post=327688"}],"version-history":[{"count":0,"href":"https:\/\/www.europesays.com\/it\/wp-json\/wp\/v2\/posts\/327688\/revisions"}],"wp:featuredmedia":[{"embeddable":true,"href":"https:\/\/www.europesays.com\/it\/wp-json\/wp\/v2\/media\/327689"}],"wp:attachment":[{"href":"https:\/\/www.europesays.com\/it\/wp-json\/wp\/v2\/media?parent=327688"}],"wp:term":[{"taxonomy":"category","embeddable":true,"href":"https:\/\/www.europesays.com\/it\/wp-json\/wp\/v2\/categories?post=327688"},{"taxonomy":"post_tag","embeddable":true,"href":"https:\/\/www.europesays.com\/it\/wp-json\/wp\/v2\/tags?post=327688"}],"curies":[{"name":"wp","href":"https:\/\/api.w.org\/{rel}","templated":true}]}}