{"id":327991,"date":"2026-01-29T01:44:10","date_gmt":"2026-01-29T01:44:10","guid":{"rendered":"https:\/\/www.europesays.com\/it\/327991\/"},"modified":"2026-01-29T01:44:10","modified_gmt":"2026-01-29T01:44:10","slug":"anna-maria-bernardini-de-pace-rintraccia-e-diffida-i-12-hater-che-le-hanno-dato-della-fascista-avete-una-settimana-per-cancellare-i-post","status":"publish","type":"post","link":"https:\/\/www.europesays.com\/it\/327991\/","title":{"rendered":"Anna Maria Bernardini de Pace rintraccia e diffida i 12 hater che le hanno dato della \u00abfascista\u00bb: \u00abAvete una settimana per cancellare i post\u00bb"},"content":{"rendered":"<p>    di<br \/>\n    Giovanna Maria Fagnani<\/p>\n<p class=\"summary-art is-line-h-12\">Gli insulti dopo che l&#8217;avvocato aveva annunciato che avrebbe restituito l&#8217;Ambrogino nel caso fosse stato assegnato alla Flotilla. \u00abTramite un investigatore li ho scovati e ho inviato una diffida, \u00e8 la prima volta\u00bb<\/p>\n<p class=\"chapter-paragraph\">Le hanno dato della \u00ab<b>fascista<\/b>\u00bb sui social, nascondendosi dietro <b>l&#8217;anonimato<\/b>, e ora <b>l\u2019avvocato <a href=\"https:\/\/www.corriere.it\/sette\/attualita\/23_novembre_04\/anna-maria-bernardini-de-pace-intervista2-115218c0-7a36-11ee-b53e-9ce47cd2f4d8.shtml\" rel=\"nofollow noopener\" target=\"_blank\">Anna Maria Bernardini de Pace<\/a> diffida i suoi hater<\/b>. Chi l\u2019ha insultata ha <b>tempo una settimana per rimuovere i commenti, altrimenti sar\u00e0 perseguito penalmente. <\/b>La diffida \u00e8 stata inviata in questi giorni a dodici persone, in tutta Italia. <a href=\"https:\/\/milano.corriere.it\/notizie\/cronaca\/25_ottobre_13\/bernardini-de-pace-scrive-a-sala-se-verra-assegnato-l-ambrogino-d-oro-alla-flotilla-io-restituiro-pubblicamente-il-mio-b29e529b-69e1-42d5-8f6b-584738218xlk.shtml\" title=\"Bernardini de Pace scrive a Sala: \u00abSe verr\u00e0 assegnato l&#039;Ambrogino d&#039;oro alla Flotilla io restituir\u00f2 pubblicamente il mio\u00bb\" target=\"_blank\" rel=\"nofollow noopener\"><b>La vicenda nasce dalle critiche che l\u2019avvocato aveva avanzato alla proposta del Pd e dei Verdi di premiare con l\u2019Ambrogino d\u2019Oro la Global Sumud Flotilla.<\/b><\/a><\/p>\n<p class=\"chapter-paragraph\"><b>Avvocato De Pace, cosa \u00e8 successo?<\/b><br \/>Siccome trovavo indecoroso che si desse l\u2019Ambrogino alla Flotilla, dato che non capivo che cosa avesse fatto di importante e fondamentale per Milano, ho affermato che era un chiaro appoggio politico ai Pro Pal e che una simile premiazione avrebbe snaturato il valore dell\u2019Ambrogino. E cos\u00ec ho detto che avrei restituito pubblicamente il riconoscimento che ho ricevuto con orgoglio alcuni anni fa. A seguito di queste dichiarazioni c\u2019\u00e8 stata un\u2019indignazione da parte del mondo ProPal e la cosa vergognosa \u00e8 che mi abbiano chiamata \u201cfascista\u201d. Questo mi ha inviperita, quindi tramite l\u2019avvocato Davide Steccanella ho inviato la diffida: \u00e8 la prima volta\u00bb.    &#13;<br \/>\n&#13;<br \/>\n&#13;<br \/>\n&#13;<br \/>\n&#13;<br \/>\n&#13;<br \/>\n&#13;<br \/>\n&#13;<br \/>\n&#13;<br \/>\n&#13;<br \/>\n&#13;<br \/>\n&#13;<br \/>\n&#13;<br \/>\n&#13;<br \/>\n&#13;<br \/>\n&#13;<br \/>\n&#13;<br \/>\n&#13;<br \/>\n&#13;<br \/>\n&#13;<br \/>\n&#13;<br \/>\n&#13;<br \/>\n&#13;<br \/>\n&#13;<br \/>\n&#13;<br \/>\n&#13;<br \/>\n&#13;<br \/>\n&#13;<br \/>\n&#13;<br \/>\n&#13;<br \/>\n&#13;<br \/>\n&#13;<br \/>\n&#13;<br \/>\n&#13;<br \/>\n&#13;<br \/>\n&#13;<br \/>\n&#13;<br \/>\n&#13;<br \/>\n&#13;<br \/>\n&#13;<br \/>\n&#13;<br \/>\n&#13;<br \/>\n&#13;<br \/>\n&#13;<br \/>\n&#13;<br \/>\n&#13;<br \/>\n&#13;<br \/>\n&#13;<br \/>\n&#13;<br \/>\n&#13;<br \/>\n&#13;<br \/>\n&#13;<br \/>\n&#13;\n<\/p>\n<p class=\"chapter-paragraph\"><b>Lei \u00e8 un personaggio pubblico, anche televisivo, davvero \u00e8 la prima volta che denuncia gli hater?<\/b><br \/>\u00abS\u00ec, perch\u00e9 che io sia fascista \u00e8 la cosa pi\u00f9 lontanamente possibile della verit\u00e0. Io sono sempre stata liberale, iscritta a quel Partito, finch\u00e9 \u00e8 esistito e poi mi sono iscritta al partito Radicale. Ho combattuto per il divorzio, per la parit\u00e0 uomo e donna. Ho fondato il primo studio in Italia tutto al femminile nel 1989: solo avvocate donne e con un segretario uomo. Le pare che potrei essere fascista? Nel fascismo le donne avevano ruoli ben precisi: dovevano essere solo mogli e madri. Ma ci sono anche altre ragioni che portano a escludere che io sostenga il fascismo\u00bb.<\/p>\n<p class=\"chapter-paragraph\"><b>Quali?<\/b><br \/>\u00abI libri che ho scritto. La storia della mia famiglia, fieramente antifascista. Ho avuto dei famigliari, tra cui mio zio Alfredo Bernardini, che sono stati incarcerati per essersi opposti al fascismo. Inoltre, considero un grande pensatore Che Guevara: le sue parole \u201cChi lotta pu\u00f2 perdere ma chi non lotta ha gi\u00e0 perso\u201d sono il mio mantra\u00bb.<\/p>\n<p class=\"chapter-paragraph\"><b>Come ha fatto a scoprire chi erano gli hater?<\/b><br \/>Mi sono rivolta a una societ\u00e0 di investigazioni, la Phersei di Marzio Ferraio, che ha recuperato nomi e indirizzi.<\/p>\n<p class=\"chapter-paragraph\"><b>E ha individuato 12 persone, che vivono a Roma, Napoli, Trapani, Palermo, Ancona\u2026 Chi sono? Ci sono personaggi pubblici?<br \/>\u00ab<\/b>No, sono tutti sconosciuti. Gente aggressiva e maleducata, incapace di vedere la realt\u00e0 oltre i pregiudizi. Se non cancellano gli insulti, li perseguiremo penalmente. Insultavano anche la premier Giorgia Meloni\u00bb.<\/p>\n<p class=\"chapter-paragraph\"><b>Cosa dicevano?<\/b><br \/>\u00abChe io sarei fascista in quanto \u201camica della ducetta\u201d. Ma il fascismo \u00e8 finito prima che lei nascesse. Meloni \u00e8 una persona democratica, internazionale, tutto tranne che una dittatrice, non so come si faccia a definirla tale\u00bb.<\/p>\n<p class=\"chapter-paragraph\"><b>Gli hater in quella vicenda si sono limitati agli insulti sul web?<\/b><br \/>\u00abNo, ho ricevuto telefonate minatorie in studio che mettevano in guardia me e la mia famiglia e poi tante email, non le dico quanti antisemiti mi hanno scritto. Dicevano che ero idiota, ignorante, che a nessuno importava se avessi restituito l\u2019Ambrogino. In totale saranno stati circa 200 tra messaggi e chiamate\u00bb.<\/p>\n<p class=\"chapter-paragraph\"><b>Li ha denunciati?<\/b><br \/>\u00abNo, me la sono presa solo con quella dozzina di anonimi che mi davano della fascista\u00bb.<\/p>\n<p class=\"is-mr-t-20 is-mr-b-20\"><b><br \/>\n                    <a href=\"https:\/\/milano.corriere.it\/?intcmp=Notizielocali_nd_010623_corriere_ss_milano\" target=\"_blank\" rel=\"nofollow noopener\">Vai a tutte le notizie di Milano<\/a><br \/>\n            <\/b><\/p>\n<p class=\"chapter-paragraph\"><b><a href=\"https:\/\/www.corriere.it\/newsletter\/?theme=41&amp;intcmp=IIIcolonna_NL_CorMilano\" target=\"_blank\" rel=\"nofollow noopener\">Iscriviti alla newsletter di Corriere Milano<\/a><\/b><\/p>\n<p class=\"is-last-update\" datetime=\"2026-01-28T18:04:34+01:00\">28 gennaio 2026<\/p>\n<p class=\"is-copyright\">\n            \u00a9 RIPRODUZIONE RISERVATA\n        <\/p>\n","protected":false},"excerpt":{"rendered":"di Giovanna Maria Fagnani Gli insulti dopo che l&#8217;avvocato aveva annunciato che avrebbe restituito l&#8217;Ambrogino nel caso fosse&hellip;\n","protected":false},"author":3,"featured_media":327992,"comment_status":"","ping_status":"","sticky":false,"template":"","format":"standard","meta":{"footnotes":"","_share_on_mastodon":"0"},"categories":[79],"tags":[2404,6050,6976,192550,1239,19736,22015,22016,14,93,94,1277,192551,277,14262,10108,516,192552,2429,1909,9442,18615,13989,38381,14843,4552,192553,34022,192554,1537,90,89,4948,1259,192555,192556,58,7,15,402,29,192557,30844,192558,1401,11,84,91,12,85,92],"class_list":["post-327991","post","type-post","status-publish","format-standard","has-post-thumbnail","category-italia","tag-ambrogino","tag-anna","tag-anna-maria","tag-anna-maria-bernardini","tag-avvocato","tag-bernardini","tag-bernardini-de","tag-bernardini-de-pace","tag-cronaca","tag-cronaca-italiana","tag-cronacaitaliana","tag-dato","tag-dato-fascista","tag-de","tag-de-pace","tag-dicevano","tag-diffida","tag-diffida-hater","tag-donne","tag-famiglia","tag-fascismo","tag-fascista","tag-flotilla","tag-hater","tag-insulti","tag-inviato","tag-inviato-diffida","tag-iscritta","tag-iscritta-partito","tag-it","tag-italia","tag-italy","tag-lotta","tag-maria","tag-maria-bernardini","tag-maria-bernardini-de","tag-meloni","tag-news","tag-notizie","tag-pace","tag-partito","tag-penalmente","tag-restituito","tag-restituito-ambrogino","tag-ricevuto","tag-ultime-notizie","tag-ultime-notizie-e-news-di-oggi","tag-ultime-notizie-italia","tag-ultimenotizie","tag-ultimenotizieenewsdioggi","tag-ultimenotizieitalia"],"share_on_mastodon":{"url":"","error":"Validation failed: Text character limit of 500 exceeded"},"_links":{"self":[{"href":"https:\/\/www.europesays.com\/it\/wp-json\/wp\/v2\/posts\/327991","targetHints":{"allow":["GET"]}}],"collection":[{"href":"https:\/\/www.europesays.com\/it\/wp-json\/wp\/v2\/posts"}],"about":[{"href":"https:\/\/www.europesays.com\/it\/wp-json\/wp\/v2\/types\/post"}],"author":[{"embeddable":true,"href":"https:\/\/www.europesays.com\/it\/wp-json\/wp\/v2\/users\/3"}],"replies":[{"embeddable":true,"href":"https:\/\/www.europesays.com\/it\/wp-json\/wp\/v2\/comments?post=327991"}],"version-history":[{"count":0,"href":"https:\/\/www.europesays.com\/it\/wp-json\/wp\/v2\/posts\/327991\/revisions"}],"wp:featuredmedia":[{"embeddable":true,"href":"https:\/\/www.europesays.com\/it\/wp-json\/wp\/v2\/media\/327992"}],"wp:attachment":[{"href":"https:\/\/www.europesays.com\/it\/wp-json\/wp\/v2\/media?parent=327991"}],"wp:term":[{"taxonomy":"category","embeddable":true,"href":"https:\/\/www.europesays.com\/it\/wp-json\/wp\/v2\/categories?post=327991"},{"taxonomy":"post_tag","embeddable":true,"href":"https:\/\/www.europesays.com\/it\/wp-json\/wp\/v2\/tags?post=327991"}],"curies":[{"name":"wp","href":"https:\/\/api.w.org\/{rel}","templated":true}]}}