{"id":328035,"date":"2026-01-29T02:30:16","date_gmt":"2026-01-29T02:30:16","guid":{"rendered":"https:\/\/www.europesays.com\/it\/328035\/"},"modified":"2026-01-29T02:30:16","modified_gmt":"2026-01-29T02:30:16","slug":"ci-siamo-perdonati-siamo-fratelli-il-successo-non-ce-un-manuale-per-gestirlo","status":"publish","type":"post","link":"https:\/\/www.europesays.com\/it\/328035\/","title":{"rendered":"\u00abCi siamo perdonati, siamo fratelli. Il successo? Non c&#8217;\u00e8 un manuale per gestirlo\u00bb"},"content":{"rendered":"<p>\n                            Il punto serale sulle notizie del giorno<br \/>\n                            <b>Iscriviti<\/b> e ricevi le notizie via email\n                        <\/p>\n<p><a href=\"https:\/\/www.ilmessaggero.it\/t\/benji-%26-fede\" rel=\"nofollow noopener\" target=\"_blank\">Benji &amp; Fede<\/a>, in realt\u00e0\u00a0Benjamin Mascolo e\u00a0Federico Rossi, sono cresciuti insieme. Insieme hanno raggiunto il successo. Poi prima uno e poi l&#8217;altro sono caduti. Tra depressioni, crisi esistenziali, dipendenze\u00a0e altro si sono allontanati e poi ripresi. \u00abSe fossimo colleghi e non, di fatto, fratelli, non saremmo di nuovo insieme\u00bb, raccontano insieme a La Repubblica presentando\u00a0il nuovo singolo Zero. Una canzone che non \u00e8 piaciuta a Carlo Conti. \u00ab\u00c8 stato scartato da Sanremo, ma ci crediamo lo stesso e lo facciamo uscire. \u00c8 questione di sincerit\u00e0: il brano parla proprio della liberazione dalle aspettative\u00bb.<\/p>\n<p>L&#8217;esclusione da Sanremo<\/p>\n<p>Come l&#8217;hanno presa l&#8217;esclusione? \u00abCon filosofia e un po\u2019 di fatalismo. \u00c8 un giudizio legittimo, probabilmente il mondo fuori di noi \u2014 compreso Conti \u2014 deve allinearsi ancora a questo nostro cambiamento. Ci vorr\u00e0 tempo, abbiamo fiducia. Non era destino, magari lo sar\u00e0 tra qualche anno e sar\u00e0 ancor pi\u00f9 bello\u00bb.<\/p>\n<p>\u00abZero &#8211; racconta Fede &#8211; \u00e8 una partenza verso un percorso pi\u00f9 intimo: siamo giovani adulti, anche tra noi finalmente ci rapportiamo come tali. Siamo maturati\u00bb. Ora, a differenza di prima c&#8217;\u00e8 maggior dialogo, confronto. \u00abNel 2020, semplicemente ci eravamo allontanati troppo senza neanche dircelo\u00bb.<\/p>\n<p>\u00abLa separazione &#8211; dice Benji &#8211; \u00e8 stata dura per\u00a0entrambi. <\/p>\n<p>Ma \u00e8 stata un male necessario, per crescere\u00bb. Poi tocca a Fede: \u00abQuello pi\u00f9 bello \u00e8 stato quando ho preso in braccio per la prima volta la figlia di Benji. \u00c8 stato l\u00ec che ho capito che qualcosa \u2014 tra noi, per noi \u2014 era cambiato. Siamo entrati in una nuova fase della vita. E, in musica, significa basta sovrastrutture: va bene mostrarsi fragili, visto che prima avevamo pudore reciproco anche di questo\u00bb.<\/p>\n<p>La crisi<\/p>\n<p>Da buoni fratelli spiegano anche la crisi, la difficolt\u00e0 nel gestire il successo. \u00abLa verit\u00e0 \u00e8 che quasi nessuno ha i mezzi per gestire il successo, n\u00e9 esiste un manuale d\u2019istruzioni per farlo. Chiaro, siamo grati e privilegiati. Ma il successo ha anche dei lati oscuri\u00bb. Benji aggiunge, parlando sempre del successo: \u00abAmplifica chi sei, dunque sia difetti che pregi. E poi quando si \u00e8 cos\u00ec giovani il rischio \u2014 com\u2019\u00e8 capitato a noi \u2014 \u00e8 che l\u2019immagine pubblica divori il resto, personalit\u00e0 compresa ancora in via di costruzione. Forse \u00e8 solo adesso, dieci anni dopo, che sentiamo di avere i mezzi per affrontarlo\u00bb.<\/p>\n<p>&#13;<br \/>\n                            \u00a9 RIPRODUZIONE RISERVATA&#13;<\/p>\n<p>&#13;<\/p>\n","protected":false},"excerpt":{"rendered":"Il punto serale sulle notizie del giorno Iscriviti e ricevi le notizie via email Benji &amp; Fede, in&hellip;\n","protected":false},"author":3,"featured_media":328036,"comment_status":"","ping_status":"","sticky":false,"template":"","format":"standard","meta":{"footnotes":"","_share_on_mastodon":"0"},"categories":[1443],"tags":[29489,30739,203,204,1537,90,89,1538,1539],"class_list":["post-328035","post","type-post","status-publish","format-standard","has-post-thumbnail","category-musica","tag-benjamin-mascolo","tag-benji-fede","tag-entertainment","tag-intrattenimento","tag-it","tag-italia","tag-italy","tag-music","tag-musica"],"share_on_mastodon":{"url":"https:\/\/pubeurope.com\/@it\/115976039515779231","error":""},"_links":{"self":[{"href":"https:\/\/www.europesays.com\/it\/wp-json\/wp\/v2\/posts\/328035","targetHints":{"allow":["GET"]}}],"collection":[{"href":"https:\/\/www.europesays.com\/it\/wp-json\/wp\/v2\/posts"}],"about":[{"href":"https:\/\/www.europesays.com\/it\/wp-json\/wp\/v2\/types\/post"}],"author":[{"embeddable":true,"href":"https:\/\/www.europesays.com\/it\/wp-json\/wp\/v2\/users\/3"}],"replies":[{"embeddable":true,"href":"https:\/\/www.europesays.com\/it\/wp-json\/wp\/v2\/comments?post=328035"}],"version-history":[{"count":0,"href":"https:\/\/www.europesays.com\/it\/wp-json\/wp\/v2\/posts\/328035\/revisions"}],"wp:featuredmedia":[{"embeddable":true,"href":"https:\/\/www.europesays.com\/it\/wp-json\/wp\/v2\/media\/328036"}],"wp:attachment":[{"href":"https:\/\/www.europesays.com\/it\/wp-json\/wp\/v2\/media?parent=328035"}],"wp:term":[{"taxonomy":"category","embeddable":true,"href":"https:\/\/www.europesays.com\/it\/wp-json\/wp\/v2\/categories?post=328035"},{"taxonomy":"post_tag","embeddable":true,"href":"https:\/\/www.europesays.com\/it\/wp-json\/wp\/v2\/tags?post=328035"}],"curies":[{"name":"wp","href":"https:\/\/api.w.org\/{rel}","templated":true}]}}