{"id":328249,"date":"2026-01-29T06:04:11","date_gmt":"2026-01-29T06:04:11","guid":{"rendered":"https:\/\/www.europesays.com\/it\/328249\/"},"modified":"2026-01-29T06:04:11","modified_gmt":"2026-01-29T06:04:11","slug":"va-fermato-ha-sete-di-vendetta-domandiamoci-il-perche","status":"publish","type":"post","link":"https:\/\/www.europesays.com\/it\/328249\/","title":{"rendered":"Va fermato. Ha sete di vendetta, domandiamoci il perch\u00e9"},"content":{"rendered":"<p>Lei \u00e8 un famoso avvocato matrimonialista, giornalista e saggista italiana. Lui, invece, \u00e8 l&#8217;ex re dei paparazzi, patron del format web \u2018Falsissimo\u2019 di cui tanto si sta parlando negli ultimi mesi. Si tratta di Annamaria Bernardini De Pace e Fabrizio Corona. Intervistata da La Repubblica, l&#8217;avvocato &#8211; che gi\u00e0 di recente si era trovata a scontrarsi Corona in quanto lei ha ricoperto il ruolo di <a href=\"https:\/\/www.today.it\/tv\/raoul-bova-don-matteo-polemica.html\" target=\"_blank\" rel=\"nofollow noopener\">difensore di Raoul Bova <\/a>&#8211; si \u00e8 scagliata contro Corona e il suo metodo di lavoro.<\/p>\n<p>Le parole dell&#8217;avvocato Bernardini De Pace contro Corona<\/p>\n<p>\u201cPer<a href=\"https:\/\/www.today.it\/tv\/news\/grande-fratello\/concorrenti-falsissimo-corona-signorini.html\" target=\"_blank\" rel=\"nofollow noopener\"> fermare Corona<\/a>, tutti dovrebbero fare come Raoul e Signorini: semplicemente denunciarlo\u201d, dice il legale. Poi elogia il giudice che ha ordinato a Corona di cancellare i contenuti riguardanti Signorini e non pubblicarne dei nuovi: \u201cE&#8217; stato fantastico perch\u00e9 ha dato una spettacolare lezione dal punto di vista etico, giuridico e giornalistico. Ha raccolto nella sua decisione tutti i problemi che ci sono in questa vicenda. Non \u00e8 giusto che siamo nelle mani di uno che non \u00e8 un giornalista e continua a infamare chiunque. Sono strafelice di questo provvedimento. Ogni avvocato dovrebbe leggere quanto scritto dal <a href=\"https:\/\/www.today.it\/tv\/news\/falsissimo-bloccato-corona-replica.html\" target=\"_blank\" rel=\"nofollow noopener\">giudice Roberto Pertile<\/a>&#8220;.<\/p>\n<p>Quindi aggiunge: \u201cPrima di tutto lui non \u00e8 giornalista ma comunque, anche se lo fosse, dovrebbe rispondere come tutti i giornalisti del reato di diffamazione. Fabrizio Corona non ha nulla da perdere e fa quello che vuole\u201d. Infine conclude: \u201cCorona ha una grande sete di vendetta, domandiamoci il perch\u00e9. Si deve intervenire una volta per sempre. Se tutti i giudici si muovessero come Pertile, lui perderebbe una causa dopo l\u2019altra. Finch\u00e9 c\u2019\u00e8 gente che si abbona al suo podcast e chi cede ai ricatti, lui andr\u00e0 avanti. Ma se davanti a s\u00e9 avesse una serie di multe e di risarcimenti da pagare, le cose cambierebbero radicalmente\u201d.<\/p>\n<p><a href=\"https:\/\/www.today.it\/tv\/news\/grande-fratello\/concorrenti-falsissimo-corona-signorini.html\" target=\"_blank\" rel=\"nofollow noopener\">GF, ex concorrenti (amici di Signorini) si incontrano per guardare &#8216;Falsissimo&#8217; di Corona. Spunta il video<\/a>\u00a0<a href=\"https:\/\/www.today.it\/tv\/news\/claudio-lippi-ospedale.html\" target=\"_blank\" rel=\"nofollow noopener\">&#8220;Claudio Lippi in fin di vita in terapia intensiva e senza un euro&#8221;: le dichiarazioni di Fabrizio Corona fanno preoccupare<\/a>\u00a0 <\/p>\n","protected":false},"excerpt":{"rendered":"Lei \u00e8 un famoso avvocato matrimonialista, giornalista e saggista italiana. Lui, invece, \u00e8 l&#8217;ex re dei paparazzi, patron&hellip;\n","protected":false},"author":3,"featured_media":328250,"comment_status":"","ping_status":"","sticky":false,"template":"","format":"standard","meta":{"footnotes":"","_share_on_mastodon":"0"},"categories":[1451],"tags":[22135,1621,1620,203,375,12738,204,1537,90,89],"class_list":["post-328249","post","type-post","status-publish","format-standard","has-post-thumbnail","category-celebrita","tag-annamaria-bernardini-de-pace","tag-celebrita","tag-celebrities","tag-entertainment","tag-fabrizio-corona","tag-falsissimo","tag-intrattenimento","tag-it","tag-italia","tag-italy"],"share_on_mastodon":{"url":"https:\/\/pubeurope.com\/@it\/115976880973670618","error":""},"_links":{"self":[{"href":"https:\/\/www.europesays.com\/it\/wp-json\/wp\/v2\/posts\/328249","targetHints":{"allow":["GET"]}}],"collection":[{"href":"https:\/\/www.europesays.com\/it\/wp-json\/wp\/v2\/posts"}],"about":[{"href":"https:\/\/www.europesays.com\/it\/wp-json\/wp\/v2\/types\/post"}],"author":[{"embeddable":true,"href":"https:\/\/www.europesays.com\/it\/wp-json\/wp\/v2\/users\/3"}],"replies":[{"embeddable":true,"href":"https:\/\/www.europesays.com\/it\/wp-json\/wp\/v2\/comments?post=328249"}],"version-history":[{"count":0,"href":"https:\/\/www.europesays.com\/it\/wp-json\/wp\/v2\/posts\/328249\/revisions"}],"wp:featuredmedia":[{"embeddable":true,"href":"https:\/\/www.europesays.com\/it\/wp-json\/wp\/v2\/media\/328250"}],"wp:attachment":[{"href":"https:\/\/www.europesays.com\/it\/wp-json\/wp\/v2\/media?parent=328249"}],"wp:term":[{"taxonomy":"category","embeddable":true,"href":"https:\/\/www.europesays.com\/it\/wp-json\/wp\/v2\/categories?post=328249"},{"taxonomy":"post_tag","embeddable":true,"href":"https:\/\/www.europesays.com\/it\/wp-json\/wp\/v2\/tags?post=328249"}],"curies":[{"name":"wp","href":"https:\/\/api.w.org\/{rel}","templated":true}]}}