{"id":328572,"date":"2026-01-29T10:53:12","date_gmt":"2026-01-29T10:53:12","guid":{"rendered":"https:\/\/www.europesays.com\/it\/328572\/"},"modified":"2026-01-29T10:53:12","modified_gmt":"2026-01-29T10:53:12","slug":"tesla-model-s-e-model-x-addio-stop-alla-produzione-si-fa-spazio-per-optimus","status":"publish","type":"post","link":"https:\/\/www.europesays.com\/it\/328572\/","title":{"rendered":"Tesla Model S e Model X addio, stop alla produzione: si fa spazio per Optimus"},"content":{"rendered":"<p><strong>Tesla<\/strong> ha deciso: \u00e8 giunto il momento di <strong>mandare in pensione Model S e Model X<\/strong>. La casa automobilistica <strong>cesser\u00e0 la produzione<\/strong> di questi due modelli alla <strong>fine del secondo trimestre 2026<\/strong>. L\u2019annuncio \u00e8 stato dato direttamente da <strong>Elon Musk<\/strong> durante la presentazione dei risultati finanziari dell\u2019azienda del 2025. Non ci si attendeva un annuncio simile. Vero \u00e8 che questi due modelli vendono poco ma pochi mesi fa avevano <a href=\"https:\/\/www.hdmotori.it\/tesla-model-s-model-x-restyling-novita-esterni-interni-prezzi\/\" rel=\"nofollow noopener\" target=\"_blank\">ricevuto un piccolo aggiornamento<\/a> che faceva pensare che sarebbero rimasti all\u2019interno della gamma ancora per diverso tempo. Invece, Tesla ha deciso di staccare la spina alla Model S e alla Model X. Il motivo?<\/p>\n<p>                                SPAZIO AD OPTIMUS<\/p>\n<p>Oggi, Tesla Model S e Model X sono costruire all\u2019interno dello stabilimento di <strong>Fremont<\/strong> in California. Lo stop alla produzione di queste vetture lascer\u00e0 spazio all\u2019interno dello stabilimento per produrre altro. E a dirci cosa sostituir\u00e0 queste due vetture lo fa sapere direttamente Elon Musk. Il posto delle Model S e Model X sar\u00e0 preso dalla produzione del <strong>robot umanoide Optimus<\/strong>. Insomma, stop a questi due modelli per riconvertire la linea di produzione dove costruire la prossima scommessa dell\u2019azienda americana e cio\u00e8 il suo robot umanoide.<\/p>\n<p>                                UN CAMBIAMENTO EPOCALE<\/p>\n<p>Lo sapevamo, prima o poi Model S e Model X sarebbero state mandate in pensione. L\u2019ultimo aggiornamento non aveva introdotto cambiamenti significativi ma per quanto le loro vendite fossero limitate, Tesla aveva pi\u00f9 volte rimarcato l\u2019interesse a farle rimanere all\u2019interno della sua gamma di auto. Soprattutto la Model S \u00e8 vista come l\u2019<strong>ammiraglia<\/strong> di Tesla e la versione <strong>Plaid<\/strong> offre un powertrain molto raffinato che garantisce prestazioni elevatissime. Ma se Tesla ha mantenuto in vita fino ad ora questi due modelli, soprattutto per un <strong>motivo sentimentale<\/strong> come \u00e8 stato raccontato, i tempi stanno cambiando e Tesla si sta trasformando sempre di pi\u00f9 in un qualcosa di diverso da una semplice casa automobilistica.<\/p>\n<p>    <a class=\"block\" href=\"https:\/\/cdn.hdmotori.it\/HGWlY9m7WZRY3rFcSJEa3j7dsk4EukCTynJqVGL5xgo\/\/rs:fill:1920:1080\/q:100\/plain\/https:\/\/www.hdmotori.it\/app\/uploads\/2025\/06\/Tesla-Optimus.jpg@webp\" title=\"ingrandisci immagine\" data-fancybox-type=\"image\" rel=\"nofollow noopener\" target=\"_blank\"><br \/>\n        <img decoding=\"async\" loading=\"lazy\" fetchpriority=\"low\" class=\"w-full rounded-lg mx-auto block shadow\" width=\"660\" alt=\"ingrandisci immagine\" src=\"\"\/><br \/>\n    <\/a><\/p>\n<p>L\u2019annuncio deve essere visto proprio da questo punto di vista e cio\u00e8 un chiaro segnale di come Tesla stia diventando sempre di pi\u00f9 in un\u2019azienda impegnata nell\u2019intelligenza artificiale e nella robotica. Tesla ha quindi chiaramente deciso che la capacit\u00e0 produttiva di Fremont \u00e8 meglio impiegarla non per vetture a basso volume ma per\u2026 qualcos\u2019altro. Come andr\u00e0? Lo scopriremo nel corso del tempo e cio\u00e8 se la nuova scommessa di Elon Musk avr\u00e0 successo oppure no.<\/p>\n","protected":false},"excerpt":{"rendered":"Tesla ha deciso: \u00e8 giunto il momento di mandare in pensione Model S e Model X. La casa&hellip;\n","protected":false},"author":3,"featured_media":178058,"comment_status":"","ping_status":"","sticky":false,"template":"","format":"standard","meta":{"footnotes":""},"categories":[172],"tags":[178,177,1537,90,89],"class_list":{"0":"post-328572","1":"post","2":"type-post","3":"status-publish","4":"format-standard","5":"has-post-thumbnail","7":"category-affari","8":"tag-affari","9":"tag-business","10":"tag-it","11":"tag-italia","12":"tag-italy"},"share_on_mastodon":{"url":"https:\/\/pubeurope.com\/@it\/115978017401772097","error":""},"_links":{"self":[{"href":"https:\/\/www.europesays.com\/it\/wp-json\/wp\/v2\/posts\/328572","targetHints":{"allow":["GET"]}}],"collection":[{"href":"https:\/\/www.europesays.com\/it\/wp-json\/wp\/v2\/posts"}],"about":[{"href":"https:\/\/www.europesays.com\/it\/wp-json\/wp\/v2\/types\/post"}],"author":[{"embeddable":true,"href":"https:\/\/www.europesays.com\/it\/wp-json\/wp\/v2\/users\/3"}],"replies":[{"embeddable":true,"href":"https:\/\/www.europesays.com\/it\/wp-json\/wp\/v2\/comments?post=328572"}],"version-history":[{"count":0,"href":"https:\/\/www.europesays.com\/it\/wp-json\/wp\/v2\/posts\/328572\/revisions"}],"wp:featuredmedia":[{"embeddable":true,"href":"https:\/\/www.europesays.com\/it\/wp-json\/wp\/v2\/media\/178058"}],"wp:attachment":[{"href":"https:\/\/www.europesays.com\/it\/wp-json\/wp\/v2\/media?parent=328572"}],"wp:term":[{"taxonomy":"category","embeddable":true,"href":"https:\/\/www.europesays.com\/it\/wp-json\/wp\/v2\/categories?post=328572"},{"taxonomy":"post_tag","embeddable":true,"href":"https:\/\/www.europesays.com\/it\/wp-json\/wp\/v2\/tags?post=328572"}],"curies":[{"name":"wp","href":"https:\/\/api.w.org\/{rel}","templated":true}]}}