{"id":328710,"date":"2026-01-29T12:40:15","date_gmt":"2026-01-29T12:40:15","guid":{"rendered":"https:\/\/www.europesays.com\/it\/328710\/"},"modified":"2026-01-29T12:40:15","modified_gmt":"2026-01-29T12:40:15","slug":"questa-volta-la-suzuki-jimny-5-porte-si-veste-da-mercedes-amg-g-63","status":"publish","type":"post","link":"https:\/\/www.europesays.com\/it\/328710\/","title":{"rendered":"Questa volta la Suzuki Jimny 5 porte si veste da Mercedes-AMG G 63"},"content":{"rendered":"<p>In questo periodo stiamo seguendo da vicino le preparazioni di <strong>Damd<\/strong>, l\u2019azienda giapponese a cui piace il <strong>Suzuki Jimny<\/strong> quasi quanto piace a noi. Del resto, quello che per anni \u00e8 stato uno dei fuoristrada pi\u00f9 accessibili del nostro mercato \u00e8 la base di molte delle sue creazioni.<\/p>\n<p>E anche se abbiamo gi\u00e0 parlato di buona parte di queste elaborazioni, ora che Damd ha presentato tutte quelle legate alla versione a cinque porte del Jimny, \u00e8 arrivata una vera ondata di novit\u00e0, come la <strong>Little G Advance<\/strong> di cui parliamo oggi, ispirata a un fuoristrada \u201cdi razza\u201d come la Classe G di Mercedes-AMG.\u00a0<\/p>\n<p>Ma Damd non si accontenta di una versione qualsiasi: mira al top trasformando il piccolo Jimny in una sorta di fuoristrada sportivo in stile <strong>Mercedes-AMG G 63<\/strong>, un modello con motore <strong>V8 biturbo da 585 CV<\/strong> che ha un prezzo base di\u00a0<strong>208.471 euro<\/strong>.<\/p>\n<p>Una trasformazione curiosa, tra Jimny e Defender<\/p>\n<p>Se questa storia ti suona familiare, \u00e8 perch\u00e9 in passato abbiamo gi\u00e0 parlato di questo <a href=\"https:\/\/it.motor1.com\/suzuki\/jimny\/\" data-inline-widget=\"internal-links\" rel=\"nofollow noopener\" target=\"_blank\">Suzuki Jimny<\/a> \u201cClasse G\u201d, nello specifico della trasformazione sulla carrozzeria a tre porte, che ci aveva gi\u00e0 lasciati a bocca aperta.<\/p>\n<p>                            <a href=\"http:\/\/it.motor1.com\/photos\/920031\/suzuki-jimny-5-porte-trasformato-in-mercedes-amg-g-63-da-damd\/#8387271_suzuki-jimny-5-porte-trasformato-in-mercedes-amg-g-63-da-damd\" class=\"msnt-photo-thumb-gallery-main-photo-box\" itemprop=\"image\" itemscope=\"\" itemtype=\"https:\/\/schema.org\/ImageObject\" data-url=\"\/photos\/920031\/suzuki-jimny-5-porte-trasformato-in-mercedes-amg-g-63-da-damd\/#8387271_suzuki-jimny-5-porte-trasformato-in-mercedes-amg-g-63-da-damd\" data-thumb=\"\" data-caption=\"Suzuki Jimny 5 porte trasformato in Mercedes-AMG G 63 da DAMD\" data-src=\"\" data-sub-html=\"Suzuki Jimny 5 porte trasformato in Mercedes-AMG G 63 da DAMD\" data-entity-id=\"8387271\" data-download-url=\"\" rel=\"nofollow noopener\" target=\"_blank\"><\/p>\n<p>                                    <img decoding=\"async\" src=\"https:\/\/www.europesays.com\/it\/wp-content\/uploads\/2025\/07\/16x9-tr.png\" loading=\"lazy\" alt=\"Suzuki Jimny 5 porte trasformato in Mercedes-AMG G 63 da DAMD\" width=\"16\" height=\"9\"\/><\/p>\n<p>                            <\/a><\/p>\n<p>                                    7                                <\/p>\n<p>\n                            Fonte: DAMD                        <\/p>\n<p>Guardando nel dettaglio il modello, come spesso accade, Damd propone un kit estetico ispirato all\u2019originale <a href=\"https:\/\/it.motor1.com\/reviews\/661303\/mercedes-amg-g63-prova-video\/\" data-inline-widget=\"internal-links\" data-type-id=\"0\" data-params=\"%7B%22article_edition_id%22%3A%22661303%22%2C%22section%22%3A%222%22%2C%22alias%22%3A%22mercedes-amg-g63-prova-video%22%7D\" rel=\"nofollow noopener\" target=\"_blank\">Mercedes-AMG G 63<\/a>, composto da <strong>calandra<\/strong>, <strong>paraurti anteriori e posteriori<\/strong>, <strong>cofano<\/strong>, <strong>minigonne<\/strong> e <strong>cerchi DAMD little G da 16 pollici<\/strong>.<\/p>\n<p>Come si vede sul sito di Damd, \u00e8 possibile scegliere tra sei colori per la carrozzeria. Anche qui niente di nuovo: la verniciatura, cos\u00ec come il montaggio, si pagano a parte.<\/p>\n<p>Come di consueto, Damd permette di acquistare il pacchetto completo oppure i singoli elementi separatamente, per costruire l\u2019auto secondo i propri gusti.\u00a0Sono poi disponibili anche componenti per personalizzare l\u2019abitacolo, dal supporto per una GoPro fino al pomello del cambio.<\/p>\n<p>Meno di 4.000 euro per la trasformazione<\/p>\n<p>Arrivando al capitolo prezzi, ecco la sorpresa: la preparazione completa costa <strong>721.380 yen<\/strong>, senza verniciatura n\u00e9 montaggio ma tasse incluse, pari a circa <strong>3.943 euro<\/strong> al cambio attuale. Considerando che il\u00a0prezzo di partenza del Jimny 5 porte in Giappone \u00e8 di\u00a0<strong>2.651.000 yen<\/strong>, ovvero circa\u00a0<strong>14.490 euro<\/strong>, la cifra totale arriva a <strong>18.433 euro<\/strong>.<\/p>\n<p>Nessuna novit\u00e0 sul fronte meccanico, dove resta il noto <strong>1.5 benzina da 102 CV<\/strong>, abbinato alla trazione integrale\u00a0<strong>ALLGRIP PRO<\/strong> (con riduttore) e a un cambio manuale a cinque marce oppure al classico automatico a quattro rapporti.<\/p>\n<p>                            <a href=\"http:\/\/it.motor1.com\/photos\/919170\/suzuki-jimny-di-damd-trasformata-in-mercedes-classe-g\/#8373890_suzuki-jimny-di-damd-trasformata-in-mercedes-classe-g\" class=\"msnt-photo-thumb-gallery-main-photo-box\" itemprop=\"image\" itemscope=\"\" itemtype=\"https:\/\/schema.org\/ImageObject\" data-url=\"\/photos\/919170\/suzuki-jimny-di-damd-trasformata-in-mercedes-classe-g\/#8373890_suzuki-jimny-di-damd-trasformata-in-mercedes-classe-g\" data-thumb=\"\" data-caption=\"Suzuki Jimny di Damd trasformata in Mercedes Classe G\" data-src=\"\" data-sub-html=\"Suzuki Jimny di Damd trasformata in Mercedes Classe G\" data-entity-id=\"8373890\" data-download-url=\"\" rel=\"nofollow noopener\" target=\"_blank\"><\/p>\n<p>                                    <img decoding=\"async\" src=\"https:\/\/www.europesays.com\/it\/wp-content\/uploads\/2025\/07\/16x9-tr.png\" loading=\"lazy\" alt=\"Suzuki Jimny di Damd trasformata in Mercedes Classe G\" width=\"16\" height=\"9\"\/><\/p>\n<p>                            <\/a><\/p>\n<p>                                    7                                <\/p>\n<p class=\"comfort-title-large flex gap-spacing-sm-base items-center\">\n<p>\t\tVogliamo la tua opinione!\n\t<\/p>\n<p>Cosa vorresti vedere su Motor1.com?<\/p>\n<p>\t\t<a href=\"https:\/\/it.motor1.com\/survey\/2025\/\" rel=\"nofollow noopener\" target=\"_blank\"><br \/>\n\t\t\tPartecipa al nostro sondaggio di 3 minuti.\t\t<\/a><\/p>\n<p class=\"compact-body-medium\">&#8211; Il team di Motor1.com<\/p>\n","protected":false},"excerpt":{"rendered":"In questo periodo stiamo seguendo da vicino le preparazioni di Damd, l\u2019azienda giapponese a cui piace il Suzuki&hellip;\n","protected":false},"author":3,"featured_media":328711,"comment_status":"","ping_status":"","sticky":false,"template":"","format":"standard","meta":{"footnotes":"","_share_on_mastodon":"0"},"categories":[173],"tags":[22806,54887,1537,90,89,195,198,199,197,200,201,7224,192880,194,196,81650],"class_list":["post-328710","post","type-post","status-publish","format-standard","has-post-thumbnail","category-scienza-e-tecnologia","tag-auto-giapponesi","tag-fuoristrada","tag-it","tag-italia","tag-italy","tag-science","tag-science-and-technology","tag-scienceandtechnology","tag-scienza","tag-scienza-e-tecnologia","tag-scienzaetecnologia","tag-suv-crossover","tag-suzuki-jimny","tag-technology","tag-tecnologia","tag-tuning"],"share_on_mastodon":{"url":"https:\/\/pubeurope.com\/@it\/115978438183660612","error":""},"_links":{"self":[{"href":"https:\/\/www.europesays.com\/it\/wp-json\/wp\/v2\/posts\/328710","targetHints":{"allow":["GET"]}}],"collection":[{"href":"https:\/\/www.europesays.com\/it\/wp-json\/wp\/v2\/posts"}],"about":[{"href":"https:\/\/www.europesays.com\/it\/wp-json\/wp\/v2\/types\/post"}],"author":[{"embeddable":true,"href":"https:\/\/www.europesays.com\/it\/wp-json\/wp\/v2\/users\/3"}],"replies":[{"embeddable":true,"href":"https:\/\/www.europesays.com\/it\/wp-json\/wp\/v2\/comments?post=328710"}],"version-history":[{"count":0,"href":"https:\/\/www.europesays.com\/it\/wp-json\/wp\/v2\/posts\/328710\/revisions"}],"wp:featuredmedia":[{"embeddable":true,"href":"https:\/\/www.europesays.com\/it\/wp-json\/wp\/v2\/media\/328711"}],"wp:attachment":[{"href":"https:\/\/www.europesays.com\/it\/wp-json\/wp\/v2\/media?parent=328710"}],"wp:term":[{"taxonomy":"category","embeddable":true,"href":"https:\/\/www.europesays.com\/it\/wp-json\/wp\/v2\/categories?post=328710"},{"taxonomy":"post_tag","embeddable":true,"href":"https:\/\/www.europesays.com\/it\/wp-json\/wp\/v2\/tags?post=328710"}],"curies":[{"name":"wp","href":"https:\/\/api.w.org\/{rel}","templated":true}]}}