{"id":328881,"date":"2026-01-29T15:17:12","date_gmt":"2026-01-29T15:17:12","guid":{"rendered":"https:\/\/www.europesays.com\/it\/328881\/"},"modified":"2026-01-29T15:17:12","modified_gmt":"2026-01-29T15:17:12","slug":"nutribullet-a-trieste-in-cerca-di-riscatto","status":"publish","type":"post","link":"https:\/\/www.europesays.com\/it\/328881\/","title":{"rendered":"Nutribullet a Trieste in cerca di riscatto"},"content":{"rendered":"<p>            <img loading=\"lazy\" decoding=\"async\" width=\"800\" height=\"533\" class=\"entry-thumb\" src=\"https:\/\/www.europesays.com\/it\/wp-content\/uploads\/2026\/01\/2025-11-01-GRG_301-scaled-1.jpg\"   alt=\"\" title=\"2025-11-01-GRG_301-scaled\"\/>Uff. stampa TVB<\/p>\n<p>Altro derby in vista per la Nutribullet Treviso Basket, che a partire dalle ore 17.00 di domenica sar\u00e0 impegnata sul campo della Pallacanestro Trieste. Il match, valido per la diciottesima giornata di campionato, sar\u00e0 trasmesso live su LBATV. La terna arbitrale sar\u00e0 formata dai signori Perciavalle, Bongiorni e Bartolomeo.<\/p>\n<p>L\u2019AVVERSARIA<\/p>\n<p>Momento di grande forma per i ragazzi di coach Gonzalez, che nel giro di tre settimane si sono aggiudicati il play-in di Champions League eliminando Szolnoki, hanno battuto a domicilio Gran Canaria e sfiorato l\u2019impresa sul campo di Tenerife, dopo aver guidato per larghi tratti l\u2019incontro nonostante l\u2019assenza del trio Ramsey-Sissoko-Moretti. Nel mezzo anche i due successi casalinghi contro Cant\u00f9 e Sassari, importanti per consolidare il sesto posto nella classifica di Serie A.<\/p>\n<p>A fare le fortune dei giuliani c\u2019\u00e8 sempre la consolidata coppia formata da Colbey Ross e da Markel Brown, ma soprattutto un Jahmi\u2019us Ramsey in versione MVP: l\u2019esterno statunitense \u00e8, ad oggi, il secondo miglior realizzatore di tutta la LBA grazie ad una media di 19,3 punti ad allacciata di scarpe, che sale addirittura a 21,3 se si considerano soltanto le prestazioni del nuovo anno. Sotto ai tabelloni, invece, l\u2019assenza prolungata dell\u2019infortunato Mady Sissoko \u00e8 stata coperta dall\u2019extra-sforzo di Jarrod Uthoff e di un Candussi in crescita; a fare da collante tra i due reparti ci pensa il \u201ctuttofare\u201d Juan Toscano-Anderson, che insieme a Brooks rappresenta anche la colonna portante della difesa biancorossa. Completano il reparto azzurri i triestini DOC Ruzzier e Deangeli, l\u2019ex di turno Davide Moretti (739 punti in 80 presenze con la maglia di TVB) e il giovane Iannuzzi.<\/p>\n<p>Nella gara di andata, disputata al Palaverde in occasione della quinta giornata, una brillante Nutribullet rimont\u00f2 15 lunghezze di svantaggio e si regal\u00f2 cos\u00ec un\u2019ultima chance nel finale in volata. Ad avere la meglio, per\u00f2, fu la formazione ospite, trascinata dalle giocate di un Ramsey inarrestabile (34 punti con 7\/11 dall\u2019arco) e dalla fisicit\u00e0 di Sissoko (19+11 rimbalzi). Tocc\u00f2 quota 30 anche Abdur-Rahkman, ben spalleggiato da Pinkins (20+7), Olisevicius (19+6) e Miaschi (12).<\/p>\n<p>Rispetto a quel primo novembre domenica Treviso potr\u00e0 contare anche su Weber, Cappelletti e Radosevic; non saranno della partita, invece, Olisevicius, Macura e Pellegrino.<\/p>\n<p>Uff. stampa TVB<\/p>\n","protected":false},"excerpt":{"rendered":"Uff. stampa TVB Altro derby in vista per la Nutribullet Treviso Basket, che a partire dalle ore 17.00&hellip;\n","protected":false},"author":3,"featured_media":328882,"comment_status":"","ping_status":"","sticky":false,"template":"","format":"standard","meta":{"footnotes":""},"categories":[1453],"tags":[1756,1757,1537,90,89,245,244],"class_list":{"0":"post-328881","1":"post","2":"type-post","3":"status-publish","4":"format-standard","5":"has-post-thumbnail","7":"category-basket","8":"tag-basket","9":"tag-basketball","10":"tag-it","11":"tag-italia","12":"tag-italy","13":"tag-sport","14":"tag-sports"},"share_on_mastodon":{"url":"https:\/\/pubeurope.com\/@it\/115979055616272552","error":""},"_links":{"self":[{"href":"https:\/\/www.europesays.com\/it\/wp-json\/wp\/v2\/posts\/328881","targetHints":{"allow":["GET"]}}],"collection":[{"href":"https:\/\/www.europesays.com\/it\/wp-json\/wp\/v2\/posts"}],"about":[{"href":"https:\/\/www.europesays.com\/it\/wp-json\/wp\/v2\/types\/post"}],"author":[{"embeddable":true,"href":"https:\/\/www.europesays.com\/it\/wp-json\/wp\/v2\/users\/3"}],"replies":[{"embeddable":true,"href":"https:\/\/www.europesays.com\/it\/wp-json\/wp\/v2\/comments?post=328881"}],"version-history":[{"count":0,"href":"https:\/\/www.europesays.com\/it\/wp-json\/wp\/v2\/posts\/328881\/revisions"}],"wp:featuredmedia":[{"embeddable":true,"href":"https:\/\/www.europesays.com\/it\/wp-json\/wp\/v2\/media\/328882"}],"wp:attachment":[{"href":"https:\/\/www.europesays.com\/it\/wp-json\/wp\/v2\/media?parent=328881"}],"wp:term":[{"taxonomy":"category","embeddable":true,"href":"https:\/\/www.europesays.com\/it\/wp-json\/wp\/v2\/categories?post=328881"},{"taxonomy":"post_tag","embeddable":true,"href":"https:\/\/www.europesays.com\/it\/wp-json\/wp\/v2\/tags?post=328881"}],"curies":[{"name":"wp","href":"https:\/\/api.w.org\/{rel}","templated":true}]}}