{"id":328893,"date":"2026-01-29T15:25:12","date_gmt":"2026-01-29T15:25:12","guid":{"rendered":"https:\/\/www.europesays.com\/it\/328893\/"},"modified":"2026-01-29T15:25:12","modified_gmt":"2026-01-29T15:25:12","slug":"shakedown-sepang-day-1-honda-al-top-con-espargaro-razgatlioglu-4","status":"publish","type":"post","link":"https:\/\/www.europesays.com\/it\/328893\/","title":{"rendered":"Shakedown Sepang, Day 1: Honda al top con Espargaro, Razgatlioglu 4\u00b0"},"content":{"rendered":"<p>La MotoGP ha riacceso ufficialmente i motori, anche se in modalit\u00e0 &#8220;ridotta&#8221;. Come da tradizione, la prima presa di contatto con la pista \u00e8 lo Shakedown di Sepang, in Malesia, che prevede tre giornate di test riservate esclusivamente ai collaudatori ed agli esordienti, ma anche ai piloti titolari dei costruttori presenti nella fascia D del sistema di concessioni, in questo caso la Yamaha.<\/p>\n<p>Se i vari <a href=\"https:\/\/it.motorsport.com\/driver\/fabio-quartararo\/164609\/\" target=\"_blank\" rel=\"noopener nofollow\">Fabio Quartararo<\/a>, <a href=\"https:\/\/it.motorsport.com\/motogp\/news\/motogp-esclusiva-honda-chiude-laccordo-con-fabio-quartararo-per-il-2027\/10793657\/\" target=\"_self\" rel=\"noopener nofollow\">oggi chiacchieratissimo per l&#8217;indiscrezione di Motorsport.com secondo cui si sarebbe legato alla Honda a partire dal 2027<\/a>, <a href=\"https:\/\/it.motorsport.com\/driver\/alex-rins\/164598\/\" target=\"_blank\" rel=\"noopener nofollow\">Alex Rins<\/a> e <a href=\"https:\/\/it.motorsport.com\/driver\/jack-miller\/163734\/\" target=\"_blank\" rel=\"noopener nofollow\">Jack Miller<\/a> hanno disertato questa prima giornata, l&#8217;attenzione era senza ombra di dubbio rivolta ai due rookie di questa stagione, visto che si tratta di due campioni del mondo del calibro di <a href=\"https:\/\/it.motorsport.com\/driver\/toprak-razgatlioglu\/177801\/\" target=\"_blank\" rel=\"noopener nofollow\">Toprak Razgatlioglu<\/a> e <a href=\"https:\/\/it.motorsport.com\/driver\/diogo-moreira\/945124\/\" target=\"_blank\" rel=\"noopener nofollow\">Diogo Moreira<\/a>.<\/p>\n<p>Tuttavia, a fare la voce grossa sono stati i collaudatori, perch\u00e9 alla fine il pi\u00f9 veloce \u00e8 stato <a href=\"https:\/\/it.motorsport.com\/driver\/aleix-espargaro\/157725\/\" target=\"_blank\" rel=\"noopener nofollow\">Aleix Espargaro<\/a>. Il veterano della Honda ha fermato il cronometro su un tempo di 1&#8217;58&#8243;091, lontano meno di due secondi dal primato assoluto del tracciato alle porte di Kuala Lumpur. Dunque, un riferimento di tutto rispetto se si considera che c&#8217;era da levarsi di dosso la ruggine di un inverno di pausa.<\/p>\n<p>Il pilota di Granollers ha preceduto di mezzo secondo circa il fratello Pol, che ha girato in 1&#8217;58&#8243;615 con la sua KTM. Quest&#8217;ultimo ha provocato anche una breve bandiera rossa intorno alle 14 locali, dopo essere stato protagonista di una scivolata alla curva 1. Per lui non ci sono state conseguenze, ma i commissari sono andati a ripulire la pista in quell&#8217;area prima che tornasse a sventolare la bandiera verde (in precedenza c&#8217;era stata un&#8217;altra interruzione per una perdita d&#8217;olio). A seguire, un altro mezzo secondo pi\u00f9 indietro, c&#8217;\u00e8 l&#8217;altro tester della Casa di Mattighofen, Dani Pedrosa.<\/p>\n<p>   <img decoding=\"async\" draggable=\"false\" src=\"https:\/\/www.europesays.com\/it\/wp-content\/uploads\/2026\/01\/toprak-razgatlioglu-pramac-rac.jpg\" alt=\"Toprak Razgatlioglu, Pramac Racing\" width=\"1200\" height=\"800\" loading=\"lazy\"\/> <\/p>\n<p class=\"title\">Toprak Razgatlioglu, Pramac Racing<\/p>\n<p class=\"photographer\">Foto di: Gold and Goose Photography \/ LAT Images \/ via Getty Images<\/p>\n<p>Il migliore tra gli esordienti \u00e8 stato quindi Toprak Razgatlioglu, quarto con la Yamaha V4 del Prima <a href=\"https:\/\/it.motorsport.com\/team\/pramac-racing\/2223\/\" target=\"_blank\" rel=\"noopener nofollow\">Pramac Racing<\/a> in 1&#8217;59&#8243;647. Il pilota turco, dunque, ha incassato circa un secondo e mezzo di distacco ed \u00e8 interessante notare che sulla sua M1 fosse presente ancora l&#8217;aerodinamica con il triplano sul cupolino e non quella mostrata nella presentazione del team ufficiale la scorsa settimana a Jakarta. Non solo, il tre volte iridato della Superbike ha girato anche senza appendici aerodinamiche sul codone. Comunque, alla fine Toprak \u00e8 riuscito ad essere pi\u00f9 veloce del collaudatore della Casa di Iwata, lo spagnolo <a href=\"https:\/\/it.motorsport.com\/driver\/augusto-fernandez\/256415\/\" target=\"_blank\" rel=\"noopener nofollow\">Augusto Fernandez<\/a>, che lo segue di circa un decimo.<\/p>\n<p>In casa Ducati, pi\u00f9 che i tempi, ha destato interesse il nuovo pacchetto aerodinamico portato al debutto da <a href=\"https:\/\/it.motorsport.com\/driver\/michele-pirro\/154217\/\" target=\"_blank\" rel=\"noopener nofollow\">Michele Pirro<\/a>, di cui <a href=\"https:\/\/it.motorsport.com\/motogp\/news\/motogp-ducati-nello-shakedown-debutta-un-nuovo-pacchetto-aerodinamico\/10793720\/\" target=\"_self\" rel=\"noopener nofollow\">vi abbiamo gi\u00e0 parlato a parte<\/a>, perch\u00e9 va a cambiare in maniera radicale le forme della Desmosedici GP. Il tester pugliese a fine giornata ha chiuso in sesta posizione, ultimo ad essere sceso sotto al muro dei due minuti in 1&#8217;59&#8243;803. Alle sue spalle invece c&#8217;\u00e8 il collega dell&#8217;Aprilia, <a href=\"https:\/\/it.motorsport.com\/driver\/lorenzo-savadori\/175840\/\" target=\"_blank\" rel=\"noopener nofollow\">Lorenzo Savadori<\/a>, e anche sulla RS-GP si sono viste delle prove interessanti, in particolare per quanto riguarda il codone, con alcune soluzioni gi\u00e0 valutate anche nei test di Valencia.<\/p>\n<p>   <img decoding=\"async\" draggable=\"false\" src=\"https:\/\/www.europesays.com\/it\/wp-content\/uploads\/2026\/01\/diogo-moreira-team-lcr-honda.jpg\" alt=\"Diogo Moreira, Team LCR Honda\" width=\"1200\" height=\"800\" loading=\"lazy\"\/> <\/p>\n<p class=\"title\">Diogo Moreira, Team LCR Honda<\/p>\n<p class=\"photographer\">Foto di: Gold and Goose Photography \/ LAT Images \/ via Getty Images<\/p>\n<p>Non ha forzato particolarmente invece Diogo Moreira, che sembra deciso ad approcciare con calma questa nuova avventura in MotoGP. Il campione del mondo della Moto2 ha girato in 2&#8217;00&#8243;894 con la Honda del <a href=\"https:\/\/it.motorsport.com\/team\/team-lcr\/2349\/\" target=\"_blank\" rel=\"noopener nofollow\">Team LCR<\/a>, staccato di quasi tre secondi dal miglior tempo assoluto e di 1&#8243;2 da quello di Razgatlioglu. In questa prima giornata per\u00f2 ha dato la sensazione di voler soprattutto badare a stare lontano dai guai. Del resto, con sei giorni a disposizione tra Shakedown e test collettivi, il tempo per migliorare anche le prestazioni c&#8217;\u00e8 tutto.<\/p>\n<p>Ha stupito, infine, la presenza in pista di un redivivo <a href=\"https:\/\/it.motorsport.com\/driver\/mika-kallio\/154757\/\" target=\"_blank\" rel=\"noopener nofollow\">Mika Kallio<\/a>, che per\u00f2 \u00e8 una riprova di quanto la KTM sia desiderosa di riscattare un 2025 finito in crescendo ma comunque al di sotto delle aspettative. Il finlandese non si vedeva davvero da tanto e il cronometro lo conferma, visto che ha girato addirittura in 2&#8217;03&#8243;203. Per\u00f2 aver portato in pista ben tre collaudatori \u00e8 un segnale importante da parte degli uomini di Mattighofen.<\/p>\n<p>MotoGP | Shakedown Sepang: i tempi della prima giornata<\/p>\n<p>Gallery: la prima giornata dello Shakedown di Sepang<\/p>\n<p>\u00a0<\/p>\n<p>            Vogliamo la vostra opinione!<\/p>\n<p class=\"mt-auto\">Cosa vorresti vedere su Motorsport.com?<\/p>\n<p>            <a href=\"#\" class=\"ms-link text-link font-bold\">Partecipate al nostro sondaggio di 5 minuti.<\/a><\/p>\n<p class=\"mt-1 text-body\">&#8211; Il team di Motorsport.com<\/p>\n","protected":false},"excerpt":{"rendered":"La MotoGP ha riacceso ufficialmente i motori, anche se in modalit\u00e0 &#8220;ridotta&#8221;. Come da tradizione, la prima presa&hellip;\n","protected":false},"author":3,"featured_media":328894,"comment_status":"","ping_status":"","sticky":false,"template":"","format":"standard","meta":{"footnotes":"","_share_on_mastodon":"0"},"categories":[176],"tags":[46942,192966,6152,1537,90,89,1785,192965,192967,106801,192891,245,244],"class_list":["post-328893","post","type-post","status-publish","format-standard","has-post-thumbnail","category-sport","tag-aleix-espargaro","tag-day-1-honda-al-top-con-espargaro","tag-honda-hrc","tag-it","tag-italia","tag-italy","tag-motogp","tag-motogp-shakedown-sepang","tag-razgatlioglu-4u00b0","tag-sepang-international-circuit","tag-shakedown-di-sepang","tag-sport","tag-sports"],"share_on_mastodon":{"url":"https:\/\/pubeurope.com\/@it\/115979087083266296","error":""},"_links":{"self":[{"href":"https:\/\/www.europesays.com\/it\/wp-json\/wp\/v2\/posts\/328893","targetHints":{"allow":["GET"]}}],"collection":[{"href":"https:\/\/www.europesays.com\/it\/wp-json\/wp\/v2\/posts"}],"about":[{"href":"https:\/\/www.europesays.com\/it\/wp-json\/wp\/v2\/types\/post"}],"author":[{"embeddable":true,"href":"https:\/\/www.europesays.com\/it\/wp-json\/wp\/v2\/users\/3"}],"replies":[{"embeddable":true,"href":"https:\/\/www.europesays.com\/it\/wp-json\/wp\/v2\/comments?post=328893"}],"version-history":[{"count":0,"href":"https:\/\/www.europesays.com\/it\/wp-json\/wp\/v2\/posts\/328893\/revisions"}],"wp:featuredmedia":[{"embeddable":true,"href":"https:\/\/www.europesays.com\/it\/wp-json\/wp\/v2\/media\/328894"}],"wp:attachment":[{"href":"https:\/\/www.europesays.com\/it\/wp-json\/wp\/v2\/media?parent=328893"}],"wp:term":[{"taxonomy":"category","embeddable":true,"href":"https:\/\/www.europesays.com\/it\/wp-json\/wp\/v2\/categories?post=328893"},{"taxonomy":"post_tag","embeddable":true,"href":"https:\/\/www.europesays.com\/it\/wp-json\/wp\/v2\/tags?post=328893"}],"curies":[{"name":"wp","href":"https:\/\/api.w.org\/{rel}","templated":true}]}}