{"id":330563,"date":"2026-01-30T16:35:11","date_gmt":"2026-01-30T16:35:11","guid":{"rendered":"https:\/\/www.europesays.com\/it\/330563\/"},"modified":"2026-01-30T16:35:11","modified_gmt":"2026-01-30T16:35:11","slug":"condo-dopo-lultima-mourinho-e-il-diavolo-in-persona-quindi-allinter","status":"publish","type":"post","link":"https:\/\/www.europesays.com\/it\/330563\/","title":{"rendered":"Cond\u00f2: &#8220;Dopo l&#8217;ultima Mourinho \u00e8 il Diavolo in persona quindi all&#8217;Inter&#8230;&#8221;"},"content":{"rendered":"<p>Paolo Cond\u00f2, giornalista, prima del sorteggio della Champions League, ha parlato cos\u00ec delle possibili avversarie dell&#8217;Inter<\/p>\n<p><strong>Paolo Cond\u00f2<\/strong>, giornalista, intervenuto negli studi di Sky Sport prima del sorteggio della Champions League, ha parlato cos\u00ec delle possibili avversarie <a href=\"https:\/\/www.fcinter1908.it\/calciomercato\/mercato-inter\/inter-probabile-perisic-diaby-norton-cuffy\/\" rel=\"nofollow noopener\" target=\"_blank\">dell&#8217;Inter<\/a>:\u00a0&#8220;Il Bodo Glimt ha cambiato definitivamente la sua immagine: l&#8217;abbiamo sempre considerato pericoloso per il freddo e per il sintetico.<\/p>\n<p>Ma dopo aver vinto 2-1 in casa dell&#8217;Atletico merita di essere considerata una squadra di valore: se non ci fosse Mourinho dall&#8217;altra parte, ti direi che sarebbe da evitare per l&#8217;Inter. Il confronto con Mou per noi giornalisticamente sarebbe un&#8217;Epifania, ma ho deciso che \u00e8 il Diavolo in persona dopo quello che \u00e8 successo: non auguro all&#8217;Inter Mourinho&#8221;.<\/p>\n<p class=\"is-copyright\">\u00a9 RIPRODUZIONE RISERVATA<\/p>\n","protected":false},"excerpt":{"rendered":"Paolo Cond\u00f2, giornalista, prima del sorteggio della Champions League, ha parlato cos\u00ec delle possibili avversarie dell&#8217;Inter Paolo Cond\u00f2,&hellip;\n","protected":false},"author":3,"featured_media":330564,"comment_status":"","ping_status":"","sticky":false,"template":"","format":"standard","meta":{"footnotes":"","_share_on_mastodon":"0"},"categories":[1452],"tags":[30930,193773,721,1969,1970,193774,78032,1740,350,1537,90,89,6048,1739,245,244],"class_list":["post-330563","post","type-post","status-publish","format-standard","has-post-thumbnail","category-calcio","tag-avversarie","tag-avversarie-inter","tag-calcio","tag-champions","tag-champions-league","tag-champions-league-parlato","tag-condo","tag-football","tag-inter","tag-it","tag-italia","tag-italy","tag-mourinho","tag-soccer","tag-sport","tag-sports"],"share_on_mastodon":{"url":"https:\/\/pubeurope.com\/@it\/115985024608823506","error":""},"_links":{"self":[{"href":"https:\/\/www.europesays.com\/it\/wp-json\/wp\/v2\/posts\/330563","targetHints":{"allow":["GET"]}}],"collection":[{"href":"https:\/\/www.europesays.com\/it\/wp-json\/wp\/v2\/posts"}],"about":[{"href":"https:\/\/www.europesays.com\/it\/wp-json\/wp\/v2\/types\/post"}],"author":[{"embeddable":true,"href":"https:\/\/www.europesays.com\/it\/wp-json\/wp\/v2\/users\/3"}],"replies":[{"embeddable":true,"href":"https:\/\/www.europesays.com\/it\/wp-json\/wp\/v2\/comments?post=330563"}],"version-history":[{"count":0,"href":"https:\/\/www.europesays.com\/it\/wp-json\/wp\/v2\/posts\/330563\/revisions"}],"wp:featuredmedia":[{"embeddable":true,"href":"https:\/\/www.europesays.com\/it\/wp-json\/wp\/v2\/media\/330564"}],"wp:attachment":[{"href":"https:\/\/www.europesays.com\/it\/wp-json\/wp\/v2\/media?parent=330563"}],"wp:term":[{"taxonomy":"category","embeddable":true,"href":"https:\/\/www.europesays.com\/it\/wp-json\/wp\/v2\/categories?post=330563"},{"taxonomy":"post_tag","embeddable":true,"href":"https:\/\/www.europesays.com\/it\/wp-json\/wp\/v2\/tags?post=330563"}],"curies":[{"name":"wp","href":"https:\/\/api.w.org\/{rel}","templated":true}]}}