{"id":330603,"date":"2026-01-30T17:09:08","date_gmt":"2026-01-30T17:09:08","guid":{"rendered":"https:\/\/www.europesays.com\/it\/330603\/"},"modified":"2026-01-30T17:09:08","modified_gmt":"2026-01-30T17:09:08","slug":"live-dai-campi-tutte-le-formazioni-pio-kean-douvikas-raspadori-piccoli-pulisic-e-torna-hermoso","status":"publish","type":"post","link":"https:\/\/www.europesays.com\/it\/330603\/","title":{"rendered":"Live dai campi, tutte le formazioni: Pio, Kean, Douvikas, Raspadori, Piccoli, Pulisic e torna Hermoso"},"content":{"rendered":"<p><strong>LAZIO<\/strong> &#8211; \u00c8 scontro tra <strong>Romagnoli<\/strong> e la Lazio, non si \u00e8 allenato nelle scorse ore il difensore dopo il mancato trasferimento e non \u00e8 esclusa una sua partenza nelle prossime ore. <strong>Non \u00e8 convocato ufficialmente per la sfida col Genoa<\/strong>. Provato Provstgaard accanto a Gila in difesa, con Marusic su una corsia laterale e dall&#8217;altra parte <strong>o Pellegrini o Lazzari<\/strong> (col primo in vantaggio questa volta). Il caso Romagnoli resta apertissimo e questo va sottolineato. A centrocampo Cataldi in cabina di regia, ai lati Basic e Taylor. Torna a disposizione anche Rovella. In attacco la certezza \u00e8 Zaccagni a sinistra, poi due ballottaggi apertissimi: <strong>pi\u00f9 Isaksen di Cancellieri<\/strong> questa volta a destra mentre come centravanti <strong>c&#8217;\u00e8 Dia in vantaggio<\/strong> sui nuovi arrivati Maldini e Ratkov.<\/p>\n<p>La probabile formazione &#8211; Provedel; Marusic, Gila, Provstgaard, Pellegrini Lu.\/Lazzari; Basic, Cataldi, Taylor; Isaksen\/Cancellieri, Dia\/Maldini, Zaccagni.<\/p>\n<p><strong>GENOA<\/strong> &#8211; <strong>Si va verso la conferma di Bijlow<\/strong> tra i pali in casa Genoa, ha giocato gi\u00e0 all&#8217;esordio col Bologna e De Rossi \u00e8 pronto a confermarlo. <strong>Rientra Ostigard<\/strong> al centro della difesa, con Marcandalli e Vasquez come braccetti. Sulle fasce Norton-Cuffy e Martin, a centrocampo la certezza \u00e8 Frendrup; per le altre due maglie ci sono <strong>Ellertsson e Malinovskyi in pole<\/strong>. In attacco la coppia Vitinha-Colombo. Il piano B \u00e8 un tridente davanti, con Ekhator che giocherebbe per Malinovskyi o Ellertsson.<\/p>\n<p>La probabile formazione &#8211; Bijlow; Marcandalli, Ostigard, Vasquez; Norton-Cuffy, Ellertsson\/Thorsby, Frendrup, Malinovskyi\/Ekhator, Martin; Vitinha, Colombo.<\/p>\n<p class=\"is-copyright\">\u00a9 RIPRODUZIONE RISERVATA<\/p>\n","protected":false},"excerpt":{"rendered":"LAZIO &#8211; \u00c8 scontro tra Romagnoli e la Lazio, non si \u00e8 allenato nelle scorse ore il difensore&hellip;\n","protected":false},"author":3,"featured_media":330604,"comment_status":"","ping_status":"","sticky":false,"template":"","format":"standard","meta":{"footnotes":"","_share_on_mastodon":"0"},"categories":[176],"tags":[5781,33592,19599,57032,33008,27623,55649,21134,193794,1548,2537,1495,193795,7437,193796,151508,3077,569,52702,765,193797,71430,48714,193798,45685,5802,36017,18795,57038,29374,19898,4988,7545,57041,57042,193799,5706,27280,57045,134689,57048,188438,14753,133479,586,193800,50631,142019,26429,27704,57049,51054,105851,57052,193801,193802,35358,39087,6300,3196,193803,36318,2008,1856,921,51665,33009,193804,193805,6880,20840,57053,193806,3363,71431,7590,19921,2712,193807,51674,57055,12837,104,193808,151509,7204,193791,5204,1969,42312,57058,193809,5523,594,3705,17296,193810,47429,34619,7801,193811,4385,17732,4297,5006,2235,29678,12722,193812,8032,8036,6297,8460,57066,51886,57067,12418,9849,277,21109,57069,22048,3177,767,6258,11504,5011,7757,1341,32040,7171,56942,3074,15558,117202,193792,1974,6298,13659,1537,90,89,558,11505,33639,3232,5188,13022,57015,2219,57021,4964,193793,82431,35788,7597,14556,133,31692,19089,7173,16590,98,5527,57014,3237,1917,13196,22268,14284,32898,24166,315,7617,245,244,63986,24960,4211,31097,33591,26462,5583,1899,51890,2817,3481,6302,57031],"class_list":["post-330603","post","type-post","status-publish","format-standard","has-post-thumbnail","category-sport","tag-accanto","tag-acerbi","tag-adams","tag-adopo","tag-aebischer","tag-ahanor","tag-akanji","tag-akinsanmiro","tag-akinsanmiro-marin","tag-allenamento","tag-altra","tag-altre","tag-altre-maglie","tag-angori","tag-apertissimi","tag-apertissimo","tag-arrivato","tag-atalanta","tag-atta","tag-attacco","tag-attacco-coppia","tag-augusto","tag-ballottaggi","tag-ballottaggi-apertissimi","tag-ballottaggio","tag-banda","tag-bartesaghi","tag-baschirotto","tag-baschirotto-bianchetti","tag-basic","tag-bastoni","tag-baturina","tag-berardi","tag-bernabe","tag-bernabe-keita","tag-bernabe-keita-sorensen","tag-bernasconi","tag-bernede","tag-bertola","tag-bertola-kabasele","tag-bianchetti","tag-bijlow","tag-bisseck","tag-bisseck-acerbi","tag-bologna","tag-bologna-de","tag-bonazzoli","tag-bonazzoli-vardy","tag-bradaric","tag-bremer","tag-bremer-kelly","tag-brescianini","tag-britschgi","tag-buongiorno","tag-buongiorno-juan","tag-buongiorno-juan-jesus","tag-cabina","tag-cabina-regia","tag-cagliari","tag-cambiaghi","tag-cambiaghi-rowe","tag-cambiaso","tag-campi","tag-campionato","tag-campo","tag-cancellieri","tag-canestrelli","tag-canestrelli-caracciolo","tag-canestrelli-caracciolo-coppola","tag-capire","tag-caqueret","tag-caracciolo","tag-caracciolo-coppola","tag-carlos","tag-carlos-augusto","tag-casadei","tag-casale","tag-castro","tag-castro-immobile","tag-cataldi","tag-celik","tag-centravanti","tag-centro","tag-centro-coppia","tag-centro-difesa","tag-centrocampo","tag-centrocampo-coppia","tag-certezza","tag-champions","tag-cheddira","tag-circati","tag-circati-troilo","tag-coco","tag-colombo","tag-como","tag-completare","tag-completare-terzetto","tag-composta","tag-comuzzo","tag-conceicao","tag-conceicao-miretti","tag-conferma","tag-convocato","tag-coppa","tag-coppa-italia","tag-coppia","tag-coppola","tag-corsia","tag-corsia-laterale","tag-coulibaly","tag-coulibaly-ramadani","tag-cremonese","tag-cristante","tag-cuffy","tag-cunha","tag-cunha-perrone","tag-david","tag-davis","tag-de","tag-de-ketelaere","tag-de-roon","tag-de-winter","tag-destra","tag-difesa","tag-disposizione","tag-dodo","tag-douvikas","tag-dubbi","tag-dubbio","tag-ellertsson","tag-esposito","tag-fasce","tag-fascia","tag-favorito","tag-floriani","tag-floriani-mussolini","tag-formazione","tag-genoa","tag-hermoso","tag-it","tag-italia","tag-italy","tag-juventus","tag-kean","tag-kone","tag-laterale","tag-lazio","tag-leggermente","tag-leggermente-favorito","tag-maglia","tag-malinovskyi","tag-manca","tag-manca-squalificato","tag-mandragora","tag-martinez","tag-mediana","tag-mussolini","tag-ormai","tag-parisi","tag-pellegrini","tag-pio","tag-pole","tag-porta","tag-probabile","tag-probabile-formazione","tag-pronti","tag-pronto","tag-pulisic","tag-raspadori","tag-recuperato","tag-rodriguez","tag-segnalare","tag-sinistra","tag-spalle","tag-sport","tag-sports","tag-squalificato","tag-stop","tag-supporto","tag-terzetto","tag-thuram","tag-titolare","tag-torna","tag-tornare","tag-trequarti","tag-udinese","tag-vantaggio","tag-verona","tag-zanetti"],"share_on_mastodon":{"url":"","error":"Validation failed: Text character limit of 500 exceeded"},"_links":{"self":[{"href":"https:\/\/www.europesays.com\/it\/wp-json\/wp\/v2\/posts\/330603","targetHints":{"allow":["GET"]}}],"collection":[{"href":"https:\/\/www.europesays.com\/it\/wp-json\/wp\/v2\/posts"}],"about":[{"href":"https:\/\/www.europesays.com\/it\/wp-json\/wp\/v2\/types\/post"}],"author":[{"embeddable":true,"href":"https:\/\/www.europesays.com\/it\/wp-json\/wp\/v2\/users\/3"}],"replies":[{"embeddable":true,"href":"https:\/\/www.europesays.com\/it\/wp-json\/wp\/v2\/comments?post=330603"}],"version-history":[{"count":0,"href":"https:\/\/www.europesays.com\/it\/wp-json\/wp\/v2\/posts\/330603\/revisions"}],"wp:featuredmedia":[{"embeddable":true,"href":"https:\/\/www.europesays.com\/it\/wp-json\/wp\/v2\/media\/330604"}],"wp:attachment":[{"href":"https:\/\/www.europesays.com\/it\/wp-json\/wp\/v2\/media?parent=330603"}],"wp:term":[{"taxonomy":"category","embeddable":true,"href":"https:\/\/www.europesays.com\/it\/wp-json\/wp\/v2\/categories?post=330603"},{"taxonomy":"post_tag","embeddable":true,"href":"https:\/\/www.europesays.com\/it\/wp-json\/wp\/v2\/tags?post=330603"}],"curies":[{"name":"wp","href":"https:\/\/api.w.org\/{rel}","templated":true}]}}