{"id":330864,"date":"2026-01-30T21:31:11","date_gmt":"2026-01-30T21:31:11","guid":{"rendered":"https:\/\/www.europesays.com\/it\/330864\/"},"modified":"2026-01-30T21:31:11","modified_gmt":"2026-01-30T21:31:11","slug":"firenze-morto-il-padre-di-piero-pelu-sempre-orgoglioso-di-essere-tuo-figlio","status":"publish","type":"post","link":"https:\/\/www.europesays.com\/it\/330864\/","title":{"rendered":"Firenze, morto il padre di Piero Pel\u00f9: \u00abSempre orgoglioso di essere tuo figlio\u00bb"},"content":{"rendered":"<p>    di<br \/>\n    Edoardo Semmola<\/p>\n<p class=\"summary-art is-line-h-12\">Il \u00abdottor Gion\u00bb, medico radiologo, scomparso oggi 30 gennaio 2026, aveva compiuto 98 anni<\/p>\n<p class=\"chapter-paragraph\">\u00abCiao pap\u00e0, \u00e8 stata una gioia immensa condividere questa parte di viaggio con te e tutta la trib\u00f9. Sar\u00f2 sempre orgoglioso di essere tuo figlio\u00bb.<br \/><b>Giovanni Pel\u00f9, il padre<\/b> del cantante fiorentino dei Litfiba, aveva compiuto 98 anni a ottobre.\u00a0\u00c8 stato lo stesso figlio <a href=\"https:\/\/corrierefiorentino.corriere.it\/notizie\/cultura-e-tempo-libero\/25_novembre_05\/la-guerra-di-piero-pelu-contro-il-rumore-si-investe-in-armi-invece-che-in-ricerca-sulle-malattie-come-la-mia-2d69bd32-3405-458e-9300-a6e202378xlk.shtml\" title=\"La guerra di Piero Pel\u00f9 contro il rumore: \u00abSi investe in armi invece che in ricerca sulle malattie come la mia\u00bb\" rel=\"nofollow noopener\" target=\"_blank\">Piero <\/a>a dare notizia della sua <b>scomparsa <\/b>&#8211; l&#8217;uomo soffriva di Alzheimer &#8211; oggi 30 gennaio con questo breve ma commosso post sui social, accompagnato da una foto dove padre e figlio si guardano sorridento e il rocker appoggia la mano con un gesto affettuoso sulla spalla del genitore.<\/p>\n<p class=\"chapter-paragraph\">Numerose le dichiarazioni di <b>affetto <\/b>da parte di amici e colleghi del\u00a0 mondo della musica e dello spettacolo, a iniziare dai compagni di viaggio e concittadini della Bandabard\u00f2, con cui il rocker condivideva spesso il palco soprattutto in questi ultimi anni e con cui stava portando avanti la battaglia degli operai <b><a href=\"https:\/\/video.corrierefiorentino.corriere.it\/firenze-piero-pelu-in-concerto-per-la-gkn\/931ee42a-6f3a-48e9-9401-01e9f0ff5xlk\" title=\"Firenze, Piero Pel\u00f9 in concerto per la Gkn\" rel=\"nofollow noopener\" target=\"_blank\">ex Gkn<\/a><\/b>. Seguiti dalla sua storica etichetta Contempo, Elio e le Storie Tese, il conduttore Nicola Savino, Biagio Antonacci, Paola Turci e tanti altri.    &#13;<br \/>\n&#13;<br \/>\n&#13;<br \/>\n&#13;<br \/>\n&#13;<br \/>\n&#13;<br \/>\n&#13;<br \/>\n&#13;<br \/>\n&#13;<br \/>\n&#13;<br \/>\n&#13;<br \/>\n&#13;<br \/>\n&#13;<br \/>\n&#13;<br \/>\n&#13;<br \/>\n&#13;<br \/>\n&#13;<br \/>\n&#13;<br \/>\n&#13;<br \/>\n&#13;<br \/>\n&#13;<br \/>\n&#13;<br \/>\n&#13;<br \/>\n&#13;<br \/>\n&#13;<br \/>\n&#13;<br \/>\n&#13;<br \/>\n&#13;<br \/>\n&#13;<br \/>\n&#13;<br \/>\n&#13;<br \/>\n&#13;<br \/>\n&#13;<br \/>\n&#13;<br \/>\n&#13;<br \/>\n&#13;<br \/>\n&#13;<br \/>\n&#13;<br \/>\n&#13;<br \/>\n&#13;<br \/>\n&#13;<br \/>\n&#13;<br \/>\n&#13;<br \/>\n&#13;<br \/>\n&#13;<br \/>\n&#13;<br \/>\n&#13;<br \/>\n&#13;<br \/>\n&#13;<br \/>\n&#13;<br \/>\n&#13;<br \/>\n&#13;<br \/>\n&#13;\n<\/p>\n<p class=\"chapter-paragraph\">Al\u00a0<b>\u00abdottor Gion\u00bb<\/b>, come a\u00a0 volte veniva chiamato Giovanni Pel\u00f9, di professione <b>medico radiologo<\/b>, Piero aveva dedicato la canzone La Preda\u00a0esattamente 40 anni fa: all&#8217;epoca tra i due c&#8217;era stata qualche incomprensione a causa delle scelte di vita del giovane Piero che aveva scelto la carriera artistica contro il parere del genitore che avrebbe voluto per lui una vita pi\u00f9\u00a0\u00abregolare\u00bb, ma col tempo i due Pel\u00f9 erano diventati un&#8217;affiatatissima squadra legata da un profondo affetto e rispetto.\u00a0<\/p>\n<p class=\"is-mr-t-20 is-mr-b-20\"><b><br \/>\n                    <a href=\"https:\/\/corrierefiorentino.corriere.it\/?intcmp=Notizielocali_nd_010623_corriere_ss_fior\" target=\"_blank\" rel=\"nofollow noopener\">Vai a tutte le notizie di Firenze<\/a><br \/>\n            <\/b><\/p>\n<p class=\"chapter-paragraph\"><b><a href=\"https:\/\/www.corriere.it\/newsletter\/?theme=45&amp;intcmp=NL-artic_nd_050624_corriere_ss_fior\" target=\"_blank\" rel=\"nofollow noopener\">Iscriviti alla newsletter del Corriere Fiorentino<\/a><\/b><\/p>\n<p class=\"is-last-update\" datetime=\"2026-01-30T15:02:12+01:00\">30 gennaio 2026 ( modifica il 30 gennaio 2026 | 15:02)<\/p>\n<p class=\"is-copyright\">\n            \u00a9 RIPRODUZIONE RISERVATA\n        <\/p>\n","protected":false},"excerpt":{"rendered":"di Edoardo Semmola Il \u00abdottor Gion\u00bb, medico radiologo, scomparso oggi 30 gennaio 2026, aveva compiuto 98 anni \u00abCiao&hellip;\n","protected":false},"author":3,"featured_media":330865,"comment_status":"","ping_status":"","sticky":false,"template":"","format":"standard","meta":{"footnotes":"","_share_on_mastodon":"0"},"categories":[174],"tags":[12288,18123,24427,193916,203,2716,705,2614,193917,2759,193918,204,1537,90,89,452,193919,42810,3608,65004,1987],"class_list":["post-330864","post","type-post","status-publish","format-standard","has-post-thumbnail","category-intrattenimento","tag-affetto","tag-compiuto","tag-dottor","tag-dottor-gion","tag-entertainment","tag-figlio","tag-genitore","tag-gennaio","tag-gion","tag-giovanni","tag-giovanni-pelu","tag-intrattenimento","tag-it","tag-italia","tag-italy","tag-medico","tag-medico-radiologo","tag-orgoglioso","tag-padre","tag-pelu","tag-piero"],"share_on_mastodon":{"url":"https:\/\/pubeurope.com\/@it\/115986188468328863","error":""},"_links":{"self":[{"href":"https:\/\/www.europesays.com\/it\/wp-json\/wp\/v2\/posts\/330864","targetHints":{"allow":["GET"]}}],"collection":[{"href":"https:\/\/www.europesays.com\/it\/wp-json\/wp\/v2\/posts"}],"about":[{"href":"https:\/\/www.europesays.com\/it\/wp-json\/wp\/v2\/types\/post"}],"author":[{"embeddable":true,"href":"https:\/\/www.europesays.com\/it\/wp-json\/wp\/v2\/users\/3"}],"replies":[{"embeddable":true,"href":"https:\/\/www.europesays.com\/it\/wp-json\/wp\/v2\/comments?post=330864"}],"version-history":[{"count":0,"href":"https:\/\/www.europesays.com\/it\/wp-json\/wp\/v2\/posts\/330864\/revisions"}],"wp:featuredmedia":[{"embeddable":true,"href":"https:\/\/www.europesays.com\/it\/wp-json\/wp\/v2\/media\/330865"}],"wp:attachment":[{"href":"https:\/\/www.europesays.com\/it\/wp-json\/wp\/v2\/media?parent=330864"}],"wp:term":[{"taxonomy":"category","embeddable":true,"href":"https:\/\/www.europesays.com\/it\/wp-json\/wp\/v2\/categories?post=330864"},{"taxonomy":"post_tag","embeddable":true,"href":"https:\/\/www.europesays.com\/it\/wp-json\/wp\/v2\/tags?post=330864"}],"curies":[{"name":"wp","href":"https:\/\/api.w.org\/{rel}","templated":true}]}}