{"id":331059,"date":"2026-01-31T00:32:20","date_gmt":"2026-01-31T00:32:20","guid":{"rendered":"https:\/\/www.europesays.com\/it\/331059\/"},"modified":"2026-01-31T00:32:20","modified_gmt":"2026-01-31T00:32:20","slug":"chi-erano-e-cosa-fanno-oggi-le-letterine-di-passaparola","status":"publish","type":"post","link":"https:\/\/www.europesays.com\/it\/331059\/","title":{"rendered":"Chi erano e cosa fanno oggi le &#8220;Letterine&#8221; di Passaparola"},"content":{"rendered":"<p>Basta nominare Passaparola per riattivare un immaginario preciso: il preserale di fine anni Novanta, le sigle entrate in testa, il gioco che scandiva l&#8217;ora di cena e, soprattutto, loro: le \u201cLetterine\u201d, una presenza fissa e riconoscibilissima di quella tv. Oggi se ne torna a parlare anche perch\u00e9, con Gerry Scotti di nuovo nel preserale alla guida del seguitissimo La Ruota della Fortuna e con Samira Lui al suo fianco, riaffiora inevitabilmente il paragone con quella stagione. In pi\u00f9, nelle ultime ore, alcune allusioni circolate online hanno riportato sotto i riflettori proprio quel cast femminile che per anni \u00e8 stato parte integrante del programma: \u00e8 stato Fabrizio Corona, in particolare, a far circolare voci di presunti comportamenti scorretti di Gerry nei confronti delle ex colleghe; accuse che, per\u00f2, sono state presto rispedite al mittente, da parte di Scotti stesso e delle stesse donne.\u00a0<\/p>\n<p>Passata dunque la bufera, resta la curiosit\u00e0 pi\u00f9 concreta &#8211; e forse pi\u00f9 interessante &#8211; su quelle ragazze che hanno segnato un&#8217;epoca: chi sono oggi e che cosa fanno le Letterine? Alcune sono rimaste nel mondo dello spettacolo, arrivando a ruoli importanti e a una popolarit\u00e0 stabile; altre hanno cambiato strada e sono sparite (o quasi) dalla tv. Qui ripercorriamo il loro percorso professionale e privato, da allora e sino ad oggi.\u00a0<\/p>\n<p><img loading=\"lazy\" decoding=\"async\" style=\"aspect-ratio:1200\/676;\" src=\"https:\/\/www.europesays.com\/it\/wp-content\/uploads\/2026\/01\/passaparola-2-2.jpg\" alt=\"passaparola-2-2\" width=\"1200\" height=\"676\" title=\"passaparola-2-2\"\/>Una vecchia foto delle Letterine di PassaparolaSilvia Toffanin<\/p>\n<p>Lei probabilmente \u00e8 la pi\u00f9 famosa di tutte. Nata a Marostica nel 1978 (provincia di Vicenza) da una famiglia umile, ha studiato al liceo classico e giovanissima, viene notata da un fotografo del suo paese. Inizia cos\u00ec la carriera, come fotomodella. E poi, nel 1997, le selezioni di Miss Italia, le sfilate, il trasferimento a Roma. Nel 2001 la svolta con Passaparola. Rester\u00e0 solo due anni, ma saranno cruciali. Dal 2002 inizia la relazione con <a href=\"https:\/\/www.today.it\/gossip\/vip\/pier-silvio-berlusconi-e-silvia-toffanin-trasloco-villa-san-sebastiano.html\" target=\"_blank\" rel=\"nofollow noopener\">Pier Silvio Berlusconi<\/a> (oggi amministratore delegato di Mediaset) e nascono due bambini: Lorenzo Mattia (2010) e Sofia Valentina (2015). Negli anni in cui cresce l&#8217;amore, decolla anche la carriera da conduttrice: Nonsolomoda per 7 anni, poi inviata di Popstars e ancora una rubrica di moda all\u2019interno di Verissimo, di cui prender\u00e0 il timone per vent&#8217;anni, fino a oggi.\u00a0<\/p>\n<p>Nel frattempo Toffanin si mette a studiare. Nel 2004 l\u2019iscrizione all\u2019albo dei giornalisti professionisti, nel 2007 la laurea in Lingue e letterature straniere alla Cattolica. Il suo relatore \u00e8 niente poco di meno che Aldo Grasso, il famoso critico televisivo. Oggi \u00e8 una conduttrice di rilievo per Canale 5: pochissimi programmi ma ben studiati e tutti di successo. Il caso lampante \u00e8 This Is Me, spin-off crossover di Amici di Maria De Filippi e di Verissimo.\u00a0<\/p>\n<p><img decoding=\"async\" src=\"https:\/\/www.europesays.com\/it\/wp-content\/uploads\/2026\/01\/silvia-toffanin-9.jpg\" alt=\"Silvia Toffanin-9\" title=\"Silvia Toffanin\"\/><\/p>\n<p>Ilary Blasi<\/p>\n<p>Tra le letterine pi\u00f9 note ancora oggi c\u2019\u00e8 sicuramente Ilary Blasi. Classe 1981, romana doc, si avvicina al mondo dello spettacolo gi\u00e0 da bambina. A soli tre anni, infatti, appare nell&#8217;ormai leggendario spot dell\u2019Olio cuore, accanto alla grande attrice Mariangela Melato. Da l\u00ec inizia tutto: la vogliono Fiat, Renault, Cicciobello, Barilla, Findus, Balocco, Galbusera. A soli 5 anni debutta al cinema con una piccola parte nel film \u2018Da grande\u2019, del regista Franco Amurri. Poi, negli anni 90 \u2013 complici alcuni concorsi di bellezza, tra cui Miss Italia e il programma Scherzi a parte \u2013 si avvicina alla tv. Per due anni prova e riprova a partecipare a diversi casting ma non ottiene successo, fino a quando \u2013 nel 2001 \u2013 arriva a Passaparola.\u00a0<\/p>\n<p>Da l\u00ec decolla la carriera televisiva di Ilary, tra Rai e Mediaset: Che Tempo Che Fa con Fabio Fazio, Le Iene, l\u2019Isola dei Famosi, Battiti Live, ma anche il Festival di Sanremo (era il 2006) e il <a href=\"https:\/\/www.today.it\/tv\/news\/grande-fratello\/nomi-vip-concorrenti-signorini.html\" target=\"_blank\" rel=\"nofollow noopener\">Grande Fratello Vip, dove torna da met\u00e0 marzo a seguito dell\u2019autosospensione da Mediaset di Alfonso Signorini<\/a>, indagato per violenza sessuale e tentata estorsione. Quanto alla sua vita privata, non c\u2019\u00e8 nulla che gi\u00e0 non si sappia: quasi vent&#8217;anni accanto all&#8217;ex calciatore Francesco Totti, tre figli, infine il divorzio (ancora in corso), con tanto di battaglia legale. Dal 2023 l&#8217;amore con l\u2019imprenditore tedesco Bastian Muller.\u00a0<\/p>\n<p><img decoding=\"async\" src=\"https:\/\/www.europesays.com\/it\/wp-content\/uploads\/2026\/01\/ilary-blasi-foto-la-presse-2.jpg\" alt=\"Ilary Blasi (foto La Presse)-2\" title=\"Ilary Blasi (foto La Presse)\"\/><\/p>\n<p>Alessia Mancini<\/p>\n<p>Nata a Marino (provincia di Roma) nel 1978, Alessia Mancini debutta in tv nel 1994, con Non \u00e8 la Rai. Poi velina di Striscia la Notizia e ancora, nel 1999, co-conduttrice, ballerina e valletta di Gerry Scotti a Passaparola. Il programma senza per lei un punto di svolta. A seguire, infatti, parteciper\u00e0 anche al quiz tv La ruota della fortuna, condotto da Mike Bongiorno e ancora La sai l\u2019ultima?, Bande sonore, fino a quando nel 2002 arriva in Rai (Mezzogiorno in famiglia).\u00a0<\/p>\n<p>La sua carriera non si interrompe mai veramente ma \u2013 forse complici anche le nascite dei suoi due figli \u2013 sicuramente rallenta. Si dedica anche ai reality, ma in veste di concorrente: La Talpa nel 2005, l\u2019Isola dei Famosi nel 2018. Dietro a tutto ci\u00f2 lo studio: maturit\u00e0 scientifica, poi la laurea alla IULM (libera universit\u00e0 di lingue e comunicazione) e altri corsi di dizione, danza e recitazione. Dal 2003 \u00e8 sposata con Flavio Montrucchio, conduttore e attore tv torinese classe 1975. Dal loro amore sono nati due figli: Mya (nel 2008) e Orlando (nel 2015).\u00a0<\/p>\n<p><strong>Cosa fa oggi? <\/strong>Il suo impegno principale \u00e8 quello di Camper in viaggio, programma estivo in onda su Rai Uno. Inoltre \u00e8 molto attiva sui social. Su Instagram, dov\u2019\u00e8 seguita da 668mila follower, ama condividere contenuti relativi alla famiglia ma soprattutto alla cucina. Nel 2022 ha pubblicato un libro per Mondadori, dal titolo \u201cIl sorriso \u00e8 l\u2019ingrediente segreto: ricette golose e beauty tips\u201d. In passato ha curato anche un Canale YouTube dal titolo \u201cUn sorriso in cucina\u201d.\u00a0<\/p>\n<p><img decoding=\"async\" src=\"https:\/\/www.europesays.com\/it\/wp-content\/uploads\/2026\/01\/alessia-mancini-10.jpg\" alt=\"Alessia Mancini-10\" title=\"Alessia Mancini\"\/><\/p>\n<p>Alessia Fabiani<\/p>\n<p>Originaria de L\u2019Aquila, classe 1976, Alessia Fabiani segue un percorso simile a quello di altre colleghe. Fin da bambina si avvicina al mondo dello spettacolo, iniziando con la sit-com Orazio. Poi si avvicina alla moda e alla tv fino a quando nel 1997 lavora con Paolo Bonolis e poi, nel 1999, con Gerry Scotti. Lavorer\u00e0 con lui anche in altri programmi tv, non solo Passaparola, mentre nel 2003 si siede sul trono di Uomini e Donne. Calendari sexy, il programma tv Lucignolo e i reality show (La fattoria nel 2006). Poi un lungo periodo di pausa. Torna in tv nel 2019 a All Together Now, come giurata del muro e infine l\u2019Isola dei Famosi lo scorso anno. Nel mentre alcuni spettacoli teatrali e la vita privata che l\u2019ha vista impegnata di una storia d\u2019amore piuttosto travagliata. Quella con Fabrizio Cherubini, con cui d\u00e0 alla luce due gemelli (Kim e Keira). Si lasciano e inizia una <a href=\"https:\/\/www.today.it\/gossip\/vip\/alessia-fabiani-marito-sfogo.html\" target=\"_blank\" rel=\"nofollow noopener\">querelle legale molto delicata, terminata \u2013 non senza delusione per la showgirl \u2013 con l\u2019assoluzione dell\u2019uomo<\/a>.\u00a0<\/p>\n<p><strong>Cosa fa oggi?<\/strong> Lo scorso anno a SuperGuidaTv aveva detto: \u201cNon mi sono mai totalmente allontanata dalla televisione. Ho fatto molto teatro e nel frattempo conduco un programma su Sky, Imprese possibili. Ovviamente l\u2019Isola \u00e8 un programma nazional popolare e ho pensato che rientrare in questo modo potesse fare il punto della mia carriera, della mia vita. Per me \u00e8 stato anche un lavoro e soprattutto un\u2019esperienza diversa\u201d.<\/p>\n<p>Di recente ha raccontato in un reel pubblicato sul profilo dov\u2019\u00e8 seguita da 231mila persone: \u201cNon mi sono mai sentita un personaggio, nonostante a volte il mio nome a volte mi abbia preceduto \u2013 dice Fabiani -. Il mio \u2018grazie\u2019 lo devo sicuramente a <a href=\"https:\/\/www.today.it\/tag\/maurizio-costanzo\/\" rel=\"nofollow noopener\" target=\"_blank\">Maurizio Costanzo<\/a> che mi ha fatto iniziare, ma ringrazio moltissimo anche Gerry Scotti che \u00e8 una persona umile ed \u00e8 una persona serie, poche se ne incontrano\u201d. E ancora su Scotti: \u201cUn aneddoto? Un pomeriggio mi addormentai perch\u00e9 feci tardi e nello studio misero una ninna nanna e mi inquadrarono pure\u201d. Non \u00e8 noto se al momento abbia dei nuovi programmi lavorativi all\u2019orizzonte.\u00a0<\/p>\n<p><img decoding=\"async\" src=\"https:\/\/www.europesays.com\/it\/wp-content\/uploads\/2026\/01\/alessia-fabiani-7.jpg\" alt=\"Alessia Fabiani-7\" title=\"Alessia Fabiani\"\/><\/p>\n<p>Michela Coppa<\/p>\n<p>Nata a Parma nel 1983, Michela si avvicina al mondo dello spettacolo nel 2011, partecipando a Miss Italia e arrivando tra le finaliste. Dal 2003 al 2006 \u00e8 stata una delle letterine di Passaparola, affiancando Gerry Scotti sia l\u00ec che a La Corrida. Dopo altre esperienze televisive (Melaverde, Ricette all\u2019italiana), dal 2019 non si vede pi\u00f9 in tv.\u00a0<\/p>\n<p><strong>Cosa fa oggi? <\/strong>Ha fondato un brand dedicato alla nutrizione e insegna yoga. Sui social \u2013 dov\u2019\u00e8 seguita da 318mila follower \u2013 mostra ricette gustosissime ed esercizi per rimanere in forma e occuparsi del proprio benessere. Accanto a lei c\u2019\u00e8 Christian Milia, imprenditore da cui ha avuto una figlia il 23 settembre 2021 e che si chiama <a href=\"https:\/\/www.today.it\/gossip\/vip\/michela-coppa-nata-figlia-fara-alma.html\" target=\"_blank\" rel=\"nofollow noopener\">Fara Alma<\/a>.<\/p>\n<p><img decoding=\"async\" src=\"https:\/\/www.europesays.com\/it\/wp-content\/uploads\/2026\/01\/michela-coppa.jpg\" alt=\"Michela Coppa\" title=\"Michela Coppa\"\/><\/p>\n<p>Caterina Murino<\/p>\n<p>La carriera di Caterina Murino \u00e8 forse tra le pi\u00f9 sorprendenti. Nata in Sardegna, a Cagliari nel 1977, ha iniziato a farsi conoscere avvicinandosi al mondo della moda (Miss Italia). Poi Passaparola nel 1999. Capisce che quella pu\u00f2 essere la sua vita, per questo si mette a studiare recitazione. Ha all\u2019attivo pi\u00f9 di 30 film per cinema e progetti tv: Don Matteo, Il ritorno di Ulisse, L\u2019isola di Pietro, Natale senza Babbo. Oltre al teatro.\u00a0<\/p>\n<p><strong>Cosa fa oggi?<\/strong> Oggi Caterina Murino, che vive a Parigi da 25 anni e da nove \u00e8 legata all\u2019avvocato francese Edouard Rigaud, \u00e8 un\u2019attrice affermata anche a livello internazionale. Dopo una gravidanza molto molto ricercata, da poco \u00e8 diventata mamma di Demetrio Tancredi. Alla Nuova Sardegna ha dichiarato: \u201cHo poco tempo in tutti i sensi, ho tante cose da fare. Ora mi \u00e8 arrivato questo regalo dal cielo (<a href=\"https:\/\/www.today.it\/tv\/news\/caterina-murino-gerry-scotti.html\" target=\"_blank\" rel=\"nofollow noopener\">il figlio<\/a>, ndr) e lo sono ancora di pi\u00f9. Ma ero gi\u00e0 una donna felice per quello che mi \u00e8 stato dato, per quella scelta di vita che non era prevista. E sono una donna che combatte per tante cause. In questo mondo pieno di disgrazie \u00e8 inaccettabile vivere pensando solo al proprio orticello\u201d. \u201cIo sono attrice da 26 anni, ma forse aveva ragione un mio vecchio professore di teatro che sosteneva che per definirsi attrici bisognasse avere interpretato almeno 20 ruoli diversi. Ora forse posso iniziare a utilizzarlo, prima stavo cercando di fare l\u2019attrice\u201d, ha detto lei.<\/p>\n<p><img decoding=\"async\" src=\"https:\/\/www.europesays.com\/it\/wp-content\/uploads\/2026\/01\/caterina-murino.jpg\" alt=\"Caterina Murino\" title=\"Caterina Murino\"\/><\/p>\n<p>Francesca Lodo<\/p>\n<p>Francesca Lodo \u00e8 nata anche lei a Cagliari, nel 1982. Modella, showgirl e attrice \u2013 <a href=\"https:\/\/www.today.it\/tv\/news\/isola-dei-famosi\/chi-e-francesca-lodo-fidanzato-lavoro-cugina-cugina-giorgia-palmas.html\" target=\"_blank\" rel=\"nofollow noopener\">cugina della collega Giorgia Palmas <\/a>&#8211; partecipa a Miss Mondo nel 1999 e fa della sua bellezza il fiore all\u2019occhiello della propria carriera. Nel 2002-2003 affianca Scotti a Passaparola, poi partecipa al reality La Fattoria, posa come modella, diventa testimonial di alcuni brand e fondamentalmente nulla pi\u00f9. Torna sul piccolo schermo nel 2021 grazie all\u2019Isola dei Famosi.\u00a0<\/p>\n<p><strong>Cosa fa oggi? <\/strong>Si occupa di un\u2019accademia per influencer, fondata a Cagliari e dal nome \u2018Da Zero a Influencer\u2019: \u201cL\u2019obiettivo principale \u00e8 stato quello di aiutare i giovani talenti del nostro territorio! Quando mi sono trasferita di nuovo a Cagliari, dopo aver vissuto tantissimi anni tra Milano e Roma, ho percepito un bisogno da parte della nuova generazione e per questo ho deciso di mettermi in gioco in prima persona per dare una mano a tante ragazze e ragazzi che vogliono intraprendere questa carriera[\u2026]\u201d, le sue parole a VistanetNews nel 2022. Non \u00e8 noto se il progetto sia ancora in piedi. Dopo alcune storie con personaggi noti (Francesco Coco, Cristiano Zanetti per esempio), al momento non \u00e8 noto se sia fidanzata.<\/p>\n<p><img decoding=\"async\" src=\"https:\/\/www.europesays.com\/it\/wp-content\/uploads\/2026\/01\/francesca-lodo-2.jpg\" alt=\"Francesca Lodo-2\" title=\"Francesca Lodo\"\/><\/p>\n<p>Alessia Ventura<\/p>\n<p>Nata a Moncalieri (Torino) nel 1980, <a href=\"https:\/\/www.today.it\/persone\/alessia-ventura\/\" target=\"_blank\" rel=\"nofollow noopener\">Alessia Ventura<\/a> debutta nel mondo della moda nel 1994. Due anni dopo partecipa come concorrente a Sotto a chi tocca. La svolta arriva poco dopo, quando diventa valletta di Ok, il prezzo \u00e8 giusto!. Gira spot per alcuni brand, recita (CentoVetrine), partecipa al reality La Talpa e poi conduce diversi programmi tv, anche in Rai (Mezzogiorno in famiglia). Negli ultimi anni \u00e8 stata la conduttrice di Drive Up, programma tv dedicato al mondo dei motori e in onda su Italia Uno. Il suo ultimo come attrice, invece, risale al lontano 2008.\u00a0<\/p>\n<p><strong>Cosa fa oggi? <\/strong>Si occupa di campagne pubblicitarie e altri progetti spot come la conduzione dell\u2019evento di premiazione del Premio Internazionale &#8220;Lombardia \u00e8 Ricerca&#8221;. Ultimo, ma non per importanza, il suo ruolo in famiglia. Alessia, infatti, vive a Ragusa con Gabriele Schembari, fondatore di Rental Group, noleggio a lungo termine. Con lui ha avuto la sua prima figlia nel 2021, Ginevra, che oggi \u00e8 la loro gioia pi\u00f9 grande (lui aveva gi\u00e0 un figlio da una passata relazione).<\/p>\n<p><img decoding=\"async\" src=\"https:\/\/www.europesays.com\/it\/wp-content\/uploads\/2026\/01\/alessia-ventura.jpg\" alt=\"Alessia Ventura\" title=\"Alessia Ventura\"\/><\/p>\n<p>\u00a0<\/p>\n","protected":false},"excerpt":{"rendered":"Basta nominare Passaparola per riattivare un immaginario preciso: il preserale di fine anni Novanta, le sigle entrate in&hellip;\n","protected":false},"author":3,"featured_media":331060,"comment_status":"","ping_status":"","sticky":false,"template":"","format":"standard","meta":{"footnotes":"","_share_on_mastodon":"0"},"categories":[1451],"tags":[1621,1620,193982,193983,203,193981,686,204,1537,90,89,193135],"class_list":["post-331059","post","type-post","status-publish","format-standard","has-post-thumbnail","category-celebrita","tag-celebrita","tag-celebrities","tag-che-fanno-le-letterine","tag-chi-erano-le-letterine","tag-entertainment","tag-ex-letterine","tag-gerry-scotti","tag-intrattenimento","tag-it","tag-italia","tag-italy","tag-letterine"],"share_on_mastodon":{"url":"https:\/\/pubeurope.com\/@it\/115986900433584246","error":""},"_links":{"self":[{"href":"https:\/\/www.europesays.com\/it\/wp-json\/wp\/v2\/posts\/331059","targetHints":{"allow":["GET"]}}],"collection":[{"href":"https:\/\/www.europesays.com\/it\/wp-json\/wp\/v2\/posts"}],"about":[{"href":"https:\/\/www.europesays.com\/it\/wp-json\/wp\/v2\/types\/post"}],"author":[{"embeddable":true,"href":"https:\/\/www.europesays.com\/it\/wp-json\/wp\/v2\/users\/3"}],"replies":[{"embeddable":true,"href":"https:\/\/www.europesays.com\/it\/wp-json\/wp\/v2\/comments?post=331059"}],"version-history":[{"count":0,"href":"https:\/\/www.europesays.com\/it\/wp-json\/wp\/v2\/posts\/331059\/revisions"}],"wp:featuredmedia":[{"embeddable":true,"href":"https:\/\/www.europesays.com\/it\/wp-json\/wp\/v2\/media\/331060"}],"wp:attachment":[{"href":"https:\/\/www.europesays.com\/it\/wp-json\/wp\/v2\/media?parent=331059"}],"wp:term":[{"taxonomy":"category","embeddable":true,"href":"https:\/\/www.europesays.com\/it\/wp-json\/wp\/v2\/categories?post=331059"},{"taxonomy":"post_tag","embeddable":true,"href":"https:\/\/www.europesays.com\/it\/wp-json\/wp\/v2\/tags?post=331059"}],"curies":[{"name":"wp","href":"https:\/\/api.w.org\/{rel}","templated":true}]}}