{"id":331433,"date":"2026-01-31T07:09:15","date_gmt":"2026-01-31T07:09:15","guid":{"rendered":"https:\/\/www.europesays.com\/it\/331433\/"},"modified":"2026-01-31T07:09:15","modified_gmt":"2026-01-31T07:09:15","slug":"balaso-nel-mirino-di-perugia-offerta-del-club-umbro","status":"publish","type":"post","link":"https:\/\/www.europesays.com\/it\/331433\/","title":{"rendered":"Balaso nel mirino di Perugia. Offerta del club umbro"},"content":{"rendered":"<p>La Sir Susa Scai Perugia si \u00e8 mossa concretamente per portare via nientemeno che Fabio Balaso. Il club campione d\u2019Europa, del mondo e capolista in SuperLega, ha presentato un\u2019offerta al libero biancorosso e della Nazionale. Secondo Sky Sport il 30enne patavino avrebbe dato l\u2019ok al trasferimento, spinto dalla possibilit\u00e0 di vincere ancora tanto. A noi ci\u00f2 non risulta, anche se Balaso non avrebbe respinto la ricca offerta ricevuta e la trattativa \u00e8 in evoluzione. L\u2019atleta \u00e8 sotto contratto con Civitanova fino al 2027, firm\u00f2 il prolungamento quadriennale nel 2022 quando ancora aveva 12 mesi alla scadenza di quell\u2019accordo, tuttavia questo \u00e8 ormai un aspetto \u2013 purtroppo &#8211; secondario. Nel volley i contratti valgono meno che in altri sport come ha dimostrato pochi giorni fa il caso Poriya e in generale basta pagare un buy-out, una sorta di clausola o penale, e la societ\u00e0 avr\u00e0 il suo giocatore desiderato. Soprannominato la macchina per la grande intensit\u00e0 e la costanza sia in allenamento che nelle partite, quasi eroico nel rientrare subito in campo negli ultimi playoff dopo l\u2019operazione alla mano, Balaso ha sempre dimostrato grande attaccamento alla causa Lube. Uno dei beniamini del tifo biancorosso e dal 2024 e anche il capitano del team. Diciamo che nessuno vorrebbe privarsene, tanto pi\u00f9 per vederlo in maglia Sir\u2026. perch\u00e9, nonostante in questa stagione sia meno esaltante del solito, parliamo del libero probabilmente pi\u00f9 forte del mondo. Per carit\u00e0, la sua riserva, il giovane Bisotto, ha dimostrato di meritare spazio e di essere una valida alternativa, per\u00f2 la Lube dovrebbe fare di tutto per trattenerlo ed evitare il terzo capitan-addio dopo Juantorena e De Cecco. Peraltro Balaso andrebbe a rafforzare ancora di pi\u00f9 quella che gi\u00e0 adesso appare come una corazzata. Con lui e Reggers gli umbri sarebbero ancor pi\u00f9 &#8220;lontani&#8221; dai radar di Civitanova. <\/p>\n<p>Andrea Scoppa<\/p>\n","protected":false},"excerpt":{"rendered":"La Sir Susa Scai Perugia si \u00e8 mossa concretamente per portare via nientemeno che Fabio Balaso. Il club&hellip;\n","protected":false},"author":3,"featured_media":331434,"comment_status":"","ping_status":"","sticky":false,"template":"","format":"standard","meta":{"footnotes":"","_share_on_mastodon":"0"},"categories":[1474],"tags":[86729,1537,90,89,1846,1413,4056,245,244,31542,1869],"class_list":["post-331433","post","type-post","status-publish","format-standard","has-post-thumbnail","category-volley","tag-balaso","tag-it","tag-italia","tag-italy","tag-mirino","tag-offerta","tag-perugia","tag-sport","tag-sports","tag-umbro","tag-volley"],"share_on_mastodon":{"url":"https:\/\/pubeurope.com\/@it\/115988461162380077","error":""},"_links":{"self":[{"href":"https:\/\/www.europesays.com\/it\/wp-json\/wp\/v2\/posts\/331433","targetHints":{"allow":["GET"]}}],"collection":[{"href":"https:\/\/www.europesays.com\/it\/wp-json\/wp\/v2\/posts"}],"about":[{"href":"https:\/\/www.europesays.com\/it\/wp-json\/wp\/v2\/types\/post"}],"author":[{"embeddable":true,"href":"https:\/\/www.europesays.com\/it\/wp-json\/wp\/v2\/users\/3"}],"replies":[{"embeddable":true,"href":"https:\/\/www.europesays.com\/it\/wp-json\/wp\/v2\/comments?post=331433"}],"version-history":[{"count":0,"href":"https:\/\/www.europesays.com\/it\/wp-json\/wp\/v2\/posts\/331433\/revisions"}],"wp:featuredmedia":[{"embeddable":true,"href":"https:\/\/www.europesays.com\/it\/wp-json\/wp\/v2\/media\/331434"}],"wp:attachment":[{"href":"https:\/\/www.europesays.com\/it\/wp-json\/wp\/v2\/media?parent=331433"}],"wp:term":[{"taxonomy":"category","embeddable":true,"href":"https:\/\/www.europesays.com\/it\/wp-json\/wp\/v2\/categories?post=331433"},{"taxonomy":"post_tag","embeddable":true,"href":"https:\/\/www.europesays.com\/it\/wp-json\/wp\/v2\/tags?post=331433"}],"curies":[{"name":"wp","href":"https:\/\/api.w.org\/{rel}","templated":true}]}}