{"id":331508,"date":"2026-01-31T08:21:11","date_gmt":"2026-01-31T08:21:11","guid":{"rendered":"https:\/\/www.europesays.com\/it\/331508\/"},"modified":"2026-01-31T08:21:11","modified_gmt":"2026-01-31T08:21:11","slug":"come-cambieranno-le-telecomunicazioni-in-europa-per-iliad-e-windtre-e-matrimonio-forzato","status":"publish","type":"post","link":"https:\/\/www.europesays.com\/it\/331508\/","title":{"rendered":"Come cambieranno le telecomunicazioni in Europa, per Iliad e WindTre \u00e8 matrimonio forzato?"},"content":{"rendered":"<p><strong>Iliad gi\u00e0 nel 2023 aveva messo gli occhi su Vodafone<\/strong> (con un\u2019offerta da 10,5 miliardi che fu per\u00f2 rifiutata). Poi l\u2019interesse \u00e8 virato su Tim ma l\u2019ingresso di Poste nella telco (Tim) di cui \u00e8 diventato il principale azionista ha di fatto spento ogni \u201centusiasmo\u201d nonch\u00e9 ridotto al minimo, per non dire a zero, il margine d\u2019azione. Anche perch\u00e9 stando a rumors <strong>Tim dovrebbe \u201cinglobare\u201d Poste Mobile<\/strong> (che vanta 5 milioni di clienti, primo operatore nella classifica dei virtuali) e si starebbe gi\u00e0 lavorando ai dettagli finanziari. A questo punto il cerchio si stringe e l\u2019unica opzione possibile In Italia resta quella di un\u2019integrazione fra Iliad e WindTre. \u201cIn Italia intravediamo margini di M&amp;A tra Iliad e Wind Tre di CK Hutchison \u2013 si legge nell\u2019analisi di Ing \u2013. Una fusione tra Tim e Iliad \u00e8 diventata improbabile, considerato il nuovo azionista (Poste, ndr)\u201d.<\/p>\n<p>E cominciano a spuntare ipotesi anche per quel che riguarda il <strong>consolidamento del mercato Fwa<\/strong> (Fixed wireless access): \u201cRiteniamo che abbia senso per gli operatori di telecomunicazioni acquisire il business dell&#8217;accesso wireless fisso di Eolo\u201d, si legge ancora nell\u2019analisi di Ing.<\/p>\n<p>Chi compra e chi vende<\/p>\n<p>Secondo Ing per\u00f2 ci sono \u201cbuyer\u201d e \u201cseller\u201d ossia attori classificati come acquirenti e altri come venditori: <strong>Iliad \u00e8 nella lista dei buye<\/strong>r mentre <strong>Ck Hutchison (la societ\u00e0 cinese che ha in pancia WindTre) \u00e8 in quella dei seller<\/strong>. Dunque <strong>sarebbe Iliad ad acquisire WindTre?<\/strong> Stando ai rumors le cose si starebbero mettendo diversamente: le due societ\u00e0 avrebbero accelerato sulle trattative (c\u2019\u00e8 che chi addirittura scommette sull\u2019annuncio del merger gi\u00e0 entro il mese di marzo) e l\u2019operazione si starebbe configurando come paritetica ossia una newco fifty-fifty. Non \u00e8 da sottovalutare per\u00f2 l\u2019aria che tira in Europa nei confronti dei cinesi (nel nuovo <a href=\"https:\/\/www.wired.it\/article\/cybersecurity-act-europa-stretta-huawei-zte\/\" target=\"_blank\" rel=\"nofollow noopener\"><strong>Cybersecurity Act<\/strong><\/a> Ue c\u2019\u00e8 una forte stretta sui fornitori considerati \u201cad alto rischio\u201d, in primis Huawei e Zte di cui le telco dovrebbero dunque \u201cliberarsi\u201d definitivamente) e dunque non \u00e8 da escludersi che la questione abbia un peso nell\u2019ambito di un\u2019eventuale merger e che l\u2019ago della bilancia penda pi\u00f9 a favore dei francesi per le questioni relative alla propriet\u00e0 e alla governance. Ma siamo alle pure speculazioni. E poi c\u2019\u00e8 la questione Antitrust: al momento della fusione fra Wind e Tre (nel 2016) fra le <a href=\"https:\/\/ec.europa.eu\/commission\/presscorner\/api\/files\/document\/print\/en\/ip_18_5383\/IP_18_5383_EN.pdf\" target=\"_blank\" rel=\"nofollow noopener\">condizioni imposte dalla Commissione europea<\/a> il divieto per la newco WindTre di effettuare acquisizioni \u201ccorrettive\u201d del mercato per un periodo di 10 anni: dunque <strong>prima del 2027 l\u2019operazione tecnicamente non potrebbe andare in porto.<\/strong><\/p>\n<p>Kkr potrebbe uscire da FiberCop (ma non ora)<\/p>\n<p>E veniamo al mercato della fibra. \u201cRiteniamo bassa la probabilit\u00e0 di una fusione tra Open Fiber e FiberCop, poich\u00e9 entrambe le societ\u00e0 sembrano attualmente seguire strategie operative proprie\u201d, si legge nell\u2019analisi di Ing, posizione peraltro oramai condivisa da buona parte delle societ\u00e0 di consulenza e analisi pur se l\u2019auspicio di una fusione fra le due compagnie continua ad essere considerata l\u2019opzione ottimale. Secondo gli <strong>analisti di Intermonte<\/strong> \u201cle difficolt\u00e0 operative e finanziarie comuni a FiberCop e Open Fiber, unitamente ai bassi tassi di adozione commerciale sulle coperture Ftth \u2013 circa il 20% per entrambi gli operatori \u2013 dovrebbero indurre gli azionisti di entrambe le societ\u00e0 ad accelerare le trattative per la rete unica, che a nostro avviso rappresenta anche una precondizione per una futura quotazione di FiberCop, verosimilmente non prima del 2027\u201d.<\/p>\n","protected":false},"excerpt":{"rendered":"Iliad gi\u00e0 nel 2023 aveva messo gli occhi su Vodafone (con un\u2019offerta da 10,5 miliardi che fu per\u00f2&hellip;\n","protected":false},"author":3,"featured_media":331509,"comment_status":"","ping_status":"","sticky":false,"template":"","format":"standard","meta":{"footnotes":"","_share_on_mastodon":"0"},"categories":[172],"tags":[178,177,1537,90,89,24281],"class_list":["post-331508","post","type-post","status-publish","format-standard","has-post-thumbnail","category-affari","tag-affari","tag-business","tag-it","tag-italia","tag-italy","tag-telecomunicazioni"],"share_on_mastodon":{"url":"https:\/\/pubeurope.com\/@it\/115988744481389252","error":""},"_links":{"self":[{"href":"https:\/\/www.europesays.com\/it\/wp-json\/wp\/v2\/posts\/331508","targetHints":{"allow":["GET"]}}],"collection":[{"href":"https:\/\/www.europesays.com\/it\/wp-json\/wp\/v2\/posts"}],"about":[{"href":"https:\/\/www.europesays.com\/it\/wp-json\/wp\/v2\/types\/post"}],"author":[{"embeddable":true,"href":"https:\/\/www.europesays.com\/it\/wp-json\/wp\/v2\/users\/3"}],"replies":[{"embeddable":true,"href":"https:\/\/www.europesays.com\/it\/wp-json\/wp\/v2\/comments?post=331508"}],"version-history":[{"count":0,"href":"https:\/\/www.europesays.com\/it\/wp-json\/wp\/v2\/posts\/331508\/revisions"}],"wp:featuredmedia":[{"embeddable":true,"href":"https:\/\/www.europesays.com\/it\/wp-json\/wp\/v2\/media\/331509"}],"wp:attachment":[{"href":"https:\/\/www.europesays.com\/it\/wp-json\/wp\/v2\/media?parent=331508"}],"wp:term":[{"taxonomy":"category","embeddable":true,"href":"https:\/\/www.europesays.com\/it\/wp-json\/wp\/v2\/categories?post=331508"},{"taxonomy":"post_tag","embeddable":true,"href":"https:\/\/www.europesays.com\/it\/wp-json\/wp\/v2\/tags?post=331508"}],"curies":[{"name":"wp","href":"https:\/\/api.w.org\/{rel}","templated":true}]}}