{"id":331727,"date":"2026-01-31T11:41:09","date_gmt":"2026-01-31T11:41:09","guid":{"rendered":"https:\/\/www.europesays.com\/it\/331727\/"},"modified":"2026-01-31T11:41:09","modified_gmt":"2026-01-31T11:41:09","slug":"nadal-alla-finale-djokovic-alcaraz-per-chi-tifa","status":"publish","type":"post","link":"https:\/\/www.europesays.com\/it\/331727\/","title":{"rendered":"Nadal alla finale Djokovic-Alcaraz: per chi tifa"},"content":{"rendered":"<p>                                Quattro anni fa Rafa vinse il secondo Slam australiano della carriera e domani assister\u00e0 alla sfida tra Carlos e Novak<\/p>\n<p class=\"paragraph\" spellcheck=\"true\">Quattro anni fa vinceva l\u2019Australian Open con una straordinaria rimonta da due set sotto contro Daniil Medvedev. Il secondo e ultimo della carriera. Oggi, Rafa Nadal \u00e8 tornato a Melbourne Park per un evento Kia, e domani sar\u00e0 in prima fila ad assistere a una finale che sar\u00e0 comunque storica tra Carlos Alcaraz, giovane erede, e Novak Djokovic vecchio compagno di mille battaglie.\u00a0<\/p>\n<p>    cuore e bandiera\u2014 \u00a0<\/p>\n<p class=\"paragraph is-inline\" spellcheck=\"true\">Al cuore e alla bandiera, per\u00f2, non si comanda, e poco importa che se il murciano dovesse vincere lo superer\u00e0 come pi\u00f9 giovane a conquistare il Grande Slam della carriera: \u201cVoglio godermi un tennis di altissimo livello. Con Novak abbiamo vissuto una storia incredibile in tutti questi anni di competizione per i traguardi pi\u00f9 importanti e gli auguro il meglio. Ma ovviamente Carlos \u00e8 del mio Paese. Voglio dire, ho un buon rapporto con lui. Abbiamo condiviso l\u2019Olimpiade insieme, la maglia della nazionale spagnola anche in Davis\u201d.\u00a0<\/p>\n<p>    preferenza\u2014 \u00a0<\/p>\n<p class=\"paragraph is-inline\" spellcheck=\"true\">Insomma, la preferenza \u00e8 piuttosto chiara: \u201cSe vincesse Novak, sarei felice per lui, perch\u00e9 in qualche modo \u00e8 davvero spettacolare quello che sta facendo in questa fase della sua carriera. Non lo vivrei come un dramma. Ma se devo sostenere qualcuno, ecco, mi sento di sostenere Carlos\u201d. Poi, un pizzico di nostalgia e di sana invidia: \u201cNovak non \u00e8 al termine della carriera, ma \u00e8 ancora molto, molto competitivo a un&#8217;et\u00e0 in cui \u00e8 difficile esserlo. Quindi provo totale rispetto, gli va dato tutto il merito per la passione, anche io se non fossi stato cos\u00ec infortunato forse sarei ancora qui a giocare\u2026\u201d.<\/p>\n","protected":false},"excerpt":{"rendered":"Quattro anni fa Rafa vinse il secondo Slam australiano della carriera e domani assister\u00e0 alla sfida tra Carlos&hellip;\n","protected":false},"author":3,"featured_media":331728,"comment_status":"","ping_status":"","sticky":false,"template":"","format":"standard","meta":{"footnotes":"","_share_on_mastodon":"0"},"categories":[1457],"tags":[1265,2285,3363,1902,6036,194395,26568,1690,1889,229,1537,90,89,1983,27588,8397,1990,1270,3423,10680,245,244,1273],"class_list":["post-331727","post","type-post","status-publish","format-standard","has-post-thumbnail","category-tennis","tag-alcaraz","tag-bandiera","tag-carlos","tag-carriera","tag-cuore","tag-cuore-bandiera","tag-djokovic","tag-domani","tag-giocare","tag-giovane","tag-it","tag-italia","tag-italy","tag-nadal","tag-novak","tag-preferenza","tag-rafa","tag-rispetto","tag-slam","tag-sostenere","tag-sport","tag-sports","tag-tennis"],"share_on_mastodon":{"url":"https:\/\/pubeurope.com\/@it\/115989530741455438","error":""},"_links":{"self":[{"href":"https:\/\/www.europesays.com\/it\/wp-json\/wp\/v2\/posts\/331727","targetHints":{"allow":["GET"]}}],"collection":[{"href":"https:\/\/www.europesays.com\/it\/wp-json\/wp\/v2\/posts"}],"about":[{"href":"https:\/\/www.europesays.com\/it\/wp-json\/wp\/v2\/types\/post"}],"author":[{"embeddable":true,"href":"https:\/\/www.europesays.com\/it\/wp-json\/wp\/v2\/users\/3"}],"replies":[{"embeddable":true,"href":"https:\/\/www.europesays.com\/it\/wp-json\/wp\/v2\/comments?post=331727"}],"version-history":[{"count":0,"href":"https:\/\/www.europesays.com\/it\/wp-json\/wp\/v2\/posts\/331727\/revisions"}],"wp:featuredmedia":[{"embeddable":true,"href":"https:\/\/www.europesays.com\/it\/wp-json\/wp\/v2\/media\/331728"}],"wp:attachment":[{"href":"https:\/\/www.europesays.com\/it\/wp-json\/wp\/v2\/media?parent=331727"}],"wp:term":[{"taxonomy":"category","embeddable":true,"href":"https:\/\/www.europesays.com\/it\/wp-json\/wp\/v2\/categories?post=331727"},{"taxonomy":"post_tag","embeddable":true,"href":"https:\/\/www.europesays.com\/it\/wp-json\/wp\/v2\/tags?post=331727"}],"curies":[{"name":"wp","href":"https:\/\/api.w.org\/{rel}","templated":true}]}}