{"id":332783,"date":"2026-02-01T02:39:11","date_gmt":"2026-02-01T02:39:11","guid":{"rendered":"https:\/\/www.europesays.com\/it\/332783\/"},"modified":"2026-02-01T02:39:11","modified_gmt":"2026-02-01T02:39:11","slug":"il-nuovo-ruolo-al-cinema-e-la-faida-con-la-famiglia-beckham","status":"publish","type":"post","link":"https:\/\/www.europesays.com\/it\/332783\/","title":{"rendered":"il nuovo ruolo al cinema e la faida con la famiglia Beckham"},"content":{"rendered":"<p>&#13;<br \/>\n                               &#13;<br \/>\n                                                &#13;<br \/>\n                &#13;<\/p>\n<p>Nel pieno della tempesta mediatica legata ai rapporti sempre pi\u00f9 tesi tra Brooklyn\u00a0e la famiglia Beckham, <strong><a href=\"https:\/\/www.leggo.it\/t\/nicola-peltz\" rel=\"nofollow noopener\" target=\"_blank\">Nicola Peltz<\/a><\/strong> \u00e8 la donna pi\u00f9 chiacchierata del momento. E anche la sua carriera sembrebbe essere in ascesa. La modella \u00e8 desiderata e corteggiata\u00a0da tantissimi brand di moda. Peltz\u00a0\u00e8 stata scelta da Sara Cavazza Facchini, direttrice creativa della maison Genny.\u00a0<\/p>\n<p>&#13;<br \/>\n&#13;<\/p>\n<p><a class=\"link_item\" data-linked_from=\"null\" href=\"https:\/\/www.leggo.it\/gossip\/news\/24_gennaio_2026_brooklyn_beckham_victoria_ballo_inappropriato_video_matrimonio_nicola_peltz_dj_fat_tony-9317311.html\" rel=\"nofollow noopener\" target=\"_blank\">\u00abEro il dj al matrimonio di Brooklyn Beckham, quel ballo inappropriato con Victoria ha ridotto Nicola Peltz in lacrime. Ecco cos&#8217;\u00e8 successo\u00bb<\/a><\/p>\n<p>&#13;<br \/>\n&#13;<br \/>\n&#13;<br \/>\n&#13;<\/p>\n<p>Proprio in questo periodo di forte esposizione mediatica, spuntano delle foto dell&#8217;attrice che mostrano un cambiamento fisico notevole.\u00a0<\/p>\n<p>&#13;<br \/>\n&#13;<br \/>\nLa perdita di peso\u00a0&#13;<br \/>\n&#13;<\/p>\n<p>I fan della moglie di Brooklyn Beckham hanno espresso forte preoccupazione per il drastico\u00a0dimagrimento.\u00a0Tuttavia, una fonte vicina a Peltz ha dichiarato a &#8220;People&#8221;, che\u00a0la perdita di peso sarebbe legata a esigenze professionali e al suo prossimo ruolo cinematografico. \u00abHa affrontato una trasformazione fisica e un intenso programma di allenamento per il suo ruolo in Prima, dove interpreta una prima ballerina\u00bb, ha spiegato l&#8217;insider. <\/p>\n<p>Versione non accolta dai pi\u00f9 scettici, secondo cui il dimagrimento sarebbe legato alle tensioni con la suocera Victoria Beckham.\u00a0\u00abSi vede che non sta bene\u00bb, scrive un utente sui social.\u00a0&#13;<br \/>\n&#13;<\/p>\n<p>Nicola non sarebbe la prima attrice costretta a modificare il proprio corpo per scopi cinematografici.\u00a0\u00a0Un esempio celebre \u00e8 Il cigno nero, uscito nel 2010, per il quale Natalie Portman e Mila Kunis seguirono allenamenti estenuanti e diete rigide. \u00abLa mia preparazione \u00e8 stata fatta ballando molto e mangiando pochissimo\u00bb, ha raccontato Kunis a Vogue, ricordando i sacrifici affrontati per il film.<\/p>\n<p>                                &#13;<br \/>\n                &#13;<br \/>\n&#13;<br \/>\n                Ultimo aggiornamento: sabato 31 gennaio 2026, 17:52&#13;<br \/>\n                <br \/>&#13;<br \/>\n                &#13;<br \/>\n                  &#13;<br \/>\n                    &#13;<br \/>\n                        \u00a9 RIPRODUZIONE RISERVATA&#13;<\/p>\n<p>&#13;<\/p>\n<p>                    &#13;<\/p>\n","protected":false},"excerpt":{"rendered":"&#13; &#13; &#13; &#13; Nel pieno della tempesta mediatica legata ai rapporti sempre pi\u00f9 tesi tra Brooklyn\u00a0e la&hellip;\n","protected":false},"author":3,"featured_media":332784,"comment_status":"","ping_status":"","sticky":false,"template":"","format":"standard","meta":{"footnotes":"","_share_on_mastodon":"0"},"categories":[1451],"tags":[28787,1621,1620,203,204,1537,90,89,15376,15379],"class_list":["post-332783","post","type-post","status-publish","format-standard","has-post-thumbnail","category-celebrita","tag-brooklyn-beckham","tag-celebrita","tag-celebrities","tag-entertainment","tag-intrattenimento","tag-it","tag-italia","tag-italy","tag-nicola-peltz","tag-victoria-beckham"],"share_on_mastodon":{"url":"https:\/\/pubeurope.com\/@it\/115993061796818703","error":""},"_links":{"self":[{"href":"https:\/\/www.europesays.com\/it\/wp-json\/wp\/v2\/posts\/332783","targetHints":{"allow":["GET"]}}],"collection":[{"href":"https:\/\/www.europesays.com\/it\/wp-json\/wp\/v2\/posts"}],"about":[{"href":"https:\/\/www.europesays.com\/it\/wp-json\/wp\/v2\/types\/post"}],"author":[{"embeddable":true,"href":"https:\/\/www.europesays.com\/it\/wp-json\/wp\/v2\/users\/3"}],"replies":[{"embeddable":true,"href":"https:\/\/www.europesays.com\/it\/wp-json\/wp\/v2\/comments?post=332783"}],"version-history":[{"count":0,"href":"https:\/\/www.europesays.com\/it\/wp-json\/wp\/v2\/posts\/332783\/revisions"}],"wp:featuredmedia":[{"embeddable":true,"href":"https:\/\/www.europesays.com\/it\/wp-json\/wp\/v2\/media\/332784"}],"wp:attachment":[{"href":"https:\/\/www.europesays.com\/it\/wp-json\/wp\/v2\/media?parent=332783"}],"wp:term":[{"taxonomy":"category","embeddable":true,"href":"https:\/\/www.europesays.com\/it\/wp-json\/wp\/v2\/categories?post=332783"},{"taxonomy":"post_tag","embeddable":true,"href":"https:\/\/www.europesays.com\/it\/wp-json\/wp\/v2\/tags?post=332783"}],"curies":[{"name":"wp","href":"https:\/\/api.w.org\/{rel}","templated":true}]}}