{"id":332851,"date":"2026-02-01T04:04:39","date_gmt":"2026-02-01T04:04:39","guid":{"rendered":"https:\/\/www.europesays.com\/it\/332851\/"},"modified":"2026-02-01T04:04:39","modified_gmt":"2026-02-01T04:04:39","slug":"il-messaggio-di-cuoricini-vogliamo-invitare-i-ragazzi-a-spegnere-i-telefoni-e-recuperare-il-tempo","status":"publish","type":"post","link":"https:\/\/www.europesays.com\/it\/332851\/","title":{"rendered":"\u00abIl messaggio di Cuoricini? Vogliamo invitare i ragazzi a spegnere i telefoni e recuperare il tempo\u00bb"},"content":{"rendered":"<p>\n                            Moda e Tendenze, ogni marted\u00ec<br \/>\n                            <b>Iscriviti<\/b> e ricevi le notizie via email\n                        <\/p>\n<p>\u00abCuoricini, cuoricini\u00bb. In questi giorni il ritornello della loro canzone \u00e8 il pi\u00f9 canticchiato nei corridoi dell&#8217;Ariston e nelle viuzze intorno al teatro della Citt\u00e0 dei Fiori. Non \u00e8 un caso che abbia conquistato subito le radio, con oltre 540 passaggi in due giorni, dopo il primo passaggio sul palco marted\u00ec sera secondo i dati di EarOne (praticamente una media di 11 passaggi ogni ora), piazzandosi in cima alla classifica parziale dei brani pi\u00f9 suonati dalle emittenti tra i 29 in gara. Ancora una volta, i <strong><a href=\"https:\/\/www.ilmessaggero.it\/t\/coma-cose\" rel=\"nofollow noopener\" target=\"_blank\">Coma Cose<\/a><\/strong> hanno fatto centro al Festival di Sanremo.<\/p>\n<p>&#13;<br \/>\n    APPROFONDIMENTI&#13;<\/p>\n<p>&#13;<\/p>\n<p>                <a href=\"https:\/\/www.ilmessaggero.it\/schede\/rose_villain_o_elodie_chi_e_piu_sexy_classifiche-8655755.html\" title=\"Rose Villain vs Elodie, chi \u00e8 la pi\u00f9 sexy?\" rel=\"nofollow noopener\" target=\"_blank\"><img loading=\"lazy\" decoding=\"async\" src=\"https:\/\/www.europesays.com\/it\/wp-content\/uploads\/2026\/02\/8655755_14062036_rose_elodie.jpg\" title=\"Rose Villain vs Elodie, chi \u00e8 la pi\u00f9 sexy?\" width=\"64\" height=\"64\" data-pagespeed-no-transform=\"\"\/><\/a>            <\/p>\n<p>    &#13;<\/p>\n<p>&#13;<\/p>\n<p>                <a href=\"https:\/\/www.ilmessaggero.it\/fotogallery\/persone\/coma_cose_il_messaggio_di_cuoricini_vogliamo_invitare_i_ragazzi_a_spegnere_i_telefoni_e_recuperare_il_tempo-8656880.html\" title=\"Foto\" rel=\"nofollow noopener\" target=\"_blank\"><img loading=\"lazy\" decoding=\"async\" src=\"https:\/\/www.europesays.com\/it\/wp-content\/uploads\/2026\/02\/8656880_14073841_onecms_1h8hv1au79ygii6kpsy.jpg\" title=\"Foto\" width=\"64\" height=\"64\" data-pagespeed-no-transform=\"\"\/><\/a>            <\/p>\n<p>    &#13;<\/p>\n<p>    &#13;<\/p>\n<p> NEGLI OCCHI <\/p>\n<p>Nel 2021 con l&#8217;Ariston vuoto per via della pandemia, Francesca Mesiano (35 anni) e Fausto Zanardelli (43) con Fiamme negli occhi crearono una bolla tutta loro sul palco, guardandosi negli occhi per comunicarsi tutto il loro amore: romanticissimi, furono una delle rivelazioni di quell&#8217;edizione.<br \/>Nel 2023 tornarono nella Citt\u00e0 dei Fiori per cantare con L&#8217;addio la crisi che aveva rischiato di mettere fine alla loro storia, nata sei anni prima dietro al bancone di un negozio di borse, zaini e accessori in Corso di Porta Ticinese a Milano, nel quale entrambi lavoravano come commessi: cominciavano cantando di spalle, per poi baciarsi nel finale. Ora i Coma Cose tornano sul palco, per la prima volta da marito e moglie dopo il matrimonio celebrato lo scorso autunno (stasera, per San Valentino, promettono di stupire con la cover di L&#8217;estate sta finendo insieme a Johnson Righeira: \u00abBocche cucitissime, altrimenti che gusto c&#8217;\u00e8?\u00bb, sorridono), con il pop Anni &#8217;80 di Cuoricini. Come quelli che il duo &#8211; 37 milioni di stream su Spotify con il tormentone della scorsa estate Malavita e due show nei palasport appena annunciati, uno il 27 ottobre al Forum di Milano e l&#8217;altro il 30 ottobre al Palazzo dello Sport di Roma &#8211; formano sul palco con i loro corpi in un balletto destinato a spopolare su TikTok. I cuoricini, per la cronaca, sono quelli dei social \u00abche tolgono il gusto di sbagliare tutto\u00bb.<br \/><strong>Ne cantate il lato oscuro?<\/strong><br \/>\u00abS\u00ec. Oltre la melodia pop c&#8217;\u00e8 di pi\u00f9, come spesso accade nei nostri pezzi. Questo \u00e8 un brano molto di attualit\u00e0: telefoni e social fanno parte delle nostre vite, ormai. Hanno sdoganato temi importanti. Ma spesso prendono una piega strana\u00bb.<br \/><strong>Ovvero?<\/strong><br \/>\u00abA volte ci ritroviamo a scrollare il nulla e a dire: &#8220;Perch\u00e9 lo sto facendo?&#8221;. \u00c8 diventata un&#8217;automazione. <\/p>\n<p>Noi abbiamo trovato un equilibrio, dopo esserci disconnessi per mesi nel 2022 per ritrovare il nostro baricentro: oggi li usiamo per raccontare le cose legate al nostro lavoro, comunicare le date dei concerti e annunciare i progetti discografici. Ma non siamo autoreferenziali. Il tempo \u00e8 importante: \u00e8 la cosa pi\u00f9 importante che abbiamo\u00bb. <\/p>\n<p><strong>E quindi il messaggio della canzone qual \u00e8?<\/strong><br \/>\u00abIl brano \u00e8 un inno a vivere il presente e la contemporaneit\u00e0. Vogliamo invitare i ragazzi a spegnerli questi telefoni, ogni tanto, per uscire di casa, fare una passeggiata, recuperare il tempo\u00bb.<br \/><strong>La ricerca del &#8220;mi piace&#8221; si lega a quella del consenso, dell&#8217;esserci a tutti i costi anche a livello discografico. Voi rispetto agli algoritmi come vi ponete?<\/strong><br \/>\u00abCi prendiamo i nostri tempi. Abbiamo un&#8217;et\u00e0 diversa, siamo pi\u00f9 maturi. Prima di Malavita ci siamo presi un anno di riflessione. Avevamo capito semplicemente che non avevamo nulla di nuovo &#8220;di nostro&#8221; che non avessimo gi\u00e0 detto. Serve vivere per descriverlo in musica. Si vive lo stesso senza qualche canzone nella playlist. Con Cuoricini volevamo dipingere un terzo colore dei Coma Cose\u00bb.<br \/><strong>Di che tipo?<\/strong><br \/>\u00abIspirato alla new wave Anni &#8217;80. Il pezzo funziona, \u00e8 un brano che ci piace, che abbiamo cercato tanto. Ne abbiamo scartati almeno cinque prima di arrivare a questo. Alla fine siamo partiti da quello che ci piace a livello di suono, dalla new wave anni Ottanta e la canzone \u00e8 venuta fuori in 2-3 giorni\u00bb.<\/p>\n<p>\u00a9 RIPRODUZIONE RISERVATA<\/p>\n<p>&#13;<br \/>\n                            \u00a9 RIPRODUZIONE RISERVATA&#13;<\/p>\n<p>&#13;<\/p>\n","protected":false},"excerpt":{"rendered":"Moda e Tendenze, ogni marted\u00ec Iscriviti e ricevi le notizie via email \u00abCuoricini, cuoricini\u00bb. In questi giorni il&hellip;\n","protected":false},"author":3,"featured_media":332852,"comment_status":"","ping_status":"","sticky":false,"template":"","format":"standard","meta":{"footnotes":"","_share_on_mastodon":"0"},"categories":[1443],"tags":[94587,203,204,1537,90,89,1538,1539,9143,12779,243],"class_list":["post-332851","post","type-post","status-publish","format-standard","has-post-thumbnail","category-musica","tag-coma-cose","tag-entertainment","tag-intrattenimento","tag-it","tag-italia","tag-italy","tag-music","tag-musica","tag-sanremo","tag-sanremo-2025","tag-ultima-ora"],"share_on_mastodon":{"url":"https:\/\/pubeurope.com\/@it\/115993396059368285","error":""},"_links":{"self":[{"href":"https:\/\/www.europesays.com\/it\/wp-json\/wp\/v2\/posts\/332851","targetHints":{"allow":["GET"]}}],"collection":[{"href":"https:\/\/www.europesays.com\/it\/wp-json\/wp\/v2\/posts"}],"about":[{"href":"https:\/\/www.europesays.com\/it\/wp-json\/wp\/v2\/types\/post"}],"author":[{"embeddable":true,"href":"https:\/\/www.europesays.com\/it\/wp-json\/wp\/v2\/users\/3"}],"replies":[{"embeddable":true,"href":"https:\/\/www.europesays.com\/it\/wp-json\/wp\/v2\/comments?post=332851"}],"version-history":[{"count":0,"href":"https:\/\/www.europesays.com\/it\/wp-json\/wp\/v2\/posts\/332851\/revisions"}],"wp:featuredmedia":[{"embeddable":true,"href":"https:\/\/www.europesays.com\/it\/wp-json\/wp\/v2\/media\/332852"}],"wp:attachment":[{"href":"https:\/\/www.europesays.com\/it\/wp-json\/wp\/v2\/media?parent=332851"}],"wp:term":[{"taxonomy":"category","embeddable":true,"href":"https:\/\/www.europesays.com\/it\/wp-json\/wp\/v2\/categories?post=332851"},{"taxonomy":"post_tag","embeddable":true,"href":"https:\/\/www.europesays.com\/it\/wp-json\/wp\/v2\/tags?post=332851"}],"curies":[{"name":"wp","href":"https:\/\/api.w.org\/{rel}","templated":true}]}}