{"id":333001,"date":"2026-02-01T07:21:09","date_gmt":"2026-02-01T07:21:09","guid":{"rendered":"https:\/\/www.europesays.com\/it\/333001\/"},"modified":"2026-02-01T07:21:09","modified_gmt":"2026-02-01T07:21:09","slug":"iran-le-ultime-notizie-in-diretta-esplosioni-in-piu-parti-del-paese-4-morti-ad-ahvaz-axios-ora-anche-larabia-preme-perche-trump-colpisca","status":"publish","type":"post","link":"https:\/\/www.europesays.com\/it\/333001\/","title":{"rendered":"Iran, le ultime notizie in diretta | Esplosioni in pi\u00f9 parti del Paese: 4 morti ad Ahvaz. Axios: \u00abOra anche l&#8217;Arabia preme perch\u00e9 Trump colpisca\u00bb"},"content":{"rendered":"<p>\t\t\tAxios: \u00abMinistro saudita ha detto che se Usa non attaccano regime sar\u00e0 rafforzato\u00bb<\/p>\n<p>Il ministro della Difesa saudita, il principe Khalid bin Salman, ha detto, durante un briefing a porte chiuse a Washington, che se Donald Trump non d\u00e0 seguito alle sue minacce contro l&#8217;Iran, il regime di Teheran ne uscir\u00e0 rafforzato. \u00c8 quanto rivela Axios citando quattro fonti presenti all&#8217;incontro di ieri, a cui hanno partecipato 15 analisti di think tank esperti di Medio Oriente e i rappresentanti di cinque organizzazioni ebraiche.<\/p>\n<p>E sottolineando come questa posizione sia in contrasto con la posizione pubblica assunta dall&#8217;Arabia Saudita contro l&#8217;escalation e anche con la profonda preoccupazione a riguardo che il principe ereditario Mohammed bin Salman ha espresso a Trump tre settimane fa. Preoccupazioni che sono state tra le ragioni che hanno spinto il presidente Usa a rinviare l&#8217;attacco, ricorda ancora Axios.<\/p>\n<p>Secondo le fonti citate, il fratello minore e stretto consigliere di Mbs, ha detto che Trump dovrebbe intraprendere un&#8217;azione militare dopo averla minacciata per settimane, ma anche cercare di mitigare i rischi di un&#8217;escalation regione. \u00abA questo punto, se non dovesse avvenire, questo non farebbe altro che rafforzare il regime\u00bb, ha detto, parlando dell&#8217;azione militare Usa, secondo quanto riportano fonti che hanno avuto l&#8217;impressione che questo sia stato il messaggio trasmesso dal ministro saudita nei suoi incontri alla Casa Bianca.<\/p>\n","protected":false},"excerpt":{"rendered":"Axios: \u00abMinistro saudita ha detto che se Usa non attaccano regime sar\u00e0 rafforzato\u00bb Il ministro della Difesa saudita,&hellip;\n","protected":false},"author":3,"featured_media":333002,"comment_status":"","ping_status":"","sticky":false,"template":"","format":"standard","meta":{"footnotes":"","_share_on_mastodon":"0"},"categories":[160],"tags":[865,31411,763,167686,4167,839,3357,4486,765,170254,1305,2482,170196,194855,194856,3834,37302,20759,14,164,165,5631,1113,206,4487,6931,3885,9439,9288,827,769,764,166,7,15,4309,18147,3720,993,379,11,167,12,168,410,161,162,163],"class_list":["post-333001","post","type-post","status-publish","format-standard","has-post-thumbnail","category-mondo","tag-abbas","tag-accettabile","tag-agenzia","tag-ahvaz","tag-allerta","tag-almeno","tag-arabia","tag-armate","tag-attacco","tag-attacco-statunitense","tag-axios","tag-azione","tag-azione-militare","tag-bandar","tag-bandar-abbas","tag-bin","tag-bin-salman","tag-collegate","tag-cronaca","tag-dal-mondo","tag-dalmondo","tag-diretta","tag-donald","tag-donald-trump","tag-edificio","tag-edificio-residenziale","tag-escalation","tag-esplosione","tag-esplosioni","tag-fonti","tag-forze","tag-iran","tag-mondo","tag-news","tag-notizie","tag-regime","tag-saudita","tag-statunitense","tag-teheran","tag-trump","tag-ultime-notizie","tag-ultime-notizie-di-mondo","tag-ultimenotizie","tag-ultimenotiziedimondo","tag-usa","tag-world","tag-world-news","tag-worldnews"],"share_on_mastodon":{"url":"","error":"Validation failed: Text character limit of 500 exceeded"},"_links":{"self":[{"href":"https:\/\/www.europesays.com\/it\/wp-json\/wp\/v2\/posts\/333001","targetHints":{"allow":["GET"]}}],"collection":[{"href":"https:\/\/www.europesays.com\/it\/wp-json\/wp\/v2\/posts"}],"about":[{"href":"https:\/\/www.europesays.com\/it\/wp-json\/wp\/v2\/types\/post"}],"author":[{"embeddable":true,"href":"https:\/\/www.europesays.com\/it\/wp-json\/wp\/v2\/users\/3"}],"replies":[{"embeddable":true,"href":"https:\/\/www.europesays.com\/it\/wp-json\/wp\/v2\/comments?post=333001"}],"version-history":[{"count":0,"href":"https:\/\/www.europesays.com\/it\/wp-json\/wp\/v2\/posts\/333001\/revisions"}],"wp:featuredmedia":[{"embeddable":true,"href":"https:\/\/www.europesays.com\/it\/wp-json\/wp\/v2\/media\/333002"}],"wp:attachment":[{"href":"https:\/\/www.europesays.com\/it\/wp-json\/wp\/v2\/media?parent=333001"}],"wp:term":[{"taxonomy":"category","embeddable":true,"href":"https:\/\/www.europesays.com\/it\/wp-json\/wp\/v2\/categories?post=333001"},{"taxonomy":"post_tag","embeddable":true,"href":"https:\/\/www.europesays.com\/it\/wp-json\/wp\/v2\/tags?post=333001"}],"curies":[{"name":"wp","href":"https:\/\/api.w.org\/{rel}","templated":true}]}}