{"id":333277,"date":"2026-02-01T11:52:09","date_gmt":"2026-02-01T11:52:09","guid":{"rendered":"https:\/\/www.europesays.com\/it\/333277\/"},"modified":"2026-02-01T11:52:09","modified_gmt":"2026-02-01T11:52:09","slug":"roma-incidente-al-tiburtino-18enne-investito-e-ucciso-mentre-attraversa-la-strada-luomo-alla-guida-dellauto-si-e-fermato-a-soccorrerlo","status":"publish","type":"post","link":"https:\/\/www.europesays.com\/it\/333277\/","title":{"rendered":"Roma, incidente al Tiburtino: 18enne investito e ucciso mentre attraversa la strada. L&#8217;uomo alla guida dell&#8217;auto si \u00e8 fermato a soccorrerlo"},"content":{"rendered":"<p>Tragedia nella notte in via Filippo Fiorentini. Il 32enne alla guida, sottoposto ai test per alcol e droga in ospedale, potrebbe essere indagato<\/p>\n<p class=\"chapter-paragraph\">Tragedia della strada nella serata di sabato al <b>Tiburtino<\/b>. Un ragazzo di <b>18 anni<\/b>, che stava <b>attraversando<\/b> la strada, \u00e8 stato investito da una Smart condotta da un uomo di 32 che si \u00e8 subito fermato per soccorrerlo. \u00c8 successo in <b>via Filippo Fiorentini<\/b>. Per il giovane non c\u2019\u00e8 stato purtroppo nulla da fare nonostante i soccorsi da parte di personale medico dell\u2019Ares 118 subito intervenuto insieme con i vigili urbani.\u00a0<\/p>\n<p class=\"chapter-paragraph\">Il conducente della vettura \u00e8 stato accompagnato in <b>ospedale <\/b>per essere sottoposto ai <b>test<\/b> di rito, nelle prossime ore potrebbe essere <b>indagato <\/b>per <b>omicidio stradale<\/b> come da prassi.\u00a0    &#13;<br \/>\n&#13;<br \/>\n&#13;<br \/>\n&#13;<br \/>\n&#13;<br \/>\n&#13;<br \/>\n&#13;<br \/>\n&#13;<br \/>\n&#13;<br \/>\n&#13;<br \/>\n&#13;<br \/>\n&#13;<br \/>\n&#13;<br \/>\n&#13;<br \/>\n&#13;<br \/>\n&#13;<br \/>\n&#13;<br \/>\n&#13;<br \/>\n&#13;<br \/>\n&#13;<br \/>\n&#13;<br \/>\n&#13;<br \/>\n&#13;<br \/>\n&#13;<br \/>\n&#13;<br \/>\n&#13;<br \/>\n&#13;<br \/>\n&#13;<br \/>\n&#13;<br \/>\n&#13;<br \/>\n&#13;<br \/>\n&#13;<br \/>\n&#13;<br \/>\n&#13;<br \/>\n&#13;<br \/>\n&#13;<br \/>\n&#13;<br \/>\n&#13;<br \/>\n&#13;<br \/>\n&#13;<br \/>\n&#13;<br \/>\n&#13;<br \/>\n&#13;<br \/>\n&#13;<br \/>\n&#13;<br \/>\n&#13;<br \/>\n&#13;<br \/>\n&#13;<br \/>\n&#13;<br \/>\n&#13;<br \/>\n&#13;<br \/>\n&#13;<br \/>\n&#13;\n<\/p>\n<p class=\"chapter-paragraph\"><b>Sequestrata l\u2019auto<\/b> mentre la polizia municipale sta verificando anche attraverso le immagini delle <b>telecamere <\/b>di vigilanza se ci sia stato il coinvolgimento di altri veicoli e quale sia la ricostruzione della dinamica dell\u2019investimento. Dall\u2019inizio dell\u2019anno a Roma e provincia sono gi\u00e0 <b>otto<\/b> le vittime della strada.<\/p>\n<p class=\"is-last-update\" datetime=\"2026-02-01T12:02:24+01:00\">1 febbraio 2026 ( modifica il 1 febbraio 2026 | 12:02)<\/p>\n<p class=\"is-copyright\">\n            \u00a9 RIPRODUZIONE RISERVATA\n        <\/p>\n","protected":false},"excerpt":{"rendered":"Tragedia nella notte in via Filippo Fiorentini. Il 32enne alla guida, sottoposto ai test per alcol e droga&hellip;\n","protected":false},"author":3,"featured_media":333278,"comment_status":"","ping_status":"","sticky":false,"template":"","format":"standard","meta":{"footnotes":"","_share_on_mastodon":"0"},"categories":[79],"tags":[2765,14,93,94,5739,195216,9435,195217,5557,3453,2782,23102,1537,90,89,7,15,3726,11,84,91,12,85,92],"class_list":["post-333277","post","type-post","status-publish","format-standard","has-post-thumbnail","category-italia","tag-auto","tag-cronaca","tag-cronaca-italiana","tag-cronacaitaliana","tag-fermato","tag-fermato-soccorrerlo","tag-filippo","tag-filippo-fiorentini","tag-fiorentini","tag-guida","tag-indagato","tag-investito","tag-it","tag-italia","tag-italy","tag-news","tag-notizie","tag-strada","tag-ultime-notizie","tag-ultime-notizie-e-news-di-oggi","tag-ultime-notizie-italia","tag-ultimenotizie","tag-ultimenotizieenewsdioggi","tag-ultimenotizieitalia"],"share_on_mastodon":{"url":"https:\/\/pubeurope.com\/@it\/115995236452021303","error":""},"_links":{"self":[{"href":"https:\/\/www.europesays.com\/it\/wp-json\/wp\/v2\/posts\/333277","targetHints":{"allow":["GET"]}}],"collection":[{"href":"https:\/\/www.europesays.com\/it\/wp-json\/wp\/v2\/posts"}],"about":[{"href":"https:\/\/www.europesays.com\/it\/wp-json\/wp\/v2\/types\/post"}],"author":[{"embeddable":true,"href":"https:\/\/www.europesays.com\/it\/wp-json\/wp\/v2\/users\/3"}],"replies":[{"embeddable":true,"href":"https:\/\/www.europesays.com\/it\/wp-json\/wp\/v2\/comments?post=333277"}],"version-history":[{"count":0,"href":"https:\/\/www.europesays.com\/it\/wp-json\/wp\/v2\/posts\/333277\/revisions"}],"wp:featuredmedia":[{"embeddable":true,"href":"https:\/\/www.europesays.com\/it\/wp-json\/wp\/v2\/media\/333278"}],"wp:attachment":[{"href":"https:\/\/www.europesays.com\/it\/wp-json\/wp\/v2\/media?parent=333277"}],"wp:term":[{"taxonomy":"category","embeddable":true,"href":"https:\/\/www.europesays.com\/it\/wp-json\/wp\/v2\/categories?post=333277"},{"taxonomy":"post_tag","embeddable":true,"href":"https:\/\/www.europesays.com\/it\/wp-json\/wp\/v2\/tags?post=333277"}],"curies":[{"name":"wp","href":"https:\/\/api.w.org\/{rel}","templated":true}]}}