{"id":333976,"date":"2026-02-01T21:56:09","date_gmt":"2026-02-01T21:56:09","guid":{"rendered":"https:\/\/www.europesays.com\/it\/333976\/"},"modified":"2026-02-01T21:56:09","modified_gmt":"2026-02-01T21:56:09","slug":"classifica-e-slam-vinti-alcaraz-allunga-su-sinner-ma-ora-jannik-puo-solo-guadagnare-cosi-puo-tornare-il-n-1","status":"publish","type":"post","link":"https:\/\/www.europesays.com\/it\/333976\/","title":{"rendered":"Classifica e slam vinti, Alcaraz allunga su Sinner. Ma ora Jannik pu\u00f2 solo guadagnare: cos\u00ec pu\u00f2 tornare il n.1"},"content":{"rendered":"<p>Nella \u00abclassifica\u00bb degli Slam vinti, Carlos allunga sull&#8217;italiano 7-4. Si allarga la forbice nel ranking, ma l&#8217;altoatesino pu\u00f2 puntare al numero 1<\/p>\n<p class=\"chapter-paragraph\">Conto da aggiornare: <b>Carlos Alcaraz allunga, e ora conduce 7-4 su Jannik Sinner nella \u00abclassifica\u00bb degli Slam vinti<\/b>. Gli mancava solo l&#8217;Australian Open per completare il Career Slam, dopo aver trionfato due volte al Roland Garros, due volte a Wimbledon e due volte a Flushing Meadows. Nessuno, nella storia, a 22 anni e 272 giorni aveva alzato il trofeo nei maggiori quattro tornei del mondo. <a href=\"https:\/\/www.corriere.it\/sport\/tennis\/diretta-live\/26_gennaio_30\/sinner-djokovic-semifinale-australian-open-diretta-risultato.shtml\" rel=\"nofollow noopener\" target=\"_blank\">Sinner, eliminato in semifinale a Melbourne da Novak Djokovic<\/a>, prover\u00e0 a chiudere il cerchio a Parigi, nell&#8217;ultimo Major che gli manca e dove lo scorso anno non riusc\u00ec a sfruttare tre match point. <\/p>\n<p>La vittoria di Alcaraz in Australia ha allargato la forbice tra Carlos e Jannik, che difendeva 2.000 punti ma che perdendo in semifinale ne ha lasciati per strada 1.200: <b>ora lo spagnolo guida il ranking con 13.650, 3.350 in pi\u00f9 di Sinner sceso a 10.300<\/b>. Un vantaggio importante, ma tutt&#8217;altro che incolmabile, anche perch\u00e9 da oggi a maggio Jannik avr\u00e0 solo da guadagnare. Si trovava a Doha, infatti, quando fu ufficializzata la sospensione di tre mesi dopo l&#8217;accordo con la Wada: non gioc\u00f2 ovviamente il torneo, ma sar\u00e0 dal Qatar che ripartir\u00e0 la corsa al trono del tennis, con uno dei quattro Atp 500 previsti dalla programmazione stagionale di Sinner (a Halle, Pechino e Vienna gli altri tre). Dopo Doha, i due Masters 1000 sul cemento americano (Indian Wells e Miami) e i due sulla terra (Montecarlo e Madrid) prima di Roma, il torneo che lo scorso anno segn\u00f2 il suo ritorno alle competizioni. <\/p>\n<p>Alcaraz, al momento, \u00e8 iscritto all&#8217;Atp 500 di Rotterdam al via luned\u00ec 9 (torneo che vinse l&#8217;anno scorso in finale contro De Minaur) e a quello di Doha, dove invece raggiunse i quarti. Da capire se, dopo le fatiche australiane, Carlitos confermer\u00e0 la programmazione: se decidesse di giocare solo uno dei due tornei, nessuno si stupirebbe.\u00a0    &#13;<br \/>\n&#13;<br \/>\n&#13;<br \/>\n&#13;<br \/>\n&#13;<br \/>\n&#13;<br \/>\n&#13;<br \/>\n&#13;<br \/>\n&#13;<br \/>\n&#13;<br \/>\n&#13;<br \/>\n&#13;<br \/>\n&#13;<br \/>\n&#13;<br \/>\n&#13;<br \/>\n&#13;<br \/>\n&#13;<br \/>\n&#13;<br \/>\n&#13;<br \/>\n&#13;<br \/>\n&#13;<br \/>\n&#13;<br \/>\n&#13;<br \/>\n&#13;<br \/>\n&#13;<br \/>\n&#13;<br \/>\n&#13;<br \/>\n&#13;<br \/>\n&#13;<br \/>\n&#13;<br \/>\n&#13;<br \/>\n&#13;<br \/>\n&#13;<br \/>\n&#13;<br \/>\n&#13;<br \/>\n&#13;<br \/>\n&#13;<br \/>\n&#13;<br \/>\n&#13;<br \/>\n&#13;<br \/>\n&#13;<br \/>\n&#13;<br \/>\n&#13;<br \/>\n&#13;<br \/>\n&#13;<br \/>\n&#13;<br \/>\n&#13;<br \/>\n&#13;<br \/>\n&#13;<br \/>\n&#13;<br \/>\n&#13;<br \/>\n&#13;<br \/>\n&#13;\n<\/p>\n<p class=\"is-last-update\" datetime=\"2026-02-01T17:12:14+01:00\">1 febbraio 2026 ( modifica il 1 febbraio 2026 | 17:12)<\/p>\n<p class=\"is-copyright\">\n            \u00a9 RIPRODUZIONE RISERVATA\n        <\/p>\n","protected":false},"excerpt":{"rendered":"Nella \u00abclassifica\u00bb degli Slam vinti, Carlos allunga sull&#8217;italiano 7-4. Si allarga la forbice nel ranking, ma l&#8217;altoatesino pu\u00f2&hellip;\n","protected":false},"author":3,"featured_media":333977,"comment_status":"","ping_status":"","sticky":false,"template":"","format":"standard","meta":{"footnotes":"","_share_on_mastodon":"0"},"categories":[1457],"tags":[1265,195449,3678,7919,3363,1932,195447,195448,8669,195450,29356,1537,90,89,1269,195451,5411,3420,1924,366,3423,164859,245,244,1273,6663,33542],"class_list":["post-333976","post","type-post","status-publish","format-standard","has-post-thumbnail","category-tennis","tag-alcaraz","tag-alcaraz-allunga","tag-allunga","tag-atp","tag-carlos","tag-classifica","tag-classifica-slam","tag-classifica-slam-vinti","tag-doha","tag-forbice","tag-guadagnare","tag-it","tag-italia","tag-italy","tag-jannik","tag-jannik-guadagnare","tag-programmazione","tag-ranking","tag-semifinale","tag-sinner","tag-slam","tag-slam-vinti","tag-sport","tag-sports","tag-tennis","tag-torneo","tag-vinti"],"share_on_mastodon":{"url":"https:\/\/pubeurope.com\/@it\/115997611387242795","error":""},"_links":{"self":[{"href":"https:\/\/www.europesays.com\/it\/wp-json\/wp\/v2\/posts\/333976","targetHints":{"allow":["GET"]}}],"collection":[{"href":"https:\/\/www.europesays.com\/it\/wp-json\/wp\/v2\/posts"}],"about":[{"href":"https:\/\/www.europesays.com\/it\/wp-json\/wp\/v2\/types\/post"}],"author":[{"embeddable":true,"href":"https:\/\/www.europesays.com\/it\/wp-json\/wp\/v2\/users\/3"}],"replies":[{"embeddable":true,"href":"https:\/\/www.europesays.com\/it\/wp-json\/wp\/v2\/comments?post=333976"}],"version-history":[{"count":0,"href":"https:\/\/www.europesays.com\/it\/wp-json\/wp\/v2\/posts\/333976\/revisions"}],"wp:featuredmedia":[{"embeddable":true,"href":"https:\/\/www.europesays.com\/it\/wp-json\/wp\/v2\/media\/333977"}],"wp:attachment":[{"href":"https:\/\/www.europesays.com\/it\/wp-json\/wp\/v2\/media?parent=333976"}],"wp:term":[{"taxonomy":"category","embeddable":true,"href":"https:\/\/www.europesays.com\/it\/wp-json\/wp\/v2\/categories?post=333976"},{"taxonomy":"post_tag","embeddable":true,"href":"https:\/\/www.europesays.com\/it\/wp-json\/wp\/v2\/tags?post=333976"}],"curies":[{"name":"wp","href":"https:\/\/api.w.org\/{rel}","templated":true}]}}