{"id":334088,"date":"2026-02-01T23:36:10","date_gmt":"2026-02-01T23:36:10","guid":{"rendered":"https:\/\/www.europesays.com\/it\/334088\/"},"modified":"2026-02-01T23:36:10","modified_gmt":"2026-02-01T23:36:10","slug":"chi-e-il-tifoso-dellinter-che-ha-lanciato-il-petardo-a-audero-ha-perso-alcune-dita-ora-e-in-ospedale-poi-verra-arrestato","status":"publish","type":"post","link":"https:\/\/www.europesays.com\/it\/334088\/","title":{"rendered":"Chi \u00e8 il tifoso dell&#8217;Inter che ha lanciato il petardo a Audero: ha perso alcune dita. Ora \u00e8 in ospedale, poi verr\u00e0 arrestato"},"content":{"rendered":"<p>    di<br \/>\n    Paolo Tomaselli, inviato a Cremona<\/p>\n<p class=\"summary-art is-line-h-12\">Il responsabile dell&#8217;accaduto contro la Cremonese \u00e8 un \u00abcane sciolto\u00bb: si \u00e8 ferito ed \u00e8 stato aggredito dagli altri tifosi. Una volta dimesso si proceder\u00e0 all&#8217;arresto<\/p>\n<p class=\"chapter-paragraph\">Il secondo tempo \u00e8 iniziato da 3\u201912\u2019\u2019. E per scaldarti vuoi non lanciare un petardo contro il portiere avversario?<b><a href=\"https:\/\/www.corriere.it\/sport\/calcio\/serie-a\/26_febbraio_01\/audero-petardo-cremonese-inter-cosa-successo-68d0c52c-eb02-46cb-96bb-b9699de43xlk.shtml\" title=\"Petardo contro Audero in Cremonese-Inter, cosa \u00e8 successo e cosa rischia il club nerazzurro. Marotta: \u00abGesto insulso\u00bb\" target=\"_blank\" rel=\"nofollow noopener\"> Dalla curva dell\u2019Inter un ultr\u00e0 non ci pensa troppo e il lancio del classico \u00abbombone\u00bb sfiora l\u2019ex nerazzurro Emil Audero,<\/a><\/b> portiere della <b>Cremonese<\/b>, che cade a terra, stordito dal botto violento a un passo da lui. <b>Dimarco, Lautaro, Bastoni<\/b> accorrono subito a vedere come sta l\u2019ex compagno (con cui si scuseranno) e condannano  il gesto dei loro ultr\u00e0, allargando le braccia e \u00abdialogando\u00bb coi tifosi. Sotto la curva arriva anche <b>Chivu<\/b>, che pare molto scosso. Anche lui si lamenta con i tifosi, che poco prima avevano esposto uno striscione che sembra una protesta contro Oaktree, proprietaria dell\u2019Inter: \u00abNelle vittorie e nelle avversit\u00e0, mister e squadra siamo al vostro fianco\u00bb.\u00a0<\/p>\n<p class=\"chapter-paragraph\">Se per\u00f2 questo \u00e8 il modo, non si va  lontano. Il regolamento di conti in curva comunque va in scena subito, <b>perch\u00e9 il responsabile, un cane sciolto, pasticcia con un altro petardo che gli esplode in mano, perde due-tre dita e prima di essere portato in ospedale (in attesa dell\u2019arresto) viene aggredito dai suoi compagni di tifo.<\/b>    &#13;<br \/>\n&#13;<br \/>\n&#13;<br \/>\n&#13;<br \/>\n&#13;<br \/>\n&#13;<br \/>\n&#13;<br \/>\n&#13;<br \/>\n&#13;<br \/>\n&#13;<br \/>\n&#13;<br \/>\n&#13;<br \/>\n&#13;<br \/>\n&#13;<br \/>\n&#13;<br \/>\n&#13;<br \/>\n&#13;<br \/>\n&#13;<br \/>\n&#13;<br \/>\n&#13;<br \/>\n&#13;<br \/>\n&#13;<br \/>\n&#13;<br \/>\n&#13;<br \/>\n&#13;<br \/>\n&#13;<br \/>\n&#13;<br \/>\n&#13;<br \/>\n&#13;<br \/>\n&#13;<br \/>\n&#13;<br \/>\n&#13;<br \/>\n&#13;<br \/>\n&#13;<br \/>\n&#13;<br \/>\n&#13;<br \/>\n&#13;<br \/>\n&#13;<br \/>\n&#13;<br \/>\n&#13;<br \/>\n&#13;<br \/>\n&#13;<br \/>\n&#13;<br \/>\n&#13;<br \/>\n&#13;<br \/>\n&#13;<br \/>\n&#13;<br \/>\n&#13;<br \/>\n&#13;<br \/>\n&#13;<br \/>\n&#13;<br \/>\n&#13;<br \/>\n&#13;\n<\/p>\n<p class=\"chapter-paragraph\">\u00a0\u00abVorrei stigmatizzare e condannare un gesto insulso che non ha nulla a che fare con i valori dello sport \u2014 dice il presidente nerazzurro <b>Beppe Marotta<\/b> \u2014 . Le autorit\u00e0 stanno facendo indagini, pare  sia stato un gesto isolato e si  individuer\u00e0 il responsabile. Va sottolineata  la professionalit\u00e0 di Audero, che si \u00e8 rialzato subito e ha portato a termine la  partita. Ma la condanna deve essere esplicita e completa\u00bb. L\u2019episodio, avvenuto davanti al presidente di Lega <b>Ezio Simonelli, <\/b>non rester\u00e0 senza conseguenze: l\u2019Inter rischia una multa fino a 50mila euro, ma anche la squalifica della curva a San Siro. E la prossima partita in casa sar\u00e0 contro la Juve. Il 3-0 a tavolino sarebbe stata un\u2019ipotesi solo nel caso di sospensione della partita per il rischio sicurezza.<\/p>\n<p class=\"chapter-paragraph\">Ma altri lanci di petardi non ci sono stati.  \u00abC\u2019era tanta preoccupazione per la salute di Emil \u2014 racconta <b>Alessandro Bastoni<\/b> \u2014 . Non abbiamo certo pensato a sanzioni legate al risultato, non \u00e8 n\u00e9 corretto n\u00e9 umano. Sono cose che non devono mai e poi mai succedere\u00bb. Non a caso nel finale l\u2019Inter non \u00e8 andata a salutare i propri tifosi dopo la vittoria: \u00ab\u00c8 stata una scelta \u2014 spiega Bastoni \u2014 perch\u00e9 certe cose non devono esistere nel mondo in generale. C\u2019\u00e8 gi\u00e0 tanta violenza in giro ogni giorno  e noi vogliamo trasmettere un agonismo sano\u00bb.<\/p>\n<p class=\"is-last-update\" datetime=\"2026-02-01T22:39:28+01:00\">1 febbraio 2026 ( modifica il 1 febbraio 2026 | 22:39)<\/p>\n<p class=\"is-copyright\">\n            \u00a9 RIPRODUZIONE RISERVATA\n        <\/p>\n","protected":false},"excerpt":{"rendered":"di Paolo Tomaselli, inviato a Cremona Il responsabile dell&#8217;accaduto contro la Cremonese \u00e8 un \u00abcane sciolto\u00bb: si \u00e8&hellip;\n","protected":false},"author":3,"featured_media":334089,"comment_status":"","ping_status":"","sticky":false,"template":"","format":"standard","meta":{"footnotes":"","_share_on_mastodon":"0"},"categories":[6],"tags":[8423,453,50632,19898,100,195495,122,195496,6297,14,11507,822,13173,62712,324,8,350,1537,90,89,1354,8392,7,15,82,9,83,10,812,13278,1290,167894,1916,2855,135,983,88753,26733,6035,13,11,80,84,12,81,85],"class_list":["post-334088","post","type-post","status-publish","format-standard","has-post-thumbnail","category-ultime-notizie","tag-aggredito","tag-arresto","tag-audero","tag-bastoni","tag-cane","tag-cane-sciolto","tag-cose","tag-cose-devono","tag-cremonese","tag-cronaca","tag-curva","tag-devono","tag-dita","tag-emil","tag-gesto","tag-headlines","tag-inter","tag-it","tag-italia","tag-italy","tag-ne","tag-nerazzurro","tag-news","tag-notizie","tag-notizie-di-cronaca","tag-notizie-principali","tag-notiziedicronaca","tag-notizieprincipali","tag-ospedale","tag-pare","tag-partita","tag-petardo","tag-portato","tag-portiere","tag-presidente","tag-responsabile","tag-sciolto","tag-tanta","tag-tifosi","tag-titoli","tag-ultime-notizie","tag-ultime-notizie-di-cronaca","tag-ultime-notizie-e-news-di-oggi","tag-ultimenotizie","tag-ultimenotiziedicronaca","tag-ultimenotizieenewsdioggi"],"share_on_mastodon":{"url":"","error":"Validation failed: Text character limit of 500 exceeded"},"_links":{"self":[{"href":"https:\/\/www.europesays.com\/it\/wp-json\/wp\/v2\/posts\/334088","targetHints":{"allow":["GET"]}}],"collection":[{"href":"https:\/\/www.europesays.com\/it\/wp-json\/wp\/v2\/posts"}],"about":[{"href":"https:\/\/www.europesays.com\/it\/wp-json\/wp\/v2\/types\/post"}],"author":[{"embeddable":true,"href":"https:\/\/www.europesays.com\/it\/wp-json\/wp\/v2\/users\/3"}],"replies":[{"embeddable":true,"href":"https:\/\/www.europesays.com\/it\/wp-json\/wp\/v2\/comments?post=334088"}],"version-history":[{"count":0,"href":"https:\/\/www.europesays.com\/it\/wp-json\/wp\/v2\/posts\/334088\/revisions"}],"wp:featuredmedia":[{"embeddable":true,"href":"https:\/\/www.europesays.com\/it\/wp-json\/wp\/v2\/media\/334089"}],"wp:attachment":[{"href":"https:\/\/www.europesays.com\/it\/wp-json\/wp\/v2\/media?parent=334088"}],"wp:term":[{"taxonomy":"category","embeddable":true,"href":"https:\/\/www.europesays.com\/it\/wp-json\/wp\/v2\/categories?post=334088"},{"taxonomy":"post_tag","embeddable":true,"href":"https:\/\/www.europesays.com\/it\/wp-json\/wp\/v2\/tags?post=334088"}],"curies":[{"name":"wp","href":"https:\/\/api.w.org\/{rel}","templated":true}]}}