{"id":334116,"date":"2026-02-02T00:03:09","date_gmt":"2026-02-02T00:03:09","guid":{"rendered":"https:\/\/www.europesays.com\/it\/334116\/"},"modified":"2026-02-02T00:03:09","modified_gmt":"2026-02-02T00:03:09","slug":"cremonese-inter-preso-il-teppista-che-ha-lanciato-il-petardo-ad-audero","status":"publish","type":"post","link":"https:\/\/www.europesays.com\/it\/334116\/","title":{"rendered":"Cremonese-Inter, preso il teppista che ha lanciato il petardo ad Audero"},"content":{"rendered":"<p>                                Individuato il cane sciolto che ha portato alla sospensione momentanea di Cremonese-Inter e che maneggiando un secondo botto si \u00e8 pure ferito. Rischio chiusura Curva per i nerazzurri<\/p>\n<p>                    1 febbraio 2026 (modifica il 2 febbraio 2026 | 00:06)  &#8211; PARMA<\/p>\n<p class=\"paragraph\" spellcheck=\"true\">Un botto sordo, violento. Poi dal fumo denso, quasi gelatinoso, esce una sagoma vestita di giallo. A terra, stesa, come colpita da un proiettile al poligono. Invece \u00e8 stata centrata dall\u2019onda d\u2019urto di un petardo, piovuto dritto dal settore dei tifosi dell\u2019Inter. Il portiere della Cremonese Emil Audero si tocca l\u2019orecchio, stordito e incredulo. E\u2019 appena cominciato il secondo tempo, la partita \u00e8 gi\u00e0 indirizzata verso il risultato pi\u00f9 scontato, quando sullo stadio Zini scende una cappa di silenzio che odora di panico. Corrono tutti verso l\u2019area dei padroni di casa. Dimarco, Baschirotto, Lautaro. Anche Chivu, per sincerarsi delle condizioni del portiere e per provare a calmare la curva. Akanji, che ha giocato in Premier League a certe scene non \u00e8 abituato, scuote la testa davanti al magma indistinto di vigliaccheria. Perch\u00e9?\u00a0<\/p>\n<p>    IN PIEDI\u2014 \u00a0<\/p>\n<p class=\"paragraph\" spellcheck=\"true\">Il pensiero circola veloce: adesso Nicola \u00e8 costretto a sostituire Audero e lo 0-2 maturato in fretta sul campo diventa 3-0 a tavolino. Ma Audero si alza. Ha una ferita su una coscia e l\u2019orecchio destro che rimbomba. Ma non ci pensa neanche un secondo a chiedere il cambio. Vuole continuare. E lo far\u00e0 fino alla fine, orgogliosamente. Un comportamento che non dipende soltanto dal recente passato nell\u2019Inter \u2013 ha giocato 4 partite nel campionato concluso con lo scudetto della stella \u2013 ma da una questione di stile. Aveva fatto qualcosa di simile anni fa Edoardo Bove, colpito da una bottiglietta lanciata dai tifosi della Lazio durante un derby: gi\u00e0 sostituito, non fece una piega e cammin\u00f2 tranquillo verso gli spogliatoi. La classe non \u00e8 acqua, in tutti i sensi.<\/p>\n<p>    BECCATO\u2014 \u00a0<\/p>\n<p class=\"paragraph\" spellcheck=\"true\">Molto meno uomo, nel senso di umanit\u00e0, ha dimostrato di essere il tifoso che ha lanciato il petardo. A quanto pare le forze dell\u2019ordine sono riuscite gi\u00e0 a individuarlo perch\u00e9 nel portare a termine il suo stupido gesto il responsabile ha perso tre dita ed \u00e8 stato ricoverato in ospedale. Sar\u00e0 arrestato. La domenica per\u00f2 \u00e8 stata turbolenta fino alla fine: alla stazione di Cremona, in attesa del treno regionale delle 21.30, ci sono stati momenti di tensione tra ultras e polizia, con diverse persone scese sui binari per evitare la calca e un bello spavento per i viaggiatori estranei alla partita.\u00a0<\/p>\n<p>    CONSEGUENZE\u2014 \u00a0<\/p>\n<p class=\"paragraph\" spellcheck=\"true\">Cosa succeder\u00e0 sul fronte sportivo? L\u2019elemento che salva l\u2019Inter \u00e8 proprio il comportamento di Audero: dal momento che l\u2019episodio non ha condizionato lo svolgimento della partita, il risultato di 0-2 sar\u00e0 omologato. La societ\u00e0 per\u00f2 dovr\u00e0 pagare una multa molto salata, secondo il principio della responsabilit\u00e0 oggettiva. E la tifoseria sar\u00e0 punita con una sanzione dura, non per forza limitata al blocco delle trasferte che ha colpito altre curve: potrebbe essere chiusa anche la Curva Nord di San Siro per una o pi\u00f9 partite.<\/p>\n<p class=\"is-copyright\">\u00a9 RIPRODUZIONE RISERVATA<\/p>\n","protected":false},"excerpt":{"rendered":"Individuato il cane sciolto che ha portato alla sospensione momentanea di Cremonese-Inter e che maneggiando un secondo botto&hellip;\n","protected":false},"author":3,"featured_media":334117,"comment_status":"","ping_status":"","sticky":false,"template":"","format":"standard","meta":{"footnotes":"","_share_on_mastodon":"0"},"categories":[6],"tags":[1998,195527,195528,412,195529,195530,55649,195531,195532,1495,195533,4605,50632,4642,433,9284,6297,14,11507,13173,2267,8,350,1537,90,89,693,7,15,82,9,83,10,34141,1290,4283,3386,195526,167894,2855,6811,6035,13,11,80,84,12,81,85],"class_list":["post-334116","post","type-post","status-publish","format-standard","has-post-thumbnail","category-ultime-notizie","tag-abituato","tag-abituato-scuote","tag-abituato-scuote-testa","tag-acqua","tag-acqua-sensi","tag-acqua-sensi-beccato","tag-akanji","tag-akanji-giocato","tag-akanji-giocato-premier","tag-altre","tag-altre-curve","tag-arrestato","tag-audero","tag-botto","tag-colpito","tag-comportamento","tag-cremonese","tag-cronaca","tag-curva","tag-dita","tag-giocato","tag-headlines","tag-inter","tag-it","tag-italia","tag-italy","tag-multa","tag-news","tag-notizie","tag-notizie-di-cronaca","tag-notizie-principali","tag-notiziedicronaca","tag-notizieprincipali","tag-orecchio","tag-partita","tag-partite","tag-perso","tag-perso-dita","tag-petardo","tag-portiere","tag-risultato","tag-tifosi","tag-titoli","tag-ultime-notizie","tag-ultime-notizie-di-cronaca","tag-ultime-notizie-e-news-di-oggi","tag-ultimenotizie","tag-ultimenotiziedicronaca","tag-ultimenotizieenewsdioggi"],"share_on_mastodon":{"url":"","error":"Validation failed: Text character limit of 500 exceeded"},"_links":{"self":[{"href":"https:\/\/www.europesays.com\/it\/wp-json\/wp\/v2\/posts\/334116","targetHints":{"allow":["GET"]}}],"collection":[{"href":"https:\/\/www.europesays.com\/it\/wp-json\/wp\/v2\/posts"}],"about":[{"href":"https:\/\/www.europesays.com\/it\/wp-json\/wp\/v2\/types\/post"}],"author":[{"embeddable":true,"href":"https:\/\/www.europesays.com\/it\/wp-json\/wp\/v2\/users\/3"}],"replies":[{"embeddable":true,"href":"https:\/\/www.europesays.com\/it\/wp-json\/wp\/v2\/comments?post=334116"}],"version-history":[{"count":0,"href":"https:\/\/www.europesays.com\/it\/wp-json\/wp\/v2\/posts\/334116\/revisions"}],"wp:featuredmedia":[{"embeddable":true,"href":"https:\/\/www.europesays.com\/it\/wp-json\/wp\/v2\/media\/334117"}],"wp:attachment":[{"href":"https:\/\/www.europesays.com\/it\/wp-json\/wp\/v2\/media?parent=334116"}],"wp:term":[{"taxonomy":"category","embeddable":true,"href":"https:\/\/www.europesays.com\/it\/wp-json\/wp\/v2\/categories?post=334116"},{"taxonomy":"post_tag","embeddable":true,"href":"https:\/\/www.europesays.com\/it\/wp-json\/wp\/v2\/tags?post=334116"}],"curies":[{"name":"wp","href":"https:\/\/api.w.org\/{rel}","templated":true}]}}