{"id":334465,"date":"2026-02-02T08:23:11","date_gmt":"2026-02-02T08:23:11","guid":{"rendered":"https:\/\/www.europesays.com\/it\/334465\/"},"modified":"2026-02-02T08:23:11","modified_gmt":"2026-02-02T08:23:11","slug":"di-canio-inter-domina-dico-questa-cosa-che-puo-sembrare-paradossale","status":"publish","type":"post","link":"https:\/\/www.europesays.com\/it\/334465\/","title":{"rendered":"Di Canio: &#8220;Inter domina: dico questa cosa che pu\u00f2 sembrare paradossale&#8221;"},"content":{"rendered":"<p>In studio al Club a Sky Sport, l&#8217;ex attaccante Paolo Di Canio ha parlato cos\u00ec del momento dell&#8217;Inter di Cristian Chivu<\/p>\n<p>In studio al Club a Sky Sport, l&#8217;ex attaccante<strong> Paolo Di Canio<\/strong> ha parlato cos\u00ec del momento dell&#8217;Inter di Cristian Chivu:<\/p>\n<p>\u201cL\u2019Inter \u00e8 dominante, \u00e8 forte. Paradossalmente vi dico questa cosa: pi\u00f9 facile che l\u2019Inter migliori contro le grandi piuttosto che il Milan migliori con le piccole. Perch\u00e9 l\u2019Inter \u00e8 stra dominante e i gol li fa. E di gol non ne subisce tanti, anzi. Squadra consolidata nel tempo, pu\u00f2 migliorare ancora. Il Milan non gioca dominando le partite invece, per quello non penso sia cos\u00ec facile&#8221;.<\/p>\n<p class=\"is-copyright\">\u00a9 RIPRODUZIONE RISERVATA<\/p>\n","protected":false},"excerpt":{"rendered":"In studio al Club a Sky Sport, l&#8217;ex attaccante Paolo Di Canio ha parlato cos\u00ec del momento dell&#8217;Inter&hellip;\n","protected":false},"author":3,"featured_media":334466,"comment_status":"","ping_status":"","sticky":false,"template":"","format":"standard","meta":{"footnotes":"","_share_on_mastodon":"0"},"categories":[1452],"tags":[562,195683,195684,721,82511,195685,65828,1740,350,1537,90,89,1739,245,244],"class_list":["post-334465","post","type-post","status-publish","format-standard","has-post-thumbnail","category-calcio","tag-attaccante","tag-attaccante-paolo","tag-attaccante-paolo-canio","tag-calcio","tag-canio","tag-canio-parlato","tag-dominante","tag-football","tag-inter","tag-it","tag-italia","tag-italy","tag-soccer","tag-sport","tag-sports"],"share_on_mastodon":{"url":"https:\/\/pubeurope.com\/@it\/116000076808775873","error":""},"_links":{"self":[{"href":"https:\/\/www.europesays.com\/it\/wp-json\/wp\/v2\/posts\/334465","targetHints":{"allow":["GET"]}}],"collection":[{"href":"https:\/\/www.europesays.com\/it\/wp-json\/wp\/v2\/posts"}],"about":[{"href":"https:\/\/www.europesays.com\/it\/wp-json\/wp\/v2\/types\/post"}],"author":[{"embeddable":true,"href":"https:\/\/www.europesays.com\/it\/wp-json\/wp\/v2\/users\/3"}],"replies":[{"embeddable":true,"href":"https:\/\/www.europesays.com\/it\/wp-json\/wp\/v2\/comments?post=334465"}],"version-history":[{"count":0,"href":"https:\/\/www.europesays.com\/it\/wp-json\/wp\/v2\/posts\/334465\/revisions"}],"wp:featuredmedia":[{"embeddable":true,"href":"https:\/\/www.europesays.com\/it\/wp-json\/wp\/v2\/media\/334466"}],"wp:attachment":[{"href":"https:\/\/www.europesays.com\/it\/wp-json\/wp\/v2\/media?parent=334465"}],"wp:term":[{"taxonomy":"category","embeddable":true,"href":"https:\/\/www.europesays.com\/it\/wp-json\/wp\/v2\/categories?post=334465"},{"taxonomy":"post_tag","embeddable":true,"href":"https:\/\/www.europesays.com\/it\/wp-json\/wp\/v2\/tags?post=334465"}],"curies":[{"name":"wp","href":"https:\/\/api.w.org\/{rel}","templated":true}]}}