{"id":334649,"date":"2026-02-02T12:04:52","date_gmt":"2026-02-02T12:04:52","guid":{"rendered":"https:\/\/www.europesays.com\/it\/334649\/"},"modified":"2026-02-02T12:04:52","modified_gmt":"2026-02-02T12:04:52","slug":"i-sacrifici-della-mamma-salentina-e-la-sorpresa-degli-attori-turchi","status":"publish","type":"post","link":"https:\/\/www.europesays.com\/it\/334649\/","title":{"rendered":"i sacrifici della mamma salentina e la sorpresa degli attori turchi"},"content":{"rendered":"<p>Una storia di riscatto e sacrifici che arriva dal cuore del brindisino ha aperto la puntata di sabato 24 gennaio di &#8220;<strong><a href=\"https:\/\/www.quotidianodipuglia.it\/t\/c%E2%80%99e-posta-per-te\" rel=\"nofollow noopener\" target=\"_blank\">C\u2019\u00e8 posta per te<\/a><\/strong>&#8220;. Maria, mamma single di <strong><a href=\"https:\/\/www.quotidianodipuglia.it\/t\/torre-santa-susanna\" rel=\"nofollow noopener\" target=\"_blank\">Torre Santa Susanna<\/a><\/strong>, \u00e8 stata la protagonista di una sorpresa speciale organizzata dai suoi tre figli, Sabrina, Tania e Giovanni, che hanno portato in studio gli attori della serie turca &#8220;La forza di una donna&#8221;.<\/p>\n<p>La storia: quattro lavori per crescere i figli<\/p>\n<p>Rimasta sola a 39 anni con tre minori a carico, Maria ha affrontato anni di precariet\u00e0 lavorando come cameriera, lavapiatti, badante e addetta a un camioncino di panini. Durante la lettura della lettera in studio, i figli hanno ricordato le difficolt\u00e0 economiche del passato, sottolineando la determinazione della madre nel garantire loro gli studi e una vita dignitosa: oggi la figlia pi\u00f9 grande \u00e8 madre, la seconda \u00e8 laureata in infermeria e il pi\u00f9 giovane \u00e8 uno studente universitario.<\/p>\n<p>L&#8217;incontro con gli attori de &#8220;La forza di una donna&#8221;<\/p>\n<p>Per premiare gli sforzi della donna, sono scesi dalla scalinata di Canale 5 gli attori Feyyaz Duman, Ahu Yagtu e Caner Cindoruk (Arif, Piril e Sarp nella fiction). <\/p>\n<p>Gli ospiti internazionali si sono detti profondamente colpiti dalla storia della famiglia salentina:<\/p>\n<p>Ahu Yagtu ha dichiarato di rispecchiarsi in Maria essendo lei stessa una madre single.<\/p>\n<p>Caner Cindoruk ha condiviso il ricordo di un&#8217;infanzia segnata da simili difficolt\u00e0 economiche.<\/p>\n<p>Il finale<\/p>\n<p>La serata si \u00e8 conclusa con l&#8217;apertura della busta e un appello del figlio Giovanni, che ha chiesto alla madre di smettere di preoccuparsi per loro e di iniziare a dedicare tempo a se stessa. La partecipazione della famiglia di Torre Santa Susanna \u00e8 diventata immediatamente virale sui social, celebrando Maria come esempio di &#8220;mamma coraggio&#8221; pugliese.<\/p>\n","protected":false},"excerpt":{"rendered":"Una storia di riscatto e sacrifici che arriva dal cuore del brindisino ha aperto la puntata di sabato&hellip;\n","protected":false},"author":3,"featured_media":334650,"comment_status":"","ping_status":"","sticky":false,"template":"","format":"standard","meta":{"footnotes":"","_share_on_mastodon":"0"},"categories":[1444],"tags":[10961,195768,203,204,1537,90,89,195769,253],"class_list":["post-334649","post","type-post","status-publish","format-standard","has-post-thumbnail","category-tv","tag-brindisi","tag-c-e-posta-per-te","tag-entertainment","tag-intrattenimento","tag-it","tag-italia","tag-italy","tag-torre-santa-susanna","tag-tv"],"share_on_mastodon":{"url":"https:\/\/pubeurope.com\/@it\/116000949725047541","error":""},"_links":{"self":[{"href":"https:\/\/www.europesays.com\/it\/wp-json\/wp\/v2\/posts\/334649","targetHints":{"allow":["GET"]}}],"collection":[{"href":"https:\/\/www.europesays.com\/it\/wp-json\/wp\/v2\/posts"}],"about":[{"href":"https:\/\/www.europesays.com\/it\/wp-json\/wp\/v2\/types\/post"}],"author":[{"embeddable":true,"href":"https:\/\/www.europesays.com\/it\/wp-json\/wp\/v2\/users\/3"}],"replies":[{"embeddable":true,"href":"https:\/\/www.europesays.com\/it\/wp-json\/wp\/v2\/comments?post=334649"}],"version-history":[{"count":0,"href":"https:\/\/www.europesays.com\/it\/wp-json\/wp\/v2\/posts\/334649\/revisions"}],"wp:featuredmedia":[{"embeddable":true,"href":"https:\/\/www.europesays.com\/it\/wp-json\/wp\/v2\/media\/334650"}],"wp:attachment":[{"href":"https:\/\/www.europesays.com\/it\/wp-json\/wp\/v2\/media?parent=334649"}],"wp:term":[{"taxonomy":"category","embeddable":true,"href":"https:\/\/www.europesays.com\/it\/wp-json\/wp\/v2\/categories?post=334649"},{"taxonomy":"post_tag","embeddable":true,"href":"https:\/\/www.europesays.com\/it\/wp-json\/wp\/v2\/tags?post=334649"}],"curies":[{"name":"wp","href":"https:\/\/api.w.org\/{rel}","templated":true}]}}