{"id":335451,"date":"2026-02-02T23:42:18","date_gmt":"2026-02-02T23:42:18","guid":{"rendered":"https:\/\/www.europesays.com\/it\/335451\/"},"modified":"2026-02-02T23:42:18","modified_gmt":"2026-02-02T23:42:18","slug":"che-storia-a-16-anni-segna-il-suo-ultimo-gol-nei-dilettanti-e-il-giorno-dopo-firma-in-serie-a","status":"publish","type":"post","link":"https:\/\/www.europesays.com\/it\/335451\/","title":{"rendered":"Che storia! A 16 anni segna il suo ultimo gol nei dilettanti e il giorno dopo firma in Serie A"},"content":{"rendered":"<p>C&#8217;\u00e8 un momento, nel percorso di ogni calciatore, in cui il campo smette di essere soltanto un rettangolo verde e diventa una soglia. Un confine invisibile che separa ci\u00f2 che \u00e8 stato da ci\u00f2 che potrebbe essere. <strong>\u00c8 il momento in cui il rumore dei campi di provincia lascia spazio a un&#8217;eco diversa<\/strong>, pi\u00f9 ampia, pi\u00f9 esigente. Dove il tempo accelera, gli spazi si stringono e ogni dettaglio pesa il doppio. In Lombardia, lontano dai riflettori pi\u00f9 accesi, c&#8217;\u00e8 un ragazzo che questo confine lo ha appena attraversato. <strong>Fino a ieri immerso nel mondo dei dilettanti<\/strong>, nei campionati regionali dove il talento deve convivere con la fatica, <strong>oggi proiettato verso l&#8217;universo dei nazionali<\/strong>. Un salto che non \u00e8 solo di categoria, ma di linguaggio, di abitudini, di prospettiva. Non \u00e8 una storia di clamore improvviso, ma di crescita continua. Di numeri che parlano piano ma con decisione. Di un presente che si \u00e8 guadagnato il diritto di bussare a una porta che profuma di <strong>Serie<\/strong> <strong>A<\/strong>. Il suo nome \u00e8 <strong>Leonardo<\/strong> <strong>Invernizzi<\/strong>.<\/p>\n<p><strong>LE MAGLIE DI LEONARDO INVERNIZZI<\/strong><\/p>\n<p data-start=\"1134\" data-end=\"1724\">Il percorso di <strong>Leonardo<\/strong> <strong>Invernizzi<\/strong> non \u00e8 quello di un predestinato lanciato troppo in alto troppo presto. \u00c8, piuttosto, una traiettoria costruita passo dopo passo, senza scorciatoie. Originario di Codogno, muove i primi calci nel <strong>San<\/strong> <strong>Biagio<\/strong>, realt\u00e0 di paese dove il pallone \u00e8 ancora gioco prima che ambizione. Da l\u00ec il primo salto verso una struttura pi\u00f9 importante come il <strong>Piacenza<\/strong>, esperienza lunga cinque anni che lascia segni profondi: amicizie, crescita, ma anche una brusca frenata finale. La mancata conferma diventa uno spartiacque emotivo, uno di quei momenti in cui \u00e8 facile smarrirsi.<\/p>\n<p data-start=\"1134\" data-end=\"1724\"><img loading=\"lazy\" decoding=\"async\" src=\"https:\/\/www.europesays.com\/it\/wp-content\/uploads\/2026\/02\/WhatsApp_Image_2026-02-02_at_19.52.14_(2)-1770058402356.jpeg\" alt=\"\" width=\"865\" height=\"1600\"\/><\/p>\n<p data-start=\"1726\" data-end=\"2207\">La risposta, per\u00f2, arriva sul campo. Invernizzi riparte dal <strong>Fanfulla<\/strong>, indossando la maglia bianconera di una piazza storica, e l\u00ec ritrova continuit\u00e0, fiducia e soprattutto centralit\u00e0. \u00c8 un periodo che lo rimette nuovamente in gioco e gli fa ritrovare quel brivido che scorre lunga di schiena tipico dei centravanti, culminato con la convocazione nella <strong>Rappresentativa<\/strong> <strong>Provinciale<\/strong> <strong>Under<\/strong> <strong>15<\/strong> guidata da Matteo Antoniazzi. Un&#8217;esperienza formativa, fatta di rimonte, partite ad eliminazione diretta e consapevolezze che iniziano a sedimentarsi.<\/p>\n<p data-start=\"1726\" data-end=\"2207\"><img loading=\"lazy\" decoding=\"async\" src=\"https:\/\/www.europesays.com\/it\/wp-content\/uploads\/2026\/02\/WhatsApp_Image_2026-02-02_at_19.52.14-1770058412948.jpeg\" alt=\"\" width=\"867\" height=\"1600\"\/><\/p>\n<p data-start=\"2209\" data-end=\"2756\">Il vero cambio di marcia, per\u00f2, arriva con il passaggio al <strong>Crema<\/strong>. Una scelta ponderata, cercata, voluta. In nerobianco Invernizzi diventa molto pi\u00f9 di un prospetto interessante: diventa un riferimento offensivo. I numeri raccontano una storia chiara. Oggi il suo bilancio stagionale parla di <strong data-start=\"2501\" data-end=\"2525\">21 presenze e 16 gol<\/strong> complessivi tra campionato e coppa, con il Crema\u00a0<strong data-start=\"2587\" data-end=\"2629\">terzo nel girone C dell&#8217;Under 17 \u00c9lite<\/strong>. Una produzione offensiva costante, accompagnata da un minutaggio importante (1226 minuti) e da una presenza continua nel cuore del gioco.<\/p>\n<p><strong>UNA FIRMA FINALE<\/strong><\/p>\n<p data-start=\"2758\" data-end=\"3441\">Prima punta in un sistema che prevede due attaccanti, Invernizzi vive negli ultimi venti metri. <strong>Non \u00e8 solo finalizzazione<\/strong>: \u00e8 capacit\u00e0 di reggere il contatto, di lavorare su palloni difficili, di scegliere la soluzione pi\u00f9 razionale anche quando il ritmo sale. Sa controllare, proteggere, scaricare e poi attaccare l&#8217;area con tempi da centravanti maturo. Qualit\u00e0 che non sono passate inosservate, tanto da convincere lo staff della prima squadra del Crema a inserirlo stabilmente negli allenamenti del gruppo di <strong>Serie<\/strong> <strong>D<\/strong>. Il debutto ufficiale resta quello simbolico (20 dicembre 2025), vissuto in un finale carico di emozioni, ma il percorso \u00e8 rimasto coerente: crescita graduale, senza bruciare tappe.<\/p>\n<p data-start=\"2758\" data-end=\"3441\">Luca Bellini e il suo staff lo hanno sempre considerato una certezza. Con la <strong data-start=\"77\" data-end=\"114\">Rappresentativa Lombarda Under 17<\/strong>, Leonardo Invernizzi \u00e8 stato una presenza costante, convocazione dopo convocazione, senza mai uscire dal radar. Un punto fisso, il riferimento offensivo che indossava la <strong data-start=\"285\" data-end=\"304\">maglia numero 9<\/strong>, attorno al quale si costruivano soluzioni e movimenti. Anche questo mercoled\u00ec avrebbe dovuto unirsi al gruppo per l\u2019amichevole con l\u2019<strong data-start=\"439\" data-end=\"454\">AlbinoLeffe<\/strong>, l\u2019ennesima tappa di un percorso condiviso. Al <strong data-start=\"502\" data-end=\"531\">Torneo delle Regioni 2026<\/strong> avrebbe fatto comodo, eccome. Ma certe chiamate non si rimandano: quando il salto chiama, bisogna rispondere.<\/p>\n<p data-start=\"3443\" data-end=\"3966\">E poi c&#8217;\u00e8 l&#8217;ultima istantanea, quella che sembra chiudere un cerchio. <strong data-start=\"3513\" data-end=\"3536\">Domenica 1 febbraio<\/strong>, sul campo dello Scanzorosciate, Invernizzi segna al <strong data-start=\"3590\" data-end=\"3611\">35&#8242; della ripresa<\/strong> il gol del pareggio. Una rete pesantissima, che evita la sconfitta e tiene in corsa il Crema per il discorso playoff. \u00c8 l&#8217;ultimo gol segnato nel calcio dilettantistico e regionale. Un gol che vale come <strong>una<\/strong> <strong>firma<\/strong> <strong>finale<\/strong>, messa nel momento pi\u00f9 opportuno. Fondamentale, decisivo, quasi narrativo. Magico, s\u00ec. Perch\u00e9 certe storie sanno quando \u00e8 il momento giusto per voltare pagina.<\/p>\n<p><strong>IL CONTESTO CREMONESE<\/strong><\/p>\n<p data-start=\"4004\" data-end=\"4430\">La nuova pagina si apre a <strong>Cremona<\/strong>. Un ambiente che parla un linguaggio diverso, quello del calcio nazionale. La <strong data-start=\"4116\" data-end=\"4129\">Cremonese<\/strong>, societ\u00e0 stabilmente inserita nel panorama professionistico italiano, rappresenta per Invernizzi un passaggio netto verso l&#8217;\u00e9lite del settore giovanile. Il contesto \u00e8 competitivo, complesso, esigente. Qui il margine d&#8217;errore si assottiglia e la crescita passa attraverso la quotidianit\u00e0 del lavoro.<\/p>\n<p data-start=\"4432\" data-end=\"5019\">Essendo un classe 2009, il suo inserimento seguir\u00e0 una strade: l&#8217;aggregazione al gruppo dei coetanei (Under 17) nel campionato di\u00a0<strong data-start=\"4613\" data-end=\"4629\">Under 17 A-B<\/strong>, torneo nazionale di alto livello tecnico e tattico. Il salto \u00e8 evidente. Cambiano gli avversari, cambia il ritmo, cambia la pressione. Ma cambiano anche le opportunit\u00e0: allenarsi ogni giorno in un ambiente strutturato, <strong>misurarsi con i migliori pari et\u00e0 d&#8217;Italia<\/strong>, crescere sotto lo sguardo costante di un club che lavora per formare calciatori di un certo livello.<\/p>\n<p data-start=\"5021\" data-end=\"5446\">Per Invernizzi non si tratta di un punto d&#8217;arrivo,<strong> ma di una linea di partenza pi\u00f9 avanzata<\/strong>. Il bagaglio costruito nei dilettanti \u2014 <strong>fame<\/strong>, <strong>resilienza<\/strong>, <strong>capacit\u00e0 di sporcarsi le mani nelle partite sporche<\/strong> \u2014 diventa ora un valore aggiunto. Il calcio nazionale non aspetta nessuno, ma premia chi arriva preparato. Leonardo arriva con numeri solidi, una storia coerente e la leggerezza di chi sa che il meglio deve ancora venire. Il salto \u00e8 fatto. <strong>Ora<\/strong> <strong>comincia il viaggio<\/strong>.<\/p>\n","protected":false},"excerpt":{"rendered":"C&#8217;\u00e8 un momento, nel percorso di ogni calciatore, in cui il campo smette di essere soltanto un rettangolo&hellip;\n","protected":false},"author":3,"featured_media":335452,"comment_status":"","ping_status":"","sticky":false,"template":"","format":"standard","meta":{"footnotes":"","_share_on_mastodon":"0"},"categories":[1452],"tags":[721,10320,6297,25400,1740,1537,90,89,1654,196165,22742,1739,245,244,196164,196166],"class_list":["post-335451","post","type-post","status-publish","format-standard","has-post-thumbnail","category-calcio","tag-calcio","tag-crema","tag-cremonese","tag-dilettanti","tag-football","tag-it","tag-italia","tag-italy","tag-nazionali","tag-primavera-1","tag-serie-d","tag-soccer","tag-sport","tag-sports","tag-under-17-a-b","tag-under-17-elite"],"share_on_mastodon":{"url":"https:\/\/pubeurope.com\/@it\/116003690530280701","error":""},"_links":{"self":[{"href":"https:\/\/www.europesays.com\/it\/wp-json\/wp\/v2\/posts\/335451","targetHints":{"allow":["GET"]}}],"collection":[{"href":"https:\/\/www.europesays.com\/it\/wp-json\/wp\/v2\/posts"}],"about":[{"href":"https:\/\/www.europesays.com\/it\/wp-json\/wp\/v2\/types\/post"}],"author":[{"embeddable":true,"href":"https:\/\/www.europesays.com\/it\/wp-json\/wp\/v2\/users\/3"}],"replies":[{"embeddable":true,"href":"https:\/\/www.europesays.com\/it\/wp-json\/wp\/v2\/comments?post=335451"}],"version-history":[{"count":0,"href":"https:\/\/www.europesays.com\/it\/wp-json\/wp\/v2\/posts\/335451\/revisions"}],"wp:featuredmedia":[{"embeddable":true,"href":"https:\/\/www.europesays.com\/it\/wp-json\/wp\/v2\/media\/335452"}],"wp:attachment":[{"href":"https:\/\/www.europesays.com\/it\/wp-json\/wp\/v2\/media?parent=335451"}],"wp:term":[{"taxonomy":"category","embeddable":true,"href":"https:\/\/www.europesays.com\/it\/wp-json\/wp\/v2\/categories?post=335451"},{"taxonomy":"post_tag","embeddable":true,"href":"https:\/\/www.europesays.com\/it\/wp-json\/wp\/v2\/tags?post=335451"}],"curies":[{"name":"wp","href":"https:\/\/api.w.org\/{rel}","templated":true}]}}