{"id":336199,"date":"2026-02-03T12:18:12","date_gmt":"2026-02-03T12:18:12","guid":{"rendered":"https:\/\/www.europesays.com\/it\/336199\/"},"modified":"2026-02-03T12:18:12","modified_gmt":"2026-02-03T12:18:12","slug":"gasperini-su-udinese-roma-devo-recuperare-kone-e-dybala","status":"publish","type":"post","link":"https:\/\/www.europesays.com\/it\/336199\/","title":{"rendered":"Gasperini su Udinese-Roma: &#8220;Devo recuperare Kon\u00e9 e Dybala&#8221;"},"content":{"rendered":"<p>                                Il tecnico: &#8220;Ci \u00e8 mancata qualit\u00e0 davanti. Vaz e Venturino sono il futuro, ma \u00e8 fondamentale recuperare Dybala e Kon\u00e9. Si gioca troppo? Se aumentano le competizioni ci sono pi\u00f9 partite, per me l\u2019unico aspetto negativo sono gli infortuni&#8221;<\/p>\n<p>            <a class=\"image is-50x50\" href=\"https:\/\/www.gazzetta.it\/collaboratori\/francesco-balzani\/\" rel=\"nofollow noopener\" target=\"_blank\"><br \/>\n                <img decoding=\"async\" class=\"is-rounded\" src=\"https:\/\/www.europesays.com\/it\/wp-content\/uploads\/2025\/09\/francesco-balzani.png\" alt=\"Francesco Balzani\"\/><br \/>\n            <\/a><\/p>\n<p>Collaboratore<\/p>\n<p>                    2 febbraio 2026 (modifica il 3 febbraio 2026 | 07:42)  &#8211; MILANO<\/p>\n<p class=\"paragraph\" spellcheck=\"true\">Un clima da battaglia e una sconfitta che pesa sulla corsa Champions della Roma. Il ko di Udine (1-0) fa scivolare i giallorossi al quinto posto e ha fatto arrabbiare Gasperini. Non tanto per la prestazione di Pellegrini e compagni per\u00f2. \u201cHo visto carattere. Ci \u00e8 mancata qualit\u00e0 davanti, le giocate precisi negli ultimi metri &#8211; ha detto Gasp -. Abbiamo anche avuto sfortuna nel finale per i famosi centimetri e anche il gol preso \u00e8 sintomo di una serata non fortunata. Ma usciamo sempre a testa alta e troveremo la forza di migliorarci sempre\u201d. L&#8217;unica questione che fa perdere la calma al tecnico giallorosso \u00e8 il fallo da cui \u00e8 nato il tiro deviato da Malen che ha portato al gol dell&#8217;Udinese. &#8220;Questo sta diventando il calcio e da quella punizione \u00e8 nato il gol, ho apprezzato le parole di Saelemaekers. Questo \u00e8 il calcio, una ricerca di queste situazioni per trarre vantaggio, mi spiace ma \u00e8 cos\u00ec&#8221;.<\/p>\n<p>    mercato\u2014 \u00a0<\/p>\n<p class=\"paragraph\" spellcheck=\"true\">A mancare sono stati i tentativi sotto porta, un\u2019anomalia vista la Roma degli ultimi tempi. \u201cMa anche loro hanno tirato solo dalla distanza. Era una partita molto chiusa, non bella sul piano tecnico. Non \u00e8 vero che non abbiamo avuto occasioni, quando porti 5-6 uomini dentro l\u2019area \u00e8 un\u2019occasione\u201d. Sul mercato il tecnico non sembra pienamente soddisfatto: \u201cMettetevi d\u2019accordo, c\u2019\u00e8 chi vuole la Champions e chi vuole l\u2019under 23. Parliamo di ragazzi come Vaz e Venturino, bisogna mettersi d\u2019accordo oppure saremo tutti scontenti. Io sono soddisfatto della prestazione, sono partite difficili. Ho visto una squadra forte, questa \u00e8 la Serie A. Poi se la Roma non va in Champions League si cambia l\u2019allenatore, traguardo fallito. Io lavoro con quello che mi viene dato. Il mercato si \u00e8 chiuso, non pensavo di avere tutte queste difficolt\u00e0 a inserire giocatori nei ruoli chiave che cercavamo da mesi. Le difficolt\u00e0 sono state parecchie. Sono arrivati Malen e Zaragoza che ci daranno una mano, poi ho ragazzi giovanissimi come Vaz e Venturino che rappresentano il futuro, non possiamo pensare siano determinanti per obiettivi cos\u00ec alti. Cercheremo di dare il massimo. Si sono fatti decine di nomi, ma mi rendo conto che il mercato di gennaio non \u00e8 mai facile.\u00a0\u00c8 andata cos\u00ec, di sicuro quei due giocatori ci aiuteranno. Ora dobbiamo recuperare Kon\u00e9 e Dybala e proseguiremo su questo percorso. Questo gruppo non molla\u201d.\u00a0<\/p>\n<p>    troppi infortuni\u2014 \u00a0<\/p>\n<p class=\"paragraph\" spellcheck=\"true\">Infine una battuta dopo le lamentele di Conte sulle troppe gare giocate: \u201cLe partite fan parte di questo sistema. Se aumentano le competizioni ci sono pi\u00f9 partite, per me l\u2019unico aspetto negativo sono gli infortuni. Probabilmente le troppe partite sono una causa, ma la gente e la tv vogliono questo. Una volta ce n&#8217;erano meno, ma la percentuale tra partite e infortuni erano sempre le stesse. Dopodich\u00e9 queste sono constatazioni, non c\u2019\u00e8 una scienza che ci dice il contrario\u201d.<\/p>\n<p class=\"is-copyright\">\u00a9 RIPRODUZIONE RISERVATA<\/p>\n","protected":false},"excerpt":{"rendered":"Il tecnico: &#8220;Ci \u00e8 mancata qualit\u00e0 davanti. Vaz e Venturino sono il futuro, ma \u00e8 fondamentale recuperare Dybala&hellip;\n","protected":false},"author":3,"featured_media":336200,"comment_status":"","ping_status":"","sticky":false,"template":"","format":"standard","meta":{"footnotes":"","_share_on_mastodon":"0"},"categories":[1452],"tags":[579,8788,196613,196614,20345,196615,196616,721,1969,5922,196617,196618,5376,29744,196619,18967,3174,1740,5593,27658,3412,1976,8455,1537,90,89,33639,130882,15926,196620,1412,4283,987,1739,245,244,3375,149754,196612,36334],"class_list":["post-336199","post","type-post","status-publish","format-standard","has-post-thumbnail","category-calcio","tag-accordo","tag-aspetto","tag-aspetto-negativo","tag-aspetto-negativo-infortuni","tag-aumentano","tag-aumentano-competizioni","tag-aumentano-competizioni-partite","tag-calcio","tag-champions","tag-competizioni","tag-competizioni-partite","tag-competizioni-partite-unico","tag-difficolta","tag-diventando","tag-diventando-calcio","tag-dybala","tag-fallo","tag-football","tag-gasp","tag-giocate","tag-giocatori","tag-gol","tag-infortuni","tag-it","tag-italia","tag-italy","tag-kone","tag-malen","tag-mancata","tag-mancata-qualita","tag-mercato","tag-partite","tag-roma","tag-soccer","tag-sport","tag-sports","tag-tecnico","tag-vaz","tag-vaz-venturino","tag-venturino"],"share_on_mastodon":{"url":"","error":"Validation failed: Text character limit of 500 exceeded"},"_links":{"self":[{"href":"https:\/\/www.europesays.com\/it\/wp-json\/wp\/v2\/posts\/336199","targetHints":{"allow":["GET"]}}],"collection":[{"href":"https:\/\/www.europesays.com\/it\/wp-json\/wp\/v2\/posts"}],"about":[{"href":"https:\/\/www.europesays.com\/it\/wp-json\/wp\/v2\/types\/post"}],"author":[{"embeddable":true,"href":"https:\/\/www.europesays.com\/it\/wp-json\/wp\/v2\/users\/3"}],"replies":[{"embeddable":true,"href":"https:\/\/www.europesays.com\/it\/wp-json\/wp\/v2\/comments?post=336199"}],"version-history":[{"count":0,"href":"https:\/\/www.europesays.com\/it\/wp-json\/wp\/v2\/posts\/336199\/revisions"}],"wp:featuredmedia":[{"embeddable":true,"href":"https:\/\/www.europesays.com\/it\/wp-json\/wp\/v2\/media\/336200"}],"wp:attachment":[{"href":"https:\/\/www.europesays.com\/it\/wp-json\/wp\/v2\/media?parent=336199"}],"wp:term":[{"taxonomy":"category","embeddable":true,"href":"https:\/\/www.europesays.com\/it\/wp-json\/wp\/v2\/categories?post=336199"},{"taxonomy":"post_tag","embeddable":true,"href":"https:\/\/www.europesays.com\/it\/wp-json\/wp\/v2\/tags?post=336199"}],"curies":[{"name":"wp","href":"https:\/\/api.w.org\/{rel}","templated":true}]}}