{"id":336259,"date":"2026-02-03T13:07:14","date_gmt":"2026-02-03T13:07:14","guid":{"rendered":"https:\/\/www.europesays.com\/it\/336259\/"},"modified":"2026-02-03T13:07:14","modified_gmt":"2026-02-03T13:07:14","slug":"australian-open-novak-djokovic-e-lipotesi-ritiro","status":"publish","type":"post","link":"https:\/\/www.europesays.com\/it\/336259\/","title":{"rendered":"Australian Open, Novak Djokovic e l&#8217;ipotesi ritiro"},"content":{"rendered":"<p>                                Dopo la finale persa con Alcaraz, il 38enne serbo fa il misterioso: &#8220;Non so se giocher\u00f2 gli Australian Open l\u2019anno prossimo. La verit\u00e0 \u00e8 che non lo so. Non riesco a pensare ai prossimi impegni&#8221;<\/p>\n<p>\n                                                                    Martina Sessa\n                            <\/p>\n<p>                    2 febbraio &#8211; 11:57  &#8211; MILANO<\/p>\n<p class=\"paragraph\" spellcheck=\"true\">Il futuro di Novak Djokovic resta avvolto nell\u2019incertezza. Negli ultimi mesi, il campione serbo aveva detto chiaramente quale fosse il suo grande obiettivo, ambizioso quanto simbolico: arrivare alle Olimpiadi di Los Angeles 2028 e continuare a competere per la sua Serbia. Un orizzonte lontano, che presupporrebbe ancora due anni di carriera. Dopo la finale degli Australian Open persa contro Carlos Alcaraz, per\u00f2, Djokovic ha lasciato trapelare idee contrastanti. Durante la cerimonia di premiazione ha infatti suggerito che quella appena disputata potesse essere la sua ultima partita a Melbourne, un pensiero ribadito anche in conferenza stampa: \u201cNon so se giocher\u00f2 gli Australian Open l\u2019anno prossimo. Torner\u00f2 in Australia, ma se sar\u00e0 da giocatore o meno lo vedremo pi\u00f9 avanti\u201d.\u00a0<\/p>\n<p>    LA CONFERENZA\u2014 \u00a0<\/p>\n<p class=\"paragraph\" spellcheck=\"true\">\u201cNon so se ci rivedremo oppure no. \u00c8 per questo che ho lasciato la questione aperta: la verit\u00e0 \u00e8 che non lo so\u201d, ha proseguito il 24 volte campione Slam, parlando con i media serbi. Djokovic ha poi spiegato come un eventuale addio agli Australian Open non escluda necessariamente l\u2019ipotesi olimpica: \u201cHo detto che mi piacerebbe giocare fino ai prossimi Giochi Olimpici, ma questo potrebbe significare fare anche uno, due o dieci tornei all\u2019anno. Onestamente non lo so. Non voglio prendere decisioni a lungo termine sul mio futuro, in questo momento non riesco a pensare ai prossimi impegni. Durante la premiazione ho detto semplicemente quello che sentivo\u201d.\u00a0<\/p>\n<p><a class=\"is-partner-link\" href=\"https:\/\/abbonamenti.gazzetta.it\/calciatori-panini-2025\/?pwcmp_promo_panini_cta&amp;forceBrowser=true\" rel=\"nofollow noopener\" target=\"_blank\">Gazzetta digital + Box Panini + Album a soli 80\u20ac, il modo pi\u00f9 veloce e conveniente per completare la collezione!<\/a><\/p>\n<p>    IL MESSAGGIO ALLA SERBIA\u2014 \u00a0<\/p>\n<p class=\"paragraph\" spellcheck=\"true\">Con Novak Djokovic il discorso non si esaurisce mai esclusivamente sul campo. Anche per questo, dopo la finale, il campione serbo ha scelto di rivolgere un messaggio al suo Paese. Lo scorso settembre aveva gi\u00e0 espresso pubblicamente il proprio sostegno agli studenti scesi in piazza contro il governo serbo e il presidente Aleksandar Vu\u010di\u0107, arrivando anche a spostare il suo torneo da Belgrado ad Atene, citt\u00e0 in cui oggi risiede. A Melbourne, al termine della conferenza stampa, l\u2019attuale numero tre del mondo ha voluto ribadire quel pensiero, usando parole cariche di significato politico e civile: \u201cLa giustizia e la verit\u00e0 prevarranno sempre. Lasciamo che perseverino\u201d. Tra campo e dichiarazioni extra-sportive, il futuro di Djokovic resta tutto da scrivere.<\/p>\n<p class=\"is-copyright\">\u00a9 RIPRODUZIONE RISERVATA<\/p>\n","protected":false},"excerpt":{"rendered":"Dopo la finale persa con Alcaraz, il 38enne serbo fa il misterioso: &#8220;Non so se giocher\u00f2 gli Australian&hellip;\n","protected":false},"author":3,"featured_media":336260,"comment_status":"","ping_status":"","sticky":false,"template":"","format":"standard","meta":{"footnotes":"","_share_on_mastodon":"0"},"categories":[1457],"tags":[1265,3631,196635,19533,14176,196636,1953,194557,921,877,932,26568,196637,1426,564,72517,196638,196639,8675,1537,90,89,2006,6520,12154,1272,245,244,1273,9294],"class_list":["post-336259","post","type-post","status-publish","format-standard","has-post-thumbnail","category-tennis","tag-alcaraz","tag-australia","tag-australia-giocatore","tag-australian","tag-australian-open","tag-australian-open-prossimo","tag-campione","tag-campione-serbo","tag-campo","tag-conferenza","tag-conferenza-stampa","tag-djokovic","tag-djokovic-resta","tag-finale","tag-giocatore","tag-giochero","tag-giochero-australian","tag-giochero-australian-open","tag-impegni","tag-it","tag-italia","tag-italy","tag-open","tag-prossimi","tag-serbo","tag-so","tag-sport","tag-sports","tag-tennis","tag-verita"],"share_on_mastodon":{"url":"https:\/\/pubeurope.com\/@it\/116006855857798159","error":""},"_links":{"self":[{"href":"https:\/\/www.europesays.com\/it\/wp-json\/wp\/v2\/posts\/336259","targetHints":{"allow":["GET"]}}],"collection":[{"href":"https:\/\/www.europesays.com\/it\/wp-json\/wp\/v2\/posts"}],"about":[{"href":"https:\/\/www.europesays.com\/it\/wp-json\/wp\/v2\/types\/post"}],"author":[{"embeddable":true,"href":"https:\/\/www.europesays.com\/it\/wp-json\/wp\/v2\/users\/3"}],"replies":[{"embeddable":true,"href":"https:\/\/www.europesays.com\/it\/wp-json\/wp\/v2\/comments?post=336259"}],"version-history":[{"count":0,"href":"https:\/\/www.europesays.com\/it\/wp-json\/wp\/v2\/posts\/336259\/revisions"}],"wp:featuredmedia":[{"embeddable":true,"href":"https:\/\/www.europesays.com\/it\/wp-json\/wp\/v2\/media\/336260"}],"wp:attachment":[{"href":"https:\/\/www.europesays.com\/it\/wp-json\/wp\/v2\/media?parent=336259"}],"wp:term":[{"taxonomy":"category","embeddable":true,"href":"https:\/\/www.europesays.com\/it\/wp-json\/wp\/v2\/categories?post=336259"},{"taxonomy":"post_tag","embeddable":true,"href":"https:\/\/www.europesays.com\/it\/wp-json\/wp\/v2\/tags?post=336259"}],"curies":[{"name":"wp","href":"https:\/\/api.w.org\/{rel}","templated":true}]}}