{"id":336300,"date":"2026-02-03T13:39:09","date_gmt":"2026-02-03T13:39:09","guid":{"rendered":"https:\/\/www.europesays.com\/it\/336300\/"},"modified":"2026-02-03T13:39:09","modified_gmt":"2026-02-03T13:39:09","slug":"torino-il-saldo-del-mercato-e-quasi-nullo-incassi-e-spese-sotto-al-milione","status":"publish","type":"post","link":"https:\/\/www.europesays.com\/it\/336300\/","title":{"rendered":"Torino, il saldo del mercato \u00e8 quasi nullo: incassi e spese sotto al milione"},"content":{"rendered":"<p>La societ\u00e0 granata in questa sessione invernale ha effettuato diversi movimenti ma quasi tutti solo in prestito sia in entrata che in uscita<\/p>\n<p>Nella serata di ieri &#8211; luned\u00ec 2 febbraio &#8211; \u00e8 terminata una sessione invernale di mercato che ha visto il Torino attivo su parecchi fronti, specialmente in virt\u00f9 del fatto che c&#8217;\u00e8 stato il cambio di DS, proprio poco prima dell&#8217;arrivo del mercato, con Gianluca <strong>Petrachi<\/strong> tornato in granata al posto di Davide <strong>Vagnati.<\/strong> I movimenti operati dalla societ\u00e0 in questa finestra &#8220;di riparazione&#8221; sono stati per\u00f2 tutti dei prestiti, alcuni dei quali onerosi.<\/p>\n<p>Anche sul fronte delle uscite non ci sono state grosse cessioni ma delle partenze in prestito oppure dei precedenti accordi temporanei con altre societ\u00e0 (come Inter o Napoli) che sono stati interrotti (<a style=\"color: #800000;\" href=\"https:\/\/www.toronews.net\/calcio-mercato\/torino-calciomercato-invernale-2025-2026-il-tabellone-definitivo\/\" target=\"_blank\" rel=\"noopener nofollow\">QUI IL TABELLONE COMPLETO<\/a>). Il saldo netto del mercato invernale del Torino \u00e8 quindi di <strong>-700 mila euro<\/strong>, come si evince dal riassunto qui di seguito. Si tratta per\u00f2 di piccole commissioni che il Toro ha incassato o investito per dei <strong>movimenti temporanei di calciatori il cui futuro andr\u00e0 poi discusso definitivamente in estate<\/strong>, ad eccezione del solo Popa che ha salutato la divisa granata a titolo definitivo per fare ritorno in patria.<\/p>\n<p>Torino, le entrate del mercato invernale\u2014 \u00a0<\/p>\n<p>Rafael Obrador &#8211; prestito gratuito<\/p>\n<p>Matteo Prati &#8211; prestito oneroso da 300 mila euro<\/p>\n<p>Enzo Ebosse &#8211; prestito gratuito<\/p>\n<p>Sandro Kulenovic &#8211; prestito oneroso da 500 mila euro<\/p>\n<p>Luca Marianucci &#8211; prestito gratuito<\/p>\n<p><strong>TOTALE SPESA<\/strong>: 800 mila euro<\/p>\n<p>Ali Dembel\u00e9 &#8211; prestito al Mantova<\/p>\n<p>Mihai Popa &#8211; ceduto a titolo definitivo al Cluj per 100 mila euro<\/p>\n<p>Cyril Ngonge &#8211; interrotto prestito dal Napoli<\/p>\n<p>Kristjan Asllani &#8211; interrotto prestito dall&#8217;Inter<\/p>\n<p><strong>TOTALE INCASSO<\/strong>: 100 mila euro<\/p>\n<p class=\"is-copyright\">\u00a9 RIPRODUZIONE RISERVATA<\/p>\n","protected":false},"excerpt":{"rendered":"La societ\u00e0 granata in questa sessione invernale ha effettuato diversi movimenti ma quasi tutti solo in prestito sia&hellip;\n","protected":false},"author":3,"featured_media":336301,"comment_status":"","ping_status":"","sticky":false,"template":"","format":"standard","meta":{"footnotes":"","_share_on_mastodon":"0"},"categories":[1452],"tags":[721,595,724,1740,5197,22100,196679,72813,1537,90,89,1412,18984,31278,184574,6840,31281,62797,10864,196680,1739,1359,245,244,1641],"class_list":["post-336300","post","type-post","status-publish","format-standard","has-post-thumbnail","category-calcio","tag-calcio","tag-definitivo","tag-euro","tag-football","tag-granata","tag-interrotto","tag-interrotto-prestito","tag-invernale","tag-it","tag-italia","tag-italy","tag-mercato","tag-movimenti","tag-oneroso","tag-popa","tag-prestito","tag-prestito-oneroso","tag-saldo","tag-sessione","tag-sessione-invernale","tag-soccer","tag-societa","tag-sport","tag-sports","tag-torino"],"share_on_mastodon":{"url":"https:\/\/pubeurope.com\/@it\/116006981711933150","error":""},"_links":{"self":[{"href":"https:\/\/www.europesays.com\/it\/wp-json\/wp\/v2\/posts\/336300","targetHints":{"allow":["GET"]}}],"collection":[{"href":"https:\/\/www.europesays.com\/it\/wp-json\/wp\/v2\/posts"}],"about":[{"href":"https:\/\/www.europesays.com\/it\/wp-json\/wp\/v2\/types\/post"}],"author":[{"embeddable":true,"href":"https:\/\/www.europesays.com\/it\/wp-json\/wp\/v2\/users\/3"}],"replies":[{"embeddable":true,"href":"https:\/\/www.europesays.com\/it\/wp-json\/wp\/v2\/comments?post=336300"}],"version-history":[{"count":0,"href":"https:\/\/www.europesays.com\/it\/wp-json\/wp\/v2\/posts\/336300\/revisions"}],"wp:featuredmedia":[{"embeddable":true,"href":"https:\/\/www.europesays.com\/it\/wp-json\/wp\/v2\/media\/336301"}],"wp:attachment":[{"href":"https:\/\/www.europesays.com\/it\/wp-json\/wp\/v2\/media?parent=336300"}],"wp:term":[{"taxonomy":"category","embeddable":true,"href":"https:\/\/www.europesays.com\/it\/wp-json\/wp\/v2\/categories?post=336300"},{"taxonomy":"post_tag","embeddable":true,"href":"https:\/\/www.europesays.com\/it\/wp-json\/wp\/v2\/tags?post=336300"}],"curies":[{"name":"wp","href":"https:\/\/api.w.org\/{rel}","templated":true}]}}