{"id":336307,"date":"2026-02-03T13:44:09","date_gmt":"2026-02-03T13:44:09","guid":{"rendered":"https:\/\/www.europesays.com\/it\/336307\/"},"modified":"2026-02-03T13:44:09","modified_gmt":"2026-02-03T13:44:09","slug":"chi-e-bad-bunny-la-vittoria-ai-grammy-il-discorso-contro-lice-la-sua-porto-rico-e-lalbum-in-spagnolo","status":"publish","type":"post","link":"https:\/\/www.europesays.com\/it\/336307\/","title":{"rendered":"Chi \u00e8 Bad Bunny: la vittoria ai Grammy, il discorso contro l&#8217;Ice, la sua Porto Rico e l&#8217;album in spagnolo"},"content":{"rendered":"<p>    di<br \/>\n    Alice Scaglioni<\/p>\n<p class=\"summary-art is-line-h-12\">Dalle origini a Vega Baja alla storica vittoria come Miglior Album ai Grammy: Benito Antonio Mart\u00ednez Ocasio &#8211; in arte Bad Bunny &#8211; \u00e8 il primo artista latino a conquistare il premio pi\u00f9 ambito cantando solo in spagnolo. Tra impegno politico contro l&#8217;ICE e \u00aboperazione nostalgia\u00bb, ecco come \u00e8 diventato la voce di una generazione che non vuole pi\u00f9 nascondersi<\/p>\n<p class=\"chapter-paragraph\">Lo scorso anno \u00e8 stato l\u2019artista pi\u00f9 ascoltato su Spotify nel mondo e il suo album Deb\u00ed Tirar M\u00e1s Fotos &#8211; che <a href=\"https:\/\/www.corriere.it\/spettacoli\/26_febbraio_02\/ai-grammy-e-wildflower-di-billie-eilish-canzone-dell-anno-messaggio-politico-con-la-spilletta-ice-out-9ba1cf06-c850-4ff7-a9c2-9196970f1xlk.shtml?refresh_ce4\" rel=\"nofollow noopener\" target=\"_blank\">ha appena vinto il premio di Miglior album ai Grammy Award<\/a>, primo artista latino ad aggiudicarsi la statuetta pi\u00f9 ambita nei 68 anni di storia della manifestazione &#8211; il pi\u00f9 riprodotto sulla piattaforma musicale. Eppure il trionfo di <b>Bad Bunny<\/b> ai premi della musica \u00e8 stato al tempo stesso meritato e sorprendente. E il motivo si \u00e8 capito fin dalle prime parole del suo discorso di ringraziamento dopo l\u2019annuncio della vittoria. \u00abPrima di ringraziare Dio, dir\u00f2 una cosa: fuori l\u2019ICE. <b>Non siamo selvaggi, non siamo animali, non siamo alieni. Siamo esseri umani<\/b> e siamo americani\u00bb. Un messaggio politico, umano, senza usare mezzi termini, in un momento molto delicato nella politica interna americana, il cui equilibrio \u00e8 stato messo in discussione dalla condotta dell\u2019ICE e dalle proteste di migliaia di statunitensi contro <a href=\"https:\/\/www.corriere.it\/esteri\/26_gennaio_08\/cosa-e-ice-immigrazione-trump-44474170-a946-41f3-be70-ae951b004xlk.shtml?refresh_ce\" rel=\"nofollow noopener\" target=\"_blank\">l&#8217;agenzia federale Usa che si occupa di far applicare le leggi sull&#8217;immigrazione<\/a>.<\/p>\n<p class=\"chapter-paragraph\">Ma non \u00e8 solo il messaggio di Bad Bunny a essere politico: lo \u00e8 tutto l\u2019album che \u00e8 stato premiato dagli ascoltatori e dai Grammy, <b>una lettera d\u2019amore alla sua Porto Rico che parla di emigrati, di nostalgia per la casa e gli affetti che si devono lasciare<\/b> quando l\u2019unico modo per inseguire i propri desideri \u00e8 partire. Bad Bunny in questi ultimi tempi \u00e8 diventato un artista politico, perch\u00e9 non ha esitato a esprimere il suo pensiero in un\u2019America sempre meno aperta e accogliente. E viene percepito come tale. Quando ha annunciato il suo tour &#8211; che ha registrato il sold out nelle date annunciate, con oltre 2,6 milioni di biglietti venduti &#8211; ha spiegato di aver scelto di non esibirsi negli Stati Uniti per il timore che l\u2019ICE potesse fare retate fuori dai suoi concerti, arrestando e mettendo a rischio i suoi tanti fan latini. Per questo ha preferito una <b>residency di ben 30 date a San Juan<\/b>, capitale di Porto Rico. Quando \u00e8 stato svelato che sar\u00e0 Bad Bunny a esibirsi durante l\u2019Halftime show del Super Bowl, in programma domenica 8 febbraio, l\u2019universo Maga \u00e8 andato su tutte le furie, arrivando persino a invitare al boicottaggio dell\u2019evento. E infine, forse la cosa pi\u00f9 importante di tutte: Bad Bunny <b>canta solo in spagnolo<\/b>. Lo fa nei suoi album, nelle sue esibizioni, lo far\u00e0 anche sul palco durante il Super Bowl, segnando una cesura con tutti gli artisti latini che lo hanno preceduto. Negli anni molti di loro infatti hanno dovuto scegliere l\u2019inglese come lingua per raggiungere un\u2019audience mondiale (come Enrique Iglesias), mentre altri hanno rivendicato la loro americanit\u00e0. Bad Bunny \u00e8 portoricano e vuole che si sappia, parla in spagnolo anche quando ritira i premi e, soprattutto, non sente la necessit\u00e0 di cambiare la propria lingua per esprimere la propria arte.<br \/>&#13;<br \/>\n&#13;<br \/>\n&#13;<br \/>\n&#13;<br \/>\n&#13;<br \/>\n&#13;<br \/>\n&#13;<br \/>\n&#13;<br \/>\n&#13;<br \/>\n&#13;<br \/>\n&#13;<br \/>\n&#13;<br \/>\n&#13;<br \/>\n&#13;<br \/>\n&#13;<br \/>\n&#13;<br \/>\n&#13;<br \/>\n&#13;<br \/>\n&#13;<br \/>\n&#13;<br \/>\n&#13;<br \/>\n&#13;<br \/>\n&#13;<br \/>\n&#13;<br \/>\n&#13;<br \/>\n&#13;<br \/>\n&#13;<br \/>\n&#13;<br \/>\n&#13;<br \/>\n&#13;<br \/>\n&#13;<br \/>\n&#13;<br \/>\n&#13;<br \/>\n&#13;<br \/>\n&#13;<br \/>\n&#13;<br \/>\n&#13;<br \/>\n&#13;<br \/>\n&#13;<br \/>\n&#13;<br \/>\n&#13;<br \/>\n&#13;<br \/>\n&#13;<br \/>\n&#13;<br \/>\n&#13;<br \/>\n&#13;<br \/>\n&#13;<br \/>\n&#13;<br \/>\n&#13;<br \/>\n&#13;<br \/>\n&#13;<br \/>\n&#13;<br \/>\n&#13;\n<\/p>\n<p>    Chi \u00e8 Bad Bunny<\/p>\n<p class=\"chapter-paragraph\">Ma com\u2019\u00e8 nato questo fenomeno della musica mondiale? E come un ragazzo di Porto Rico \u00e8 diventato l\u2019artista pi\u00f9 ascoltato globalmente, dimostrando che la lingua non \u00e8 pi\u00f9 una barriera per il successo mainstream, ma un ponte verso un pubblico vasto e alla ricerca di autenticit\u00e0? Nato il 10 marzo 1994, a Vega Baja, cittadina vicino alla capitale San Juan, <b>Benito Antonio Mart\u00ednez Ocasio &#8211; questo \u00e8 il vero nome di Bad Bunny<\/b> &#8211; sognava di fare musica fin da adolescente. Il pap\u00e0 lavorava come camionista, la madre \u00e8 un\u2019insegnante in pensione. Inizia a scrivere i primi brani all\u2019et\u00e0 di 14 anni e poi a pubblicarli, nel 2013, tramite Soundcloud. Il successo arriva con la maggiore et\u00e0. Nel 2015 firma un contratto con l\u2019etichetta Hear this Music. Il suo primo singolo prodotto, Soy Peor, funziona e Bad Bunny diventa famoso. Seguono quindi le collaborazioni con Will Smith e Marc Anthony e poi con Jennifer Lopez. Il terzo disco, El \u00faltimo tour del mundo, ne decreta l\u2019ascesa tra gli artisti pi\u00f9 amati e ascoltati al mondo: l\u2019album vince un Grammy Award e un Latin Grammy come miglior album urban. Nel 2022, due anni dopo, pubblica Un Verano Sin Ti che esordisce direttamente al primo posto della Billboard 200 e si aggiudica cinque dischi di platino. Il 2025 \u00e8 l\u2019anno della consacrazione: il suo album \u00e8 il pi\u00f9 ascoltato per tutto l\u2019anno, i biglietti per il suo tour vengono polverizzati in poche ore, e viene scelto come artista per l\u2019Halftime show del Super Bowl. Il 2026 inizia con un altro record: primo artista latino a vincere Miglior album ai Grammy Award. Bad Bunny ha avuto anche una parentesi come <b>wrestler<\/b>: si \u00e8 esibito sul ring tra il 2021 e il 2023, tanto da essere considerato il miglior non-professionista mai salito sul ring WWE per dedizione e tecnica.<\/p>\n<p>    L&#8217;album \u00abDeb\u00ed Tirar M\u00e1s Fotos\u00bb<\/p>\n<p class=\"chapter-paragraph\">La sua immagine \u00e8 quella del rapper all\u2019americana: successo, bellissime donne, macchine di lusso, partecipazioni a eventi mondani come il Met Gala. Con Deb\u00ed Tirar M\u00e1s Fotos per\u00f2 \u00e8 uscito dai luoghi comuni del genere e racconta una storia che \u00e8 la sua &#8211; quella di un portoricano che lascia il suo Paese e trova fortuna altrove -, ma parla allo stesso tempo a milioni di persone. Deb\u00ed Tirar M\u00e1s Fotos canta infatti la nostalgia di chi emigra da un Paese, lascia la propria casa e i propri affetti &#8211; in cui tutti possono riconoscersi in qualche parte e in qualche forma. Una narrazione che si sublima nel singolo Dtmf, che d\u00e0 il titolo all\u2019album.<\/p>\n<p class=\"chapter-paragraph\">Deb\u00ed tirar m\u00e1s fotos de cuando te tuve<br \/>Deb\u00ed darte m\u00e1s beso\u2019 y abrazo\u2019 las vece\u2019 que pude<br \/>Ey, ojal\u00e1 que los m\u00edo\u2019 nunca se muden<br \/>(traduzione: \u00abAvrei dovuto fare pi\u00f9 foto quando ti avevo \/Avrei dovuto darti pi\u00f9 baci e abbracci quando potevo \/Ehi, spero che i miei non si trasferiscano mai\u00bb)<\/p>\n<p class=\"chapter-paragraph\">\u00abQuando pensi a casa da lontano, cominci ad apprezzarla di pi\u00f9\u00bb, ha detto Bad Bunny, che da anni vive fuori dalla sua Porto Rico. \u00abSi tratta di un album molto speciale, il cui scopo era in parte quello di unire le generazioni in un modo diverso: avere nipoti che condividono la musica con i loro genitori e nonni e celebrare la loro cultura in un modo speciale\u00bb aveva spiegato in un\u2019intervista a Billboard. Da qui la scelta di uscire in una data speciale per il suo Paese d\u2019origine, anche a costo di rischiare una partenza in sordina: \u00abIl 5 gennaio era una domenica, il giorno perfetto, ed era anche la vigilia del giorno dei Re Magi, una data in cui, almeno a Porto Rico, la famiglia si riunisce. Questo era lo scopo. Voglio essere chiaro: conosco il settore e so che pubblicare un album di domenica significa perdere quasi tre giorni di streaming e che questo influisce sulla mia posizione in classifica. Ma questo non mi ha mai preoccupato. Il mio obiettivo non era competere con nessuno. Volevo portare un album con l\u2019essenza di Porto Rico che avrebbe unito le generazioni, risvegliato l\u2019amore per il paese e la cultura e che sarebbe piaciuto alla gente\u00bb.<\/p>\n<p class=\"chapter-paragraph\">Con il suo ultimo album Bad Bunny ha architettato una riuscitissima <b>\u00aboperazione nostalgia\u00bb<\/b>, che ha decretato il successo del suo lavoro. L\u2019artista infatti ha recuperato brani tradizionali dell\u2019isola, legando il \u00abvecchio\u00bb al \u00abnuovo\u00bb per far riscoprire il patrimonio musicale portoricano anche alle nuove generazioni. Nelle 17 tracce del disco Benito canta la storia di chi deve abbandonare il proprio Paese, denunciando in salsa reggaeton (e non solo) la <b>gentrificazione e il colonialismo<\/b> che si intrecciano alla cultura del suo Paese, Porto Rico. E lo fa con testi capaci di parlare al pubblico di temi cos\u00ec complessi, eppure cos\u00ec universali come la nostalgia della famiglia, la malinconia di chi abbandona la casa in cui \u00e8 cresciuto, il peso di dover lasciare chi ami per provare a costruirti la tua strada. Temi che sembrerebbero apparentemente in contrasto con il vento di insofferenza nei confronti dell\u2019altro che imperversa in una parte degli Stati Uniti, ma che invece forse sono una prova del cambiamento culturale in atto, con la riaffermazione con orgoglio delle proprie radici. Le nuove generazioni di latini non vogliono pi\u00f9 nascondersi o rinnegare la propria cultura, ma la rivendicano con orgoglio. <b>La musica e i testi di Bad Bunny sono uno spazio in cui milioni di persone possono riconoscersi e celebrare la propria identit\u00e0 senza limiti<\/b>. E la sua esperienza porta anche un altro messaggio: la musica \u00e8 un linguaggio universale, capace di abbattere qualsiasi barriera quando \u00e8 autentica.<\/p>\n<p class=\"is-last-update\" datetime=\"2026-02-03T12:32:18+01:00\">3 febbraio 2026<\/p>\n<p class=\"is-copyright\">\n            \u00a9 RIPRODUZIONE RISERVATA\n        <\/p>\n","protected":false},"excerpt":{"rendered":"di Alice Scaglioni Dalle origini a Vega Baja alla storica vittoria come Miglior Album ai Grammy: Benito Antonio&hellip;\n","protected":false},"author":3,"featured_media":336308,"comment_status":"","ping_status":"","sticky":false,"template":"","format":"standard","meta":{"footnotes":"","_share_on_mastodon":"0"},"categories":[1443],"tags":[28974,8133,196689,196690,196691,196695,4717,87,119,196696,196697,1615,196698,196699,2852,196700,196692,8807,7756,12168,21758,143935,182061,128247,79671,196701,196702,11439,126279,54765,17174,57290,9808,392,6746,1644,7881,10696,196681,196682,196683,9798,25,1112,1907,203,94308,36631,2152,1909,2097,196684,10814,60405,60406,94305,94306,196703,3737,8956,204,1537,90,89,12034,53943,960,3088,45433,196685,6411,2197,195590,196693,1538,1539,41963,2463,332,2755,23397,196694,9608,23520,3665,10162,1567,1886,26549,26650,196686,196687,196688,3555,2224],"class_list":["post-336307","post","type-post","status-publish","format-standard","has-post-thumbnail","category-musica","tag-affetti","tag-album","tag-album-debi","tag-album-debi-tirar","tag-album-grammy","tag-album-grammy-award","tag-americana","tag-amore","tag-antonio","tag-antonio-martinez","tag-antonio-martinez-ocasio","tag-arte","tag-arte-bad","tag-arte-bad-bunny","tag-artista","tag-artista-ascoltato","tag-artista-latino","tag-artisti","tag-ascoltato","tag-award","tag-bad","tag-bad-bunny","tag-baja","tag-barriera","tag-benito","tag-benito-antonio","tag-benito-antonio-martinez","tag-biglietti","tag-billboard","tag-bowl","tag-brani","tag-bunny","tag-canta","tag-capitale","tag-celebrare","tag-cultura","tag-data","tag-date","tag-debi","tag-debi-tirar","tag-debi-tirar-mas","tag-disco","tag-discorso","tag-domenica","tag-dovuto","tag-entertainment","tag-esibirsi","tag-esprimere","tag-eta","tag-famiglia","tag-far","tag-fotos","tag-generazioni","tag-grammy","tag-grammy-award","tag-halftime","tag-halftime-show","tag-halftime-show-super","tag-ice","tag-inizia","tag-intrattenimento","tag-it","tag-italia","tag-italy","tag-juan","tag-latini","tag-latino","tag-lingua","tag-mas","tag-mas-fotos","tag-messaggio","tag-miglior","tag-miglior-album","tag-miglior-album-grammy","tag-music","tag-musica","tag-nostalgia","tag-parla","tag-politico","tag-porto","tag-porto-rico","tag-portoricano","tag-propria","tag-rico","tag-spagnolo","tag-speciale","tag-storia","tag-successo","tag-super","tag-super-bowl","tag-tirar","tag-tirar-mas","tag-tirar-mas-fotos","tag-tour","tag-vittoria"],"share_on_mastodon":{"url":"","error":"Validation failed: Text character limit of 500 exceeded"},"_links":{"self":[{"href":"https:\/\/www.europesays.com\/it\/wp-json\/wp\/v2\/posts\/336307","targetHints":{"allow":["GET"]}}],"collection":[{"href":"https:\/\/www.europesays.com\/it\/wp-json\/wp\/v2\/posts"}],"about":[{"href":"https:\/\/www.europesays.com\/it\/wp-json\/wp\/v2\/types\/post"}],"author":[{"embeddable":true,"href":"https:\/\/www.europesays.com\/it\/wp-json\/wp\/v2\/users\/3"}],"replies":[{"embeddable":true,"href":"https:\/\/www.europesays.com\/it\/wp-json\/wp\/v2\/comments?post=336307"}],"version-history":[{"count":0,"href":"https:\/\/www.europesays.com\/it\/wp-json\/wp\/v2\/posts\/336307\/revisions"}],"wp:featuredmedia":[{"embeddable":true,"href":"https:\/\/www.europesays.com\/it\/wp-json\/wp\/v2\/media\/336308"}],"wp:attachment":[{"href":"https:\/\/www.europesays.com\/it\/wp-json\/wp\/v2\/media?parent=336307"}],"wp:term":[{"taxonomy":"category","embeddable":true,"href":"https:\/\/www.europesays.com\/it\/wp-json\/wp\/v2\/categories?post=336307"},{"taxonomy":"post_tag","embeddable":true,"href":"https:\/\/www.europesays.com\/it\/wp-json\/wp\/v2\/tags?post=336307"}],"curies":[{"name":"wp","href":"https:\/\/api.w.org\/{rel}","templated":true}]}}