{"id":336524,"date":"2026-02-03T16:31:10","date_gmt":"2026-02-03T16:31:10","guid":{"rendered":"https:\/\/www.europesays.com\/it\/336524\/"},"modified":"2026-02-03T16:31:10","modified_gmt":"2026-02-03T16:31:10","slug":"artemis-ii-in-volo-verso-la-luna-partenza-rinviata-a-marzo-criticita-tecniche-nel-test-finale-con-perdite-di-carburante","status":"publish","type":"post","link":"https:\/\/www.europesays.com\/it\/336524\/","title":{"rendered":"Artemis II in volo verso la Luna, partenza rinviata a marzo: criticit\u00e0 tecniche nel test finale con perdite di carburante"},"content":{"rendered":"<p>La Nasa ha comunicato ufficialmente il rinvio della missione con equipaggio. Gli astronauti escono dalla quarantena. Nuova finestra di lancio dal 6 marzo<\/p>\n<p class=\"chapter-paragraph\"><b>La partenza della missione Artemis II<\/b>, che porter\u00e0 l&#8217;uomo ad orbitare intorno alla Luna,<b> \u00e8 stata rimandata a marzo<\/b>: durante il test finale, il wet dress rehearsal,\u00a0 \u00e8 stata infatti\u00a0 rilevata una <b>perdita di carburante<\/b>. L&#8217;Agenzia spaziale\u00a0 ha annunciato il rinvio attraverso i suoi<a href=\"https:\/\/www.nasa.gov\/blogs\/missions\/2026\/02\/03\/artemis-ii-wet-dress-rehearsal-test-terminated-at-t-515\/\" rel=\"nofollow noreferrer noopener\" target=\"_blank\"> canali ufficiali<\/a>, indicando ora <b>marzo \u00abcome la prima data di lancio possibile per la missione Artemis II\u00bb<\/b>, che avr\u00e0 a bordo quattro astronauti.\u00a0 La prova generale al Kennedy Space Center in Florida deve simulare quel che dovr\u00e0 accadere il giorno del lancio: il rifornimento del razzo Space Launch System (SLS), la chiusura della capsula Orion (che ospiter\u00e0 i quattro astronauti) e lo svuotamento in sicurezza dei serbatoi al termine delle operazioni.<\/p>\n<p class=\"chapter-paragraph\"><a href=\"https:\/\/www.nasa.gov\/blogs\/missions\/2026\/02\/03\/nasa-conducts-artemis-ii-fuel-test-eyes-march-for-launch-opportunity\/\" rel=\"nofollow noreferrer noopener\" target=\"_blank\">Durante le prove la Nasa<\/a> ha tuttavia\u00a0riscontrato importante perdite di carburante.\u00a0Il team di lancio ha cominciato a caricare i<b>l razzo alto 98 metri con idrogeno e ossigeno superfreddi <\/b>nella giornata di luned\u00ec ma ha incontrato quasi subito<b> problemi di fuoriuscita di idrogeno liquido<\/b>. In particolare il team ha <b>dovuto interrompere pi\u00f9 volte il flusso di idrogeno <\/b>a causa delle perdite rilevate all&#8217;interfaccia del cavo ombelicale dell&#8217;albero di servizio di coda utilizzato per convogliare il propellente criogenico allo stadio centrale del razzo. I tecnici hanno tentato di risolvere il problema applicando protocolli gi\u00e0 utilizzati in passato, ma non \u00e8 stato sufficiente. <b>Cos\u00ec il conto alla rovescia \u00e8 stato interrotto definitivamente alle 6,29 italiane <\/b>di marted\u00ec 3 febbraio per una nuova perdita di idrogeno liquido. Il portello della capsula Orion \u00e8 invece stato chiuso seguendo il ciclo di pressurizzazione (operazione svolta due volte perch\u00e9 la capsula \u00e8 stata inavvertitamente sfiatata).    &#13;<br \/>\n&#13;<br \/>\n&#13;<br \/>\n&#13;<br \/>\n&#13;<br \/>\n&#13;<br \/>\n&#13;<br \/>\n&#13;<br \/>\n&#13;<br \/>\n&#13;<br \/>\n&#13;<br \/>\n&#13;<br \/>\n&#13;<br \/>\n&#13;<br \/>\n&#13;<br \/>\n&#13;<br \/>\n&#13;<br \/>\n&#13;<br \/>\n&#13;<br \/>\n&#13;<br \/>\n&#13;<br \/>\n&#13;<br \/>\n&#13;<br \/>\n&#13;<br \/>\n&#13;<br \/>\n&#13;<br \/>\n&#13;<br \/>\n&#13;<br \/>\n&#13;<br \/>\n&#13;<br \/>\n&#13;<br \/>\n&#13;<br \/>\n&#13;<br \/>\n&#13;<br \/>\n&#13;<br \/>\n&#13;<br \/>\n&#13;<br \/>\n&#13;<br \/>\n&#13;<br \/>\n&#13;<br \/>\n&#13;<br \/>\n&#13;<br \/>\n&#13;<br \/>\n&#13;<br \/>\n&#13;<br \/>\n&#13;<br \/>\n&#13;<br \/>\n&#13;<br \/>\n&#13;<br \/>\n&#13;<br \/>\n&#13;<br \/>\n&#13;<br \/>\n&#13;\n<\/p>\n<p class=\"chapter-paragraph\">Anche tre anni fa, con il decollo di Artemis I senza equipaggio, la missione fu rinviata pi\u00f9 volte prima di riuscire finalmente a decollare a causa degli stessi problemi di caricamento dei serbatoi.<br \/>L&#8217;Agenzia spaziale ha chiarito che intende esaminare i dati raccolti e sar\u00e0 valutata pui\u00f9 avanti la necessit\u00e0 di una seconda prova generale. <b>Ora la prossima opportunit\u00e0 di lacio \u00e8 slittata a marzo, nella finestra compresa tra il 6 e l&#8217;11 marzo (eccetto il 10 marzo)<\/b><\/p>\n<p class=\"chapter-paragraph\">Il rinvio significa anche che i quattro astronauti programmati per volare a bordo della navicella spaziale <b>abbandoneranno la quarantena iniziata il 21 gennaio <\/b>per garantire condizioni di salute ottimali e non vi torneranno fino a due settimane prima della definizione della nuova data di lancio.<\/p>\n<p class=\"is-last-update\" datetime=\"2026-02-03T10:13:45+01:00\">3 febbraio 2026<\/p>\n<p class=\"is-copyright\">\n            \u00a9 RIPRODUZIONE RISERVATA\n        <\/p>\n","protected":false},"excerpt":{"rendered":"La Nasa ha comunicato ufficialmente il rinvio della missione con equipaggio. Gli astronauti escono dalla quarantena. Nuova finestra&hellip;\n","protected":false},"author":3,"featured_media":336525,"comment_status":"","ping_status":"","sticky":false,"template":"","format":"standard","meta":{"footnotes":"","_share_on_mastodon":"0"},"categories":[173],"tags":[763,11827,11840,139061,10406,8650,27002,168434,8740,1048,7881,196772,8670,1426,12586,3768,196773,1347,1537,90,89,8298,8682,1351,273,24848,12665,5628,195,198,199,197,200,201,11822,194,196],"class_list":["post-336524","post","type-post","status-publish","format-standard","has-post-thumbnail","category-scienza-e-tecnologia","tag-agenzia","tag-agenzia-spaziale","tag-artemis","tag-artemis-ii","tag-astronauti","tag-bordo","tag-capsula","tag-capsula-orion","tag-carburante","tag-causa","tag-data","tag-data-lancio","tag-equipaggio","tag-finale","tag-finestra","tag-idrogeno","tag-idrogeno-liquido","tag-ii","tag-it","tag-italia","tag-italy","tag-lancio","tag-marzo","tag-missione","tag-nuova","tag-perdite","tag-razzo","tag-rinvio","tag-science","tag-science-and-technology","tag-scienceandtechnology","tag-scienza","tag-scienza-e-tecnologia","tag-scienzaetecnologia","tag-spaziale","tag-technology","tag-tecnologia"],"share_on_mastodon":{"url":"","error":"Validation failed: Text character limit of 500 exceeded"},"_links":{"self":[{"href":"https:\/\/www.europesays.com\/it\/wp-json\/wp\/v2\/posts\/336524","targetHints":{"allow":["GET"]}}],"collection":[{"href":"https:\/\/www.europesays.com\/it\/wp-json\/wp\/v2\/posts"}],"about":[{"href":"https:\/\/www.europesays.com\/it\/wp-json\/wp\/v2\/types\/post"}],"author":[{"embeddable":true,"href":"https:\/\/www.europesays.com\/it\/wp-json\/wp\/v2\/users\/3"}],"replies":[{"embeddable":true,"href":"https:\/\/www.europesays.com\/it\/wp-json\/wp\/v2\/comments?post=336524"}],"version-history":[{"count":0,"href":"https:\/\/www.europesays.com\/it\/wp-json\/wp\/v2\/posts\/336524\/revisions"}],"wp:featuredmedia":[{"embeddable":true,"href":"https:\/\/www.europesays.com\/it\/wp-json\/wp\/v2\/media\/336525"}],"wp:attachment":[{"href":"https:\/\/www.europesays.com\/it\/wp-json\/wp\/v2\/media?parent=336524"}],"wp:term":[{"taxonomy":"category","embeddable":true,"href":"https:\/\/www.europesays.com\/it\/wp-json\/wp\/v2\/categories?post=336524"},{"taxonomy":"post_tag","embeddable":true,"href":"https:\/\/www.europesays.com\/it\/wp-json\/wp\/v2\/tags?post=336524"}],"curies":[{"name":"wp","href":"https:\/\/api.w.org\/{rel}","templated":true}]}}