{"id":336631,"date":"2026-02-03T18:10:10","date_gmt":"2026-02-03T18:10:10","guid":{"rendered":"https:\/\/www.europesays.com\/it\/336631\/"},"modified":"2026-02-03T18:10:10","modified_gmt":"2026-02-03T18:10:10","slug":"scopriamo-arntzen-convocato-dalla-norvegia-u17-linter-ci-punta-forte","status":"publish","type":"post","link":"https:\/\/www.europesays.com\/it\/336631\/","title":{"rendered":"Scopriamo Arntzen: convocato dalla Norvegia U17, l&#8217;Inter ci punta forte"},"content":{"rendered":"<p>Il centrocampista classe 2009, prelevato dal Bod\u00f8\/Glimt, si sta imponendo come uno dei giovani pi\u00f9 interessanti del vivaio nerazzurro<\/p>\n<p>Un altro traguardo per <a href=\"https:\/\/www.fcinter1908.it\/inter-primavera\/news-inter-primavera\/strand-arntzen-inter-allenamento\/\" rel=\"nofollow noopener\" target=\"_blank\">Matheo Arntzen<\/a>: il centrocampista dell&#8217;Inter, classe 2009, ha ricevuto la prima convocazione dalla Norvegia U17 del ct Tore Andre Flo, con cui disputer\u00e0 le amichevoli contro Scozia (mercoled\u00ec 18 febbraio) e Irlanda del Nord (sabato 21 febbraio). Un&#8217;altra soddisfazione nella ancora giovanissima carriera del talentuoso scandinavo, arrivato a Milano nel corso dell&#8217;estate proveniente dal Bod\u00f8\/Glimt e da subito grande protagonista anche in nerazzurro.<\/p>\n<p>Gli inizi in Norvegia\u2014 \u00a0<\/p>\n<p>Mentalit\u00e0 scandinava, colpi e giocate imprevedibili dal sapore latino, Arntzen inizia a giocare a calcio all&#8217;et\u00e0 di 6 anni, militando nel Lands\u00e5s fino ai 14. Le sue qualit\u00e0 emergono prestissimo, motivo per cui viene sempre impiegato con compagni di squadra e contro avversari pi\u00f9 grandi. Successivamente arriva la chiamata del Bod\u00f8\/Glimt, con cui compie la trafila del vivaio arrivando fino in U20. Il suo talento comincia ad essere notato anche al di fuori dei confini nazionali, e nel 2025 \u00e8 l&#8217;Inter ad anticipare la concorrenza e ad assicurarselo, facendogli firmare un contratto fino al 30 giugno 2028.<\/p>\n<p>Impatto immediato\u2014 \u00a0<\/p>\n<p>Arrivato a Milano, Arntzen viene da subito inserito nella formazione U18 di Fautario, da sotto et\u00e0, diventandone una delle colonne fin dalle prime partite. I numeri testimoniano il suo impatto immediato: 18 presenze sulle 20 gare di campionato disputate dall&#8217;Inter, di cui 14 da titolare, e prestazioni che confermano come gli scout nerazzurri ci avessero visto lungo su di lui.<\/p>\n<p>In grado di giocare sia da mezz&#8217;ala che da play, personalit\u00e0, tecnica e visione di gioco di primissimo piano, questo giovane norvegese ha gi\u00e0 avuto modo anche di allenarsi con la Prima Squadra. I vertici interisti puntano molto su di lui, il prossimo step \u00e8 gi\u00e0 scritto: l&#8217;esordio con la Primavera. Continuano di questo passo, il momento non tarder\u00e0 ad arrivare.<\/p>\n<p class=\"is-copyright\">\u00a9 RIPRODUZIONE RISERVATA<\/p>\n","protected":false},"excerpt":{"rendered":"Il centrocampista classe 2009, prelevato dal Bod\u00f8\/Glimt, si sta imponendo come uno dei giovani pi\u00f9 interessanti del vivaio&hellip;\n","protected":false},"author":3,"featured_media":336632,"comment_status":"","ping_status":"","sticky":false,"template":"","format":"standard","meta":{"footnotes":"","_share_on_mastodon":"0"},"categories":[1452],"tags":[5594,196835,104310,56029,79480,721,3153,3155,2152,1595,1740,1889,79482,350,1537,90,89,196833,196834,28,8392,3038,1739,245,244,1857,2529,11383],"class_list":["post-336631","post","type-post","status-publish","format-standard","has-post-thumbnail","category-calcio","tag-ala","tag-ala-play","tag-arntzen","tag-bodo","tag-bodo-glimt","tag-calcio","tag-centrocampista","tag-classe","tag-eta","tag-febbraio","tag-football","tag-giocare","tag-glimt","tag-inter","tag-it","tag-italia","tag-italy","tag-matheo","tag-matheo-arntzen","tag-milano","tag-nerazzurro","tag-norvegia","tag-soccer","tag-sport","tag-sports","tag-squadra","tag-viene","tag-vivaio"],"share_on_mastodon":{"url":"https:\/\/pubeurope.com\/@it\/116008047277369116","error":""},"_links":{"self":[{"href":"https:\/\/www.europesays.com\/it\/wp-json\/wp\/v2\/posts\/336631","targetHints":{"allow":["GET"]}}],"collection":[{"href":"https:\/\/www.europesays.com\/it\/wp-json\/wp\/v2\/posts"}],"about":[{"href":"https:\/\/www.europesays.com\/it\/wp-json\/wp\/v2\/types\/post"}],"author":[{"embeddable":true,"href":"https:\/\/www.europesays.com\/it\/wp-json\/wp\/v2\/users\/3"}],"replies":[{"embeddable":true,"href":"https:\/\/www.europesays.com\/it\/wp-json\/wp\/v2\/comments?post=336631"}],"version-history":[{"count":0,"href":"https:\/\/www.europesays.com\/it\/wp-json\/wp\/v2\/posts\/336631\/revisions"}],"wp:featuredmedia":[{"embeddable":true,"href":"https:\/\/www.europesays.com\/it\/wp-json\/wp\/v2\/media\/336632"}],"wp:attachment":[{"href":"https:\/\/www.europesays.com\/it\/wp-json\/wp\/v2\/media?parent=336631"}],"wp:term":[{"taxonomy":"category","embeddable":true,"href":"https:\/\/www.europesays.com\/it\/wp-json\/wp\/v2\/categories?post=336631"},{"taxonomy":"post_tag","embeddable":true,"href":"https:\/\/www.europesays.com\/it\/wp-json\/wp\/v2\/tags?post=336631"}],"curies":[{"name":"wp","href":"https:\/\/api.w.org\/{rel}","templated":true}]}}