{"id":336661,"date":"2026-02-03T18:37:09","date_gmt":"2026-02-03T18:37:09","guid":{"rendered":"https:\/\/www.europesays.com\/it\/336661\/"},"modified":"2026-02-03T18:37:09","modified_gmt":"2026-02-03T18:37:09","slug":"il-giocatore-giusto-nel-modo-sbagliato-tre-riflessioni-su-luca-marianucci","status":"publish","type":"post","link":"https:\/\/www.europesays.com\/it\/336661\/","title":{"rendered":"Il giocatore giusto\u2026 nel modo sbagliato: tre riflessioni su Luca Marianucci"},"content":{"rendered":"<p>Un&#8217;ottima idea iniziale che casi avversi hanno trasformato in un riparo: analizziamo l&#8217;operazione che ha portato Marianucci in granata<\/p>\n<p>Era solo il 21 dicembre quando Gianluca Petrachi per la prima volta parlava di Luca <strong>Marianucci<\/strong>. Un nome che gi\u00e0 da inizio mese aveva iniziato a circolare, quindi ben prima della reale apertura del calciomercato. Un nome che, in effetti, al Torino piaceva eccome. Ma c&#8217;era un grosso ostacolo: la formula.\u00a0&#8220;Lui \u00e8 di sicuro un giocatore interessante, un giovane che sta facendo benissimo, ma c&#8217;\u00e8 un presupposto per questo mercato: non voglio giocatori di passaggio. Mi piacerebbero giocatori che arrivano con l&#8217;idea di rimanere a lungo, perch\u00e9 solo cos\u00ec si instaura un senso di appartenenza&#8221;,<a style=\"color: #800000;\" href=\"https:\/\/www.toronews.net\/calcio-mercato\/petrachi-pre-sassuolo-torino-marianucci-no-a-giocatori-di-passaggio\/\" rel=\"nofollow noopener\" target=\"_blank\">affermava il DS granata prima di Sassuolo-Torino<\/a>, proprio in quel 21 dicembre. Un grande messaggio: no a &#8220;giocatori di passaggio&#8221;, no a &#8220;crescere giovani di altri&#8221;, s\u00ec a &#8220;creare un senso di appartenenza&#8221;. Poi <a style=\"color: #800000;\" href=\"https:\/\/www.instagram.com\/p\/DULRjb_CB4W\/\" rel=\"nofollow noopener\" target=\"_blank\">Marianucci \u00e8 arrivato davvero<\/a>&#8230;<\/p>\n<p>Marianucci: il giocatore giusto&#8230;\u2014 \u00a0<\/p>\n<p>Se si \u00e8 iniziato ad accostare Marianucci al Torino, \u00e8 perch\u00e9 il profilo \u00e8 decisamente quello giusto. La dirigenza granata si \u00e8 mossa dall&#8217;inizio del calciomercato con alcune necessit\u00e0 ma una priorit\u00e0 assoluta: un difensore centrale. Le linee guida stabilite da Petrachi, in accordo con il tecnico, erano chiare da subito: un profilo giovane, duttile, in grado di adattarsi a varie posizioni (tra centrale e braccetto), prestante fisicamente e con il quale iniziare ad ipotizzare un futuro. A livello di duttilit\u00e0 ci siamo: tra Empoli, Napoli e nazionali, Marianucci ha giocato in diverse posizioni, tra centrale, braccetto e all&#8217;occorrenza anche mediano. Anche a livello di fisico, con i suoi 186 cm di altezza e i suoi 76 kg di peso, si pone tra i giocatori che creano spessore in area di rigore. Quando a et\u00e0 e futuribilit\u00e0, nulla si pu\u00f2 dire a un classe 2004. Ecco perch\u00e9 il Torino ha da subito cercato lui per mettere una toppa, e anche qualcosa in pi\u00f9, in difesa.<\/p>\n<p>&#8230; nel modo sbagliato\u2014 \u00a0<\/p>\n<p>La modalit\u00e0 con cui \u00e8 arrivato, per\u00f2, annulla se non tutto almeno buona parte di quanto abbiamo analizzato finora. Luca Marianucci si \u00e8 trasferito da Napoli a Torino con la formula del prestito secco: il 30 giugno di quest&#8217;anno, il classe 2004 di Livorno far\u00e0 ritorno al club partenopeo. Questo annulla le parole di Petrachi che abbiamo ripreso in apertura: &#8220;No a giocatori di passaggio&#8221;. Certo, va detto che non \u00e8, in realt\u00e0, dipeso dai granata. Il Torino aveva chiuso per un altro profilo che ben rispettava le caratteristiche descritte sopra: il 2003 brasiliano Jo\u00e3o Pedro Tchoca. Alcuni problemi nelle visite mediche, per\u00f2, hanno bloccato la trattativa e Cairo \u00e8 dovuto tornare da De Laurentiis accontentandosi sulla formula. Il prestito secco, prima rifiutato, \u00e8 diventato l&#8217;unica opzione per avere un difensore pronto da regalare a Baroni per la seconda parte di stagione. Questa formula, di certo, come non soddisfa i tifosi e non soddisfa neanche la dirigenza granata.<\/p>\n<p>Marianucci: e adesso?\u2014 \u00a0<\/p>\n<p>Adesso, per\u00f2, bisogna sfruttare quanto si ha a disposizione. L&#8217;abbiamo detto, Marianucci non arriva certo con la modalit\u00e0 che il Torino avrebbe voluto. Ora per\u00f2 \u00e8 in granata e bisogna sfruttarlo, almeno fino a giugno, quando torner\u00e0 a Napoli. Le prestazioni di Tameze hanno convinto molto poco, Coco spesso si \u00e8 mostrato disattento e Ismajli ha diverse fragilit\u00e0 fisiche che lo tengono fuori a fasi alterne. Un difensore pronto e di qualit\u00e0 come Marianucci, per quanto la futuribilit\u00e0 sia annullata dalla formula, \u00e8 fondamentale per il Toro in questa stagione: Baroni deve farne un protagonista finch\u00e9 ce l&#8217;ha. Poi magari in estate, se si sar\u00e0 trovato bene sotto la Mole e se Conte non gli garantir\u00e0 un certo minutaggio, potr\u00e0 fare ritorno a Torino con una formula diversa. Mai dire mai.<\/p>\n<p class=\"is-copyright\">\u00a9 RIPRODUZIONE RISERVATA<\/p>\n<p><script async src=\"\/\/www.instagram.com\/embed.js\"><\/script><\/p>\n","protected":false},"excerpt":{"rendered":"Un&#8217;ottima idea iniziale che casi avversi hanno trasformato in un riparo: analizziamo l&#8217;operazione che ha portato Marianucci in&hellip;\n","protected":false},"author":3,"featured_media":336662,"comment_status":"","ping_status":"","sticky":false,"template":"","format":"standard","meta":{"footnotes":"","_share_on_mastodon":"0"},"categories":[1452],"tags":[839,41291,915,7397,3077,6097,391,3439,6253,721,353,925,196856,3155,1888,4053,196857,5524,5525,5115,1740,3341,26223,196858,196859,564,196860,3412,159686,229,1975,5197,1537,90,89,6991,69924,69956,248,2511,116505,2717,1739,245,244,1641],"class_list":["post-336661","post","type-post","status-publish","format-standard","has-post-thumbnail","category-calcio","tag-almeno","tag-annulla","tag-apertura","tag-appartenenza","tag-arrivato","tag-baroni","tag-ben","tag-bisogna","tag-braccetto","tag-calcio","tag-calciomercato","tag-centrale","tag-centrale-braccetto","tag-classe","tag-dicembre","tag-difensore","tag-difensore-pronto","tag-dirigenza","tag-dirigenza-granata","tag-diverse","tag-football","tag-formula","tag-formula-prestito","tag-formula-prestito-secco","tag-futuribilita","tag-giocatore","tag-giocatore-giusto","tag-giocatori","tag-giocatori-passaggio","tag-giovane","tag-giusto","tag-granata","tag-it","tag-italia","tag-italy","tag-luca","tag-luca-marianucci","tag-marianucci","tag-napoli","tag-passaggio","tag-petrachi","tag-profilo","tag-soccer","tag-sport","tag-sports","tag-torino"],"share_on_mastodon":{"url":"","error":"Validation failed: Text character limit of 500 exceeded"},"_links":{"self":[{"href":"https:\/\/www.europesays.com\/it\/wp-json\/wp\/v2\/posts\/336661","targetHints":{"allow":["GET"]}}],"collection":[{"href":"https:\/\/www.europesays.com\/it\/wp-json\/wp\/v2\/posts"}],"about":[{"href":"https:\/\/www.europesays.com\/it\/wp-json\/wp\/v2\/types\/post"}],"author":[{"embeddable":true,"href":"https:\/\/www.europesays.com\/it\/wp-json\/wp\/v2\/users\/3"}],"replies":[{"embeddable":true,"href":"https:\/\/www.europesays.com\/it\/wp-json\/wp\/v2\/comments?post=336661"}],"version-history":[{"count":0,"href":"https:\/\/www.europesays.com\/it\/wp-json\/wp\/v2\/posts\/336661\/revisions"}],"wp:featuredmedia":[{"embeddable":true,"href":"https:\/\/www.europesays.com\/it\/wp-json\/wp\/v2\/media\/336662"}],"wp:attachment":[{"href":"https:\/\/www.europesays.com\/it\/wp-json\/wp\/v2\/media?parent=336661"}],"wp:term":[{"taxonomy":"category","embeddable":true,"href":"https:\/\/www.europesays.com\/it\/wp-json\/wp\/v2\/categories?post=336661"},{"taxonomy":"post_tag","embeddable":true,"href":"https:\/\/www.europesays.com\/it\/wp-json\/wp\/v2\/tags?post=336661"}],"curies":[{"name":"wp","href":"https:\/\/api.w.org\/{rel}","templated":true}]}}