{"id":336807,"date":"2026-02-03T20:52:13","date_gmt":"2026-02-03T20:52:13","guid":{"rendered":"https:\/\/www.europesays.com\/it\/336807\/"},"modified":"2026-02-03T20:52:13","modified_gmt":"2026-02-03T20:52:13","slug":"sondaggio-quale-voto-merita-il-mercato-invernale-del-torino","status":"publish","type":"post","link":"https:\/\/www.europesays.com\/it\/336807\/","title":{"rendered":"Sondaggio \u2013 Quale voto merita il mercato invernale del Torino?"},"content":{"rendered":"<p>Tra acquisti e cessioni quale voto merita il mercato invernale del Torino?<\/p>\n<p>Ieri sera, alle <strong data-start=\"156\" data-end=\"181\">20:00 del 2 febbraio<\/strong>, si \u00e8 chiusa ufficialmente la sessione invernale di calciomercato. Un mercato ambivalente per il <strong data-start=\"278\" data-end=\"288\">Torino<\/strong>, con cinque nuovi innesti e altrettante cessioni, ma che ha lasciato anche molti interrogativi. Nonostante il direttore sportivo granata Gianluca Petrachi abbia fatto il possibile per regalare a Baroni gli innesti giusti per questa seconda parte di stagione, il mercato granata non sembra aver rinforzato la rosa.<\/p>\n<p>Torino, acquisti e cessioni del mercato invernale\u2014 \u00a0<\/p>\n<p>Sul fronte degli acquisti, la societ\u00e0 ha lavorato principalmente sul reparto difensivo.\u00a0In difesa sono arrivati <strong>Obrador <\/strong>(prestito da Benfica)<strong>, Marianucci <\/strong>(prestito secco dal Napoli) e <strong>Ebosse<\/strong>, ingaggiato proprio nell\u2019ultimo giorno. A centrocampo \u00e8 approdato dal Cagliari <strong>Prati<\/strong> mentre nel reparto offensivo \u00e8 arrivato dalla Dinamo Zagabria <strong>Kulenovic<\/strong>. Sul piano delle uscite, il Torino ha interrotto i prestiti di <strong>Asllani<\/strong>, andato al Besiktas, e <strong>Ngonge,<\/strong> in Spagna all&#8217;Espanyol. A questi si aggiungono le partenze di Miahi <strong>Popa<\/strong>, trasferimento a titolo definitivo al Cluj, e Ali <strong>Dembele <\/strong>in prestito al Mantova per trovare spazio e minuti lontano da Torino. Infine, Adam\u00a0<strong>Masina<\/strong> ha rescisso il proprio contratto con il club granata. Tuttavia, la rivoluzione che la dirigenza granata aveva in mente \u00e8 riuscita a met\u00e0. Cristiano Biraghi non \u00e8 stato ceduto. Ha un contratto fino al 2027 ma \u00e8 un esubero della squadra di Baroni. Ha rifiutato Verona e Monza e ora rischia di restare ai margini. Nkounkou \u00e8 fuori rosa come Sazonov e Baroni non lo schiera per non far scattare l&#8217;obbligo di riscatto. Ilic \u00e8 ai box per una lombosciatalgia ma il club granata cerca di piazzarlo sul mercato da un anno senza riuscirci. La Redazione chiede ora ai propri lettori di esprimersi, assegnando una valutazione al mercato svolto dal Torino quest&#8217;estate.<\/p>\n<p class=\"is-copyright\">\u00a9 RIPRODUZIONE RISERVATA<\/p>\n","protected":false},"excerpt":{"rendered":"Tra acquisti e cessioni quale voto merita il mercato invernale del Torino? Ieri sera, alle 20:00 del 2&hellip;\n","protected":false},"author":3,"featured_media":336808,"comment_status":"","ping_status":"","sticky":false,"template":"","format":"standard","meta":{"footnotes":"","_share_on_mastodon":"0"},"categories":[1452],"tags":[5881,11093,6097,721,5681,554,12144,6693,1740,5197,12149,72813,196948,1537,90,89,1412,143547,196949,16779,196950,196951,6840,5528,1739,245,244,1641],"class_list":["post-336807","post","type-post","status-publish","format-standard","has-post-thumbnail","category-calcio","tag-acquisti","tag-acquisti-cessioni","tag-baroni","tag-calcio","tag-cessioni","tag-club","tag-club-granata","tag-contratto","tag-football","tag-granata","tag-innesti","tag-invernale","tag-invernale-torino","tag-it","tag-italia","tag-italy","tag-mercato","tag-mercato-invernale","tag-mercato-invernale-torino","tag-merita","tag-merita-mercato","tag-merita-mercato-invernale","tag-prestito","tag-reparto","tag-soccer","tag-sport","tag-sports","tag-torino"],"share_on_mastodon":{"url":"https:\/\/pubeurope.com\/@it\/116008684812605059","error":""},"_links":{"self":[{"href":"https:\/\/www.europesays.com\/it\/wp-json\/wp\/v2\/posts\/336807","targetHints":{"allow":["GET"]}}],"collection":[{"href":"https:\/\/www.europesays.com\/it\/wp-json\/wp\/v2\/posts"}],"about":[{"href":"https:\/\/www.europesays.com\/it\/wp-json\/wp\/v2\/types\/post"}],"author":[{"embeddable":true,"href":"https:\/\/www.europesays.com\/it\/wp-json\/wp\/v2\/users\/3"}],"replies":[{"embeddable":true,"href":"https:\/\/www.europesays.com\/it\/wp-json\/wp\/v2\/comments?post=336807"}],"version-history":[{"count":0,"href":"https:\/\/www.europesays.com\/it\/wp-json\/wp\/v2\/posts\/336807\/revisions"}],"wp:featuredmedia":[{"embeddable":true,"href":"https:\/\/www.europesays.com\/it\/wp-json\/wp\/v2\/media\/336808"}],"wp:attachment":[{"href":"https:\/\/www.europesays.com\/it\/wp-json\/wp\/v2\/media?parent=336807"}],"wp:term":[{"taxonomy":"category","embeddable":true,"href":"https:\/\/www.europesays.com\/it\/wp-json\/wp\/v2\/categories?post=336807"},{"taxonomy":"post_tag","embeddable":true,"href":"https:\/\/www.europesays.com\/it\/wp-json\/wp\/v2\/tags?post=336807"}],"curies":[{"name":"wp","href":"https:\/\/api.w.org\/{rel}","templated":true}]}}